{"id":31460,"date":"2023-04-21T08:56:53","date_gmt":"2023-04-21T11:56:53","guid":{"rendered":"http:\/\/dsrmedios.com.ar\/diario\/?p=31460"},"modified":"2023-04-21T08:58:36","modified_gmt":"2023-04-21T11:58:36","slug":"el-sindicalismo-cuestiono-la-decision-de-alberto-fernandez-se-tendria-que-haber-tomado-antes","status":"publish","type":"post","link":"http:\/\/dsrmedios.com.ar\/diario\/archivos\/31460","title":{"rendered":"El sindicalismo cuestion\u00f3 la decisi\u00f3n de Alberto Fern\u00e1ndez: \u201cSe tendr\u00eda que haber tomado antes\u201d"},"content":{"rendered":"\n<p>El titular del Sindicato de Canillita y miembro de la CGT, Omar Plaini, se refiri\u00f3 que al anuncio de&nbsp;<a href=\"https:\/\/tn.com.ar\/politica\/2023\/04\/21\/alberto-fernandez-anuncio-que-no-ira-por-su-reeleccion\/\" target=\"_blank\" rel=\"noreferrer noopener\"><strong>Alberto Fern\u00e1ndez<\/strong>&nbsp;<strong>de no ir por la reelecci\u00f3n<\/strong><\/a>&nbsp;y asegur\u00f3 que \u201cla decisi\u00f3n tendr\u00eda que haber llegado antes. \u201cLo \u00fanico que no se recupera es el tiempo. Tenemos igual algo de tiempo para revertir la situaci\u00f3n. Lo que no se ha hecho es haber tomado pol\u00edticas p\u00fablicas para resolver el cuadro econ\u00f3mico actual\u201d, agreg\u00f3 Plaini.<\/p>\n\n\n\n<p>\u201c<strong>El contexto social y econ\u00f3mico no permite especulaci\u00f3n<\/strong>. El aporte que hay que hacer hoy es iniciativa publica. Est\u00e1 claro que no alcanz\u00f3 con articular desde el Estado y los sectores de poder\u201d, sostuvo el sindicalista en declaraciones radiales a&nbsp;<em>El Destape<\/em>.<\/p>\n\n\n\n<p>Fuente: TN<\/p>\n","protected":false},"excerpt":{"rendered":"<div class=\"mh-excerpt\"><p>El titular del Sindicato de Canillita y miembro de la CGT, Omar Plaini, se refiri\u00f3 que al anuncio de&nbsp;Alberto Fern\u00e1ndez&nbsp;de no ir por la reelecci\u00f3n&nbsp;y asegur\u00f3 que \u201cla decisi\u00f3n tendr\u00eda que haber llegado antes. \u201cLo \u00fanico que no se recupera es el tiempo. Tenemos igual algo de tiempo para revertir la situaci\u00f3n. Lo que no se ha hecho es haber tomado pol\u00edticas p\u00fablicas para resolver el cuadro econ\u00f3mico actual\u201d, agreg\u00f3 Plaini. \u201cEl contexto social y econ\u00f3mico no permite especulaci\u00f3n. El aporte que hay que hacer hoy es iniciativa publica. Est\u00e1 claro que no alcanz\u00f3 con articular desde el Estado y <a class=\"mh-excerpt-more\" href=\"http:\/\/dsrmedios.com.ar\/diario\/archivos\/31460\" title=\"El sindicalismo cuestion\u00f3 la decisi\u00f3n de Alberto Fern\u00e1ndez: \u201cSe tendr\u00eda que haber tomado antes\u201d\">[Leer m\u00e1s]<\/a><\/p>\n<\/div>","protected":false},"author":6,"featured_media":31462,"comment_status":"open","ping_status":"closed","sticky":false,"template":"","format":"standard","meta":{"_jetpack_newsletter_access":""},"categories":[6],"tags":[],"jetpack_featured_media_url":"http:\/\/dsrmedios.com.ar\/diario\/wp-content\/uploads\/2023\/04\/images-17.jpg","jetpack_sharing_enabled":true,"jetpack_shortlink":"https:\/\/wp.me\/p9fihK-8bq","_links":{"self":[{"href":"http:\/\/dsrmedios.com.ar\/diario\/wp-json\/wp\/v2\/posts\/31460"}],"collection":[{"href":"http:\/\/dsrmedios.com.ar\/diario\/wp-json\/wp\/v2\/posts"}],"about":[{"href":"http:\/\/dsrmedios.com.ar\/diario\/wp-json\/wp\/v2\/types\/post"}],"author":[{"embeddable":true,"href":"http:\/\/dsrmedios.com.ar\/diario\/wp-json\/wp\/v2\/users\/6"}],"replies":[{"embeddable":true,"href":"http:\/\/dsrmedios.com.ar\/diario\/wp-json\/wp\/v2\/comments?post=31460"}],"version-history":[{"count":2,"href":"http:\/\/dsrmedios.com.ar\/diario\/wp-json\/wp\/v2\/posts\/31460\/revisions"}],"predecessor-version":[{"id":31463,"href":"http:\/\/dsrmedios.com.ar\/diario\/wp-json\/wp\/v2\/posts\/31460\/revisions\/31463"}],"wp:featuredmedia":[{"embeddable":true,"href":"http:\/\/dsrmedios.com.ar\/diario\/wp-json\/wp\/v2\/media\/31462"}],"wp:attachment":[{"href":"http:\/\/dsrmedios.com.ar\/diario\/wp-json\/wp\/v2\/media?parent=31460"}],"wp:term":[{"taxonomy":"category","embeddable":true,"href":"http:\/\/dsrmedios.com.ar\/diario\/wp-json\/wp\/v2\/categories?post=31460"},{"taxonomy":"post_tag","embeddable":true,"href":"http:\/\/dsrmedios.com.ar\/diario\/wp-json\/wp\/v2\/tags?post=31460"}],"curies":[{"name":"wp","href":"https:\/\/api.w.org\/{rel}","templated":true}]}}