{"id":31455,"date":"2023-04-21T08:53:44","date_gmt":"2023-04-21T11:53:44","guid":{"rendered":"http:\/\/dsrmedios.com.ar\/diario\/?p=31455"},"modified":"2023-04-21T08:53:48","modified_gmt":"2023-04-21T11:53:48","slug":"alberto-fernandez-anuncio-que-no-ira-por-su-reeleccion","status":"publish","type":"post","link":"http:\/\/dsrmedios.com.ar\/diario\/archivos\/31455","title":{"rendered":"Alberto Fern\u00e1ndez anunci\u00f3 que no ir\u00e1 por su reelecci\u00f3n"},"content":{"rendered":"\n<p><strong>Alberto Fern\u00e1ndez<\/strong>&nbsp;anunci\u00f3 que&nbsp;<strong>no ir\u00e1 por su reelecci\u00f3n<\/strong>. A trav\u00e9s de las redes sociales, el Presidente comparti\u00f3 un video en el que confirm\u00f3 que&nbsp;<strong>se bajaba de las elecciones<\/strong>.<\/p>\n\n\n\n<p>El clip, titulado \u201cMi decisi\u00f3n\u201d dura poco menos de ocho minutos y el mandatario hace un repaso de su gesti\u00f3n y termina diciendo que el pr\u00f3ximo 10 de diciembre\u00a0<strong>entregar\u00e1 \u201cla banda presidencial a quien haya sido leg\u00edtimamente elegido en las urnas por el voto popular<\/strong>\u201d. Tambi\u00e9n prometi\u00f3 que trabajar\u00e1 \u201cfervientemente para que sea un compa\u00f1ero o compa\u00f1era\u201d del Frente de Todos \u201cque represente a aquellos por quienes seguimos luchando por una patria justa, con equidad y felicidad para todos y todas\u201d.<\/p>\n\n\n\n<p>El inesperado mensaje de Alberto Fern\u00e1ndez lleg\u00f3 horas antes de que se reuniera la mesa pol\u00edtica del Consejo del PJ y tras semanas de una&nbsp;<strong>creciente presi\u00f3n desde el kirchnerismo<\/strong>&nbsp;para que se bajara de los comicios y le dejara el camino libre a Cristina Kirchner para definir la estrategia electoral. Una presi\u00f3n a la que tambi\u00e9n se hab\u00eda sumado el massismo.<\/p>\n\n\n\n<figure class=\"wp-block-image\"><img decoding=\"async\" src=\"https:\/\/tn.com.ar\/resizer\/9X16g6LBYK9P3rmGRm--u_scYjE=\/767x0\/smart\/filters:format(webp)\/cloudfront-us-east-1.images.arcpublishing.com\/artear\/ODGKEZ3LXYLK72GDFHEAN42BEQ.jpg\" alt=\"Alberto Fern\u00e1ndez dijo que tiene que &quot;concentrar su esfuerzo, su compromiso y coraz\u00f3n en resolver los problemas de los argentinos. (Foto: Reuters\/Tom\u00e1s Cuesta).\"\/><figcaption class=\"wp-element-caption\">Alberto Fern\u00e1ndez dijo que tiene que &#8220;concentrar su esfuerzo, su compromiso y coraz\u00f3n en resolver los problemas de los argentinos. (Foto: Reuters\/Tom\u00e1s Cuesta).Por:&nbsp;<strong>REUTERS<\/strong><\/figcaption><\/figure>\n\n\n\n<p>\u201cNunca antepuse una misi\u00f3n personal a la necesidad del conjunto. Como militante peronista siempre supe que&nbsp;<strong>primero estaba la patria, despu\u00e9s el movimiento y por \u00faltimo los hombres<\/strong>. Es por esto que voy a cumplir con esta escala de prioridades\u201d, recalc\u00f3 alberto Fern\u00e1ndez.<\/p>\n\n\n\n<p>En el video, que arranca con im\u00e1genes de la asunci\u00f3n de N\u00e9stor Kirchner, el Presidente enumera con voz en off las razones que lo llevaron a tomar esa decisi\u00f3n y las dificultades que enfrent\u00f3: la deuda con el FMI contraida por la administraci\u00f3n de Mauricio Macri, los efectos de la pandemia, la guerra en Ucrania y la sequ\u00eda.<\/p>\n\n\n\n<p>El Presidente reconoci\u00f3 que \u201cno logramos todo lo que nos propusimos\u201d en su gesti\u00f3n de Gobierno, pero destac\u00f3 que no adopt\u00f3 \u201cuna sola medida en contra de nuestro pueblo\u201d.<\/p>\n\n\n\n<p>\u201c<strong>Tengo que concentrar mi esfuerzo, mi compromiso y coraz\u00f3n en resolver los problemas de los argentinos<\/strong>\u201d, expres\u00f3 Fern\u00e1ndez, dando a entender que \u201cel contexto econ\u00f3mico\u201d lo obliga a dedicarse a la gesti\u00f3n de la crisis econ\u00f3mica, en una semana en la que el d\u00f3lar blue alcanz\u00f3 los 440 pesos.<\/p>\n\n\n\n<h2>Democratizar el Frente de Todos<\/h2>\n\n\n\n<p>Alberto Fern\u00e1ndez tambi\u00e9n&nbsp;<a href=\"https:\/\/tn.com.ar\/politica\/2023\/03\/30\/alberto-fernandez-comparo-a-javier-milei-con-hitler-es-una-amenaza-a-la-democracia\/\" target=\"_blank\" rel=\"noreferrer noopener\">reiter\u00f3 su llamado<\/a>&nbsp;a&nbsp;<strong>\u201cdemocratizar\u201d el Frente de Todos<\/strong>&nbsp;y que las candidaturas se definan en unas primarias, una idea que provoca el rechazo del kirchnerismo: \u201c<strong>d\u00e9mosle la lapicera a cada militante\u201d, dijo.<\/strong><\/p>\n\n\n\n<p>\u201cEl peronismo del siglo 21 no puede ignorar las demandas de participaci\u00f3n de nuestros militantes\u201d, consider\u00f3. \u201cCreo que las&nbsp;<strong>PASO&nbsp;<\/strong>son el veh\u00edculo para que la sociedad seleccione los mejores hombres y mujeres de nuestro frente que mejor nos representen en las pr\u00f3ximas elecciones generales. Como presidente del Partido Justicialista voy a garantizar que todos los que se sientan capacitados para encarar este desaf\u00edo puedan hacerlo\u201d, dijo al respecto.<\/p>\n\n\n\n<p>\u201cNecesitamos revitalizarnos\u201d, manifest\u00f3 Alberto Fern\u00e1ndez ante el auge del libertario Javier Milei en las encuestas. \u201cEl peronismo tiene la fuerza, la militancia y los cuadros para lograr la victoria\u201d, agreg\u00f3.<\/p>\n\n\n\n<p>Fuente: TN<\/p>\n","protected":false},"excerpt":{"rendered":"<div class=\"mh-excerpt\"><p>Alberto Fern\u00e1ndez&nbsp;anunci\u00f3 que&nbsp;no ir\u00e1 por su reelecci\u00f3n. A trav\u00e9s de las redes sociales, el Presidente comparti\u00f3 un video en el que confirm\u00f3 que&nbsp;se bajaba de las elecciones. El clip, titulado \u201cMi decisi\u00f3n\u201d dura poco menos de ocho minutos y el mandatario hace un repaso de su gesti\u00f3n y termina diciendo que el pr\u00f3ximo 10 de diciembre\u00a0entregar\u00e1 \u201cla banda presidencial a quien haya sido leg\u00edtimamente elegido en las urnas por el voto popular\u201d. Tambi\u00e9n prometi\u00f3 que trabajar\u00e1 \u201cfervientemente para que sea un compa\u00f1ero o compa\u00f1era\u201d del Frente de Todos \u201cque represente a aquellos por quienes seguimos luchando por una patria justa, <a class=\"mh-excerpt-more\" href=\"http:\/\/dsrmedios.com.ar\/diario\/archivos\/31455\" title=\"Alberto Fern\u00e1ndez anunci\u00f3 que no ir\u00e1 por su reelecci\u00f3n\">[Leer m\u00e1s]<\/a><\/p>\n<\/div>","protected":false},"author":6,"featured_media":29246,"comment_status":"open","ping_status":"closed","sticky":false,"template":"","format":"standard","meta":{"_jetpack_newsletter_access":""},"categories":[6],"tags":[],"jetpack_featured_media_url":"http:\/\/dsrmedios.com.ar\/diario\/wp-content\/uploads\/2022\/09\/fernandezalberto.jpg","jetpack_sharing_enabled":true,"jetpack_shortlink":"https:\/\/wp.me\/p9fihK-8bl","_links":{"self":[{"href":"http:\/\/dsrmedios.com.ar\/diario\/wp-json\/wp\/v2\/posts\/31455"}],"collection":[{"href":"http:\/\/dsrmedios.com.ar\/diario\/wp-json\/wp\/v2\/posts"}],"about":[{"href":"http:\/\/dsrmedios.com.ar\/diario\/wp-json\/wp\/v2\/types\/post"}],"author":[{"embeddable":true,"href":"http:\/\/dsrmedios.com.ar\/diario\/wp-json\/wp\/v2\/users\/6"}],"replies":[{"embeddable":true,"href":"http:\/\/dsrmedios.com.ar\/diario\/wp-json\/wp\/v2\/comments?post=31455"}],"version-history":[{"count":1,"href":"http:\/\/dsrmedios.com.ar\/diario\/wp-json\/wp\/v2\/posts\/31455\/revisions"}],"predecessor-version":[{"id":31459,"href":"http:\/\/dsrmedios.com.ar\/diario\/wp-json\/wp\/v2\/posts\/31455\/revisions\/31459"}],"wp:featuredmedia":[{"embeddable":true,"href":"http:\/\/dsrmedios.com.ar\/diario\/wp-json\/wp\/v2\/media\/29246"}],"wp:attachment":[{"href":"http:\/\/dsrmedios.com.ar\/diario\/wp-json\/wp\/v2\/media?parent=31455"}],"wp:term":[{"taxonomy":"category","embeddable":true,"href":"http:\/\/dsrmedios.com.ar\/diario\/wp-json\/wp\/v2\/categories?post=31455"},{"taxonomy":"post_tag","embeddable":true,"href":"http:\/\/dsrmedios.com.ar\/diario\/wp-json\/wp\/v2\/tags?post=31455"}],"curies":[{"name":"wp","href":"https:\/\/api.w.org\/{rel}","templated":true}]}}