{"id":31439,"date":"2023-04-21T07:23:03","date_gmt":"2023-04-21T10:23:03","guid":{"rendered":"http:\/\/dsrmedios.com.ar\/diario\/?p=31439"},"modified":"2023-04-21T07:23:07","modified_gmt":"2023-04-21T10:23:07","slug":"el-gobierno-le-impone-un-plan-de-obras-a-edesur","status":"publish","type":"post","link":"http:\/\/dsrmedios.com.ar\/diario\/archivos\/31439","title":{"rendered":"El Gobierno le impone un plan de obras a Edesur"},"content":{"rendered":"\n<p>Un mes despu\u00e9s de haber intervenido la empresa de energ\u00eda el\u00e9ctrica&nbsp;<strong>Edesur<\/strong>, el Gobierno nacional le&nbsp;<strong>impuso a la empresa un plan de obras<\/strong>&nbsp;para que resuelva la grave situaci\u00f3n a la que est\u00e1n expuestos miles de usuarios que suelen quedarse sin la prestaci\u00f3n del servicio en CABA y buena parte del Gran Buenos Aires.<\/p>\n\n\n\n<p>As\u00ed lo anunci\u00f3 el ministro de Econom\u00eda, Sergio Massa, quien resalt\u00f3 que&nbsp;<strong>&#8220;a un mes de la intervenci\u00f3n de la empresa que se llev\u00f3 adelante con Jorge Ferraresi como interventor, se le impone a la empresa un plan de obras&#8221;,<\/strong>&nbsp;aunque aclar\u00f3 que el mismo se anunciar\u00e1 el pr\u00f3ximo lunes 24.<\/p>\n\n\n\n<p><\/p>\n\n\n\n<p>&#8220;Este plan de obras se llevar\u00e1 adelante a partir del relevamiento hecho municipio por municipio del \u00e1rea de concesi\u00f3n que hoy nos present\u00f3 Ferraresi al interventor del ENRE, Walter Martello y a la secretaria de Energ\u00eda,&nbsp;<a href=\"https:\/\/twitter.com\/FlaviaRoyon\"><\/a>Flavia Roy\u00f3n&#8221;, a\u00f1adi\u00f3 el funcionario.<\/p>\n\n\n\n<p>Por su parte, el intendente de Avellaneda e interventor de la empresa,<strong>&nbsp;Jorge Ferraresi<\/strong>, aclar\u00f3 que este plan de obras fue consensuado con los intendentes de todos los municipios del \u00e1rea de concesi\u00f3n, despu\u00e9s de la realizaci\u00f3n del relevamiento territorial.<\/p>\n\n\n\n<figure class=\"wp-block-image\"><img decoding=\"async\" src=\"https:\/\/media.infocielo.com\/p\/03b2af0ac33b380ad97f2b9b5fdfad61\/adjuntos\/299\/imagenes\/001\/629\/0001629883\/887x0\/smart\/imagepng.png\" alt=\"La empresa Edesur deber&aacute; realizar un plan de obras que fue consensuado con los intendentes del conurbano. Se presentar&aacute; el lunes.\"\/><\/figure>\n\n\n\n<p>La empresa Edesur deber\u00e1 realizar un plan de obras que fue consensuado con los intendentes del conurbano. Se presentar\u00e1 el lunes.<\/p>\n\n\n\n<p>D\u00edas atr\u00e1s a trav\u00e9s de&nbsp;<a href=\"https:\/\/www.boletinoficial.gob.ar\/detalleAviso\/primera\/284619\/20230418\" target=\"_blank\" rel=\"noreferrer noopener\">la Resoluci\u00f3n 342\/23<\/a>, el gobierno nacional sancion\u00f3 a la empresa que distribuye energ\u00eda el\u00e9ctrica en todo el Sur del \u00c1rea Metropolitana de Buenos Aires.&nbsp;<strong>Edesur<\/strong>&nbsp;deber\u00e1 pagar el equivalente a 3.870.000 kilovatios\/hora por incumplimientos que datan de 2019. Esto&nbsp;<a href=\"https:\/\/infocielo.com\/edesur\/edesur-acumula-casi-4-mil-millones-multas-n759484\" target=\"_blank\" rel=\"noreferrer noopener\">se suma<\/a>&nbsp;a las sanciones que recibi\u00f3 por los&nbsp;<a href=\"https:\/\/infocielo.com\/edesur\/el-conurbano-pie-guerra-contra-edesur-amparos-multas-y-furia-n758452\" target=\"_blank\" rel=\"noreferrer noopener\">apagones del verano pasado<\/a>.<\/p>\n\n\n\n<p>Teniendo en cuenta que la tarifa media ascendi\u00f3 en febrero de este a\u00f1o a 10,988 $\/kWh la multa que deber\u00eda pagar Edesur ser\u00eda de $42.523.560. En la Resoluci\u00f3n, el ENRE le da 10 d\u00edas h\u00e1biles desde la notificaci\u00f3n (hoy) para hacer el pago. Sin embargo, la empresa distribuidora de energ\u00eda el\u00e9ctrica tiene la posibilidad de plantear objeciones (tambi\u00e9n respetando plazos).<\/p>\n\n\n\n<h2>C\u00f3mo fue la intervenci\u00f3n de Edesur<\/h2>\n\n\n\n<p>El pasado 20 de marzo,&nbsp;<a href=\"https:\/\/infocielo.com\/edesur\/sergio-massa-anuncio-la-intervencion-edesur-n758687\" target=\"_blank\" rel=\"noreferrer noopener\">el ministro de Econom\u00eda,&nbsp;<strong>Sergio Massa&nbsp;<\/strong>al&nbsp;<strong>ENRE&nbsp;<\/strong>a intervenir por 180 d\u00edas a la compa\u00f1\u00eda el\u00e9ctrica&nbsp;<strong>EDESUR<\/strong>,<\/a>&nbsp;con el objetivo de fiscalizar el cumplimiento de obras y mejoras en el servicio que debe tener la empresa.<\/p>\n\n\n\n<p>\u201cSituaciones como las que nos toc\u00f3 vivir a miles de argentinos en los \u00faltimos 15 d\u00edas no se puede tolerar m\u00e1s\u201d, manifest\u00f3 Sergio Massa, quien design\u00f3 como interventor al intendente de Avellaneda y ex ministro de Desarrollo Territorial,&nbsp;<strong>Jorge Ferraresi<\/strong>.<\/p>\n\n\n\n<p>En ese momento, Massa explic\u00f3 que esta intervenci\u00f3n &#8220;tendr\u00e1 la tarea de fiscalizar, controlar y monitorear la ejecuci\u00f3n por las obras del servicio\u201d, al tiempo que &#8220;se ejecutar\u00e1n 2.700 millones de pesos de sentencia de las multas que el Estado le aplic\u00f3 a la empresa y tiene como objeto esencial la devoluci\u00f3n del servicio no prestado&#8221;.<\/p>\n\n\n\n<p>Adem\u00e1s, aclar\u00f3 que \u201cno se afecta la nuda propiedad de los accionistas ni se afecta el contrato de concesi\u00f3n\u201d pero se llevar\u00e1 adelante el control de la prestaci\u00f3n efectiva del contrato del servicio p\u00fablico b\u00e1sico que se deben prestar&#8221;.<\/p>\n\n\n\n<p>Fuente: Infocielo<\/p>\n","protected":false},"excerpt":{"rendered":"<div class=\"mh-excerpt\"><p>Un mes despu\u00e9s de haber intervenido la empresa de energ\u00eda el\u00e9ctrica&nbsp;Edesur, el Gobierno nacional le&nbsp;impuso a la empresa un plan de obras&nbsp;para que resuelva la grave situaci\u00f3n a la que est\u00e1n expuestos miles de usuarios que suelen quedarse sin la prestaci\u00f3n del servicio en CABA y buena parte del Gran Buenos Aires. As\u00ed lo anunci\u00f3 el ministro de Econom\u00eda, Sergio Massa, quien resalt\u00f3 que&nbsp;&#8220;a un mes de la intervenci\u00f3n de la empresa que se llev\u00f3 adelante con Jorge Ferraresi como interventor, se le impone a la empresa un plan de obras&#8221;,&nbsp;aunque aclar\u00f3 que el mismo se anunciar\u00e1 el pr\u00f3ximo lunes <a class=\"mh-excerpt-more\" href=\"http:\/\/dsrmedios.com.ar\/diario\/archivos\/31439\" title=\"El Gobierno le impone un plan de obras a Edesur\">[Leer m\u00e1s]<\/a><\/p>\n<\/div>","protected":false},"author":6,"featured_media":31440,"comment_status":"open","ping_status":"closed","sticky":false,"template":"","format":"standard","meta":{"_jetpack_newsletter_access":""},"categories":[6],"tags":[],"jetpack_featured_media_url":"http:\/\/dsrmedios.com.ar\/diario\/wp-content\/uploads\/2023\/04\/massa-ferraresijpg.webp","jetpack_sharing_enabled":true,"jetpack_shortlink":"https:\/\/wp.me\/p9fihK-8b5","_links":{"self":[{"href":"http:\/\/dsrmedios.com.ar\/diario\/wp-json\/wp\/v2\/posts\/31439"}],"collection":[{"href":"http:\/\/dsrmedios.com.ar\/diario\/wp-json\/wp\/v2\/posts"}],"about":[{"href":"http:\/\/dsrmedios.com.ar\/diario\/wp-json\/wp\/v2\/types\/post"}],"author":[{"embeddable":true,"href":"http:\/\/dsrmedios.com.ar\/diario\/wp-json\/wp\/v2\/users\/6"}],"replies":[{"embeddable":true,"href":"http:\/\/dsrmedios.com.ar\/diario\/wp-json\/wp\/v2\/comments?post=31439"}],"version-history":[{"count":1,"href":"http:\/\/dsrmedios.com.ar\/diario\/wp-json\/wp\/v2\/posts\/31439\/revisions"}],"predecessor-version":[{"id":31441,"href":"http:\/\/dsrmedios.com.ar\/diario\/wp-json\/wp\/v2\/posts\/31439\/revisions\/31441"}],"wp:featuredmedia":[{"embeddable":true,"href":"http:\/\/dsrmedios.com.ar\/diario\/wp-json\/wp\/v2\/media\/31440"}],"wp:attachment":[{"href":"http:\/\/dsrmedios.com.ar\/diario\/wp-json\/wp\/v2\/media?parent=31439"}],"wp:term":[{"taxonomy":"category","embeddable":true,"href":"http:\/\/dsrmedios.com.ar\/diario\/wp-json\/wp\/v2\/categories?post=31439"},{"taxonomy":"post_tag","embeddable":true,"href":"http:\/\/dsrmedios.com.ar\/diario\/wp-json\/wp\/v2\/tags?post=31439"}],"curies":[{"name":"wp","href":"https:\/\/api.w.org\/{rel}","templated":true}]}}