{"id":31436,"date":"2023-04-21T07:20:19","date_gmt":"2023-04-21T10:20:19","guid":{"rendered":"http:\/\/dsrmedios.com.ar\/diario\/?p=31436"},"modified":"2023-04-21T07:20:23","modified_gmt":"2023-04-21T10:20:23","slug":"tarifas-el-gobierno-le-quitara-los-subsidios-a-los-usuarios-de-mayores-ingresos-y-se-esperan-aumentos-en-mayo","status":"publish","type":"post","link":"http:\/\/dsrmedios.com.ar\/diario\/archivos\/31436","title":{"rendered":"Tarifas: el Gobierno le quitar\u00e1 los subsidios a los usuarios de mayores ingresos y se esperan aumentos en mayo"},"content":{"rendered":"\n<p>En medio de la crisis signada por los&nbsp;<strong>altos niveles de inflaci\u00f3n<\/strong>, la escasez de divisas y el&nbsp;<strong>d\u00f3lar blue en r\u00e9cord hist\u00f3rico<\/strong>, el Gobierno&nbsp;<a href=\"https:\/\/tn.com.ar\/economia\/2023\/03\/13\/para-cumplir-con-el-fmi-el-gobierno-acelerara-la-quita-de-subsidios-a-las-tarifas-a-la-energia\/\" target=\"_blank\" rel=\"noreferrer noopener\">avanza en la quita de subsidios a las tarifas.<\/a>&nbsp;Tal como anticip\u00f3&nbsp;<strong>TN<\/strong>, se trata de uno de los compromisos que asumi\u00f3 el Palacio de Hacienda con el FMI y a principios del pr\u00f3ximo mes ya se eliminar\u00edan las asistencias a los usuarios de mayores ingresos.<\/p>\n\n\n\n<p>Fuentes oficiales se\u00f1alaron que se busca aplicar la<strong>\u00a0quita de los subsidios\u00a0<\/strong>a los usuarios del nivel de mayores ingresos<strong>\u00a0a partir del 1\u00b0 de mayo.<\/strong>\u00a0Adem\u00e1s,el costo de la electricidad trepar\u00eda en el invierno a $22.000 por megavatio-hora (MWh).<\/p>\n\n\n\n<p>Desde el encuentro de IDEA en Neuqu\u00e9n, el subsecretario de Energ\u00eda El\u00e9ctrica,<strong>&nbsp;Santiago Yanotti<\/strong>, se refiri\u00f3 a la quita de los subsidios a las tarifas de energ\u00eda<strong>.&nbsp;<\/strong>\u201cEl 65% de las familias argentinas se anotaron para percibir el subsidio a la demanda de energ\u00eda,<strong>&nbsp;el otro 35% los ir\u00e1 perdiendo<\/strong>&nbsp;despu\u00e9s de que Sergio Massa y Flavia Roy\u00f3n negociaran con el FMI un esquema m\u00e1s plano de quita de subsidios para cumplir con la meta fiscal\u201d, explic\u00f3.<\/p>\n\n\n\n<p>As\u00ed,los residenciales de todo el pa\u00eds categorizados en el Nivel 1 de la&nbsp;<strong>segmentaci\u00f3n<\/strong>&nbsp;-aproximadamente un 30% del total o cerca de 4,5 millones de hogares que representan a 13 millones de personas- tendr\u00e1n un aumento del Precio Estacional (PEST) de la energ\u00eda m\u00ednima de&nbsp;<strong>85% a 90%.<\/strong><\/p>\n\n\n\n<p>El<strong>&nbsp;nivel 1 tambi\u00e9n incluye a quienes no se inscribieron<\/strong>&nbsp;en el registro, por lo que el Gobierno insiste en que las personas que cumplan con los requisitos para recibir la asistencia se registren.<\/p>\n\n\n\n<p><strong>\u201cLa segmentaci\u00f3n sigue, pero aplanada.&nbsp;<\/strong>Con esto le estamos dando a la gente que no est\u00e1 inscripta y que figura err\u00f3neamente como N1 la oportunidad de inscribirse si necesita el subsidio. De lo contrario,&nbsp;<strong>ver\u00e1n trimestralmente como se incrementa el precio en la factura hasta pagar el pleno<\/strong>\u201d, se\u00f1al\u00f3 el funcionario en di\u00e1logo con&nbsp;<strong>TN.<\/strong><\/p>\n\n\n\n<figure class=\"wp-block-image\"><img decoding=\"async\" src=\"https:\/\/tn.com.ar\/resizer\/oY3quZ-oDbClbsU6iIBrWP_JmJk=\/767x0\/smart\/filters:format(webp)\/cloudfront-us-east-1.images.arcpublishing.com\/artear\/75UA532AR5DXHNV5XZE2TDCQOA.jpg\" alt=\"Tarifas: el Gobierno le quitar\u00e1 los subsidios a los usuarios de mayores ingresos y se esperan aumentos en mayo\"\/><\/figure>\n\n\n\n<p>Por otra parte, a la hora de analizar el panorama del sector, el economista de Fundaci\u00f3n Pensar Nicol\u00e1s Gadano subray\u00f3 que el pr\u00f3ximo periodo presidencial tiene dos bloques que atender. Por un lado, el m\u00e1s desafiante se relaciona con \u201cel sistema de precios de la energ\u00eda\u201d, es decir, las tarifas. \u201cEs un&nbsp;<strong>sistema que est\u00e1 completamente distorsionado\u201d<\/strong>, consider\u00f3. Y alert\u00f3 sobre la necesidad de volver a instalar en la sociedad que la energ\u00eda \u201cse tiene que pagar por lo que vale\u201d.<\/p>\n\n\n\n<h2>Los principales referentes del sector energ\u00e9tico se reunieron en Neuqu\u00e9n<\/h2>\n\n\n\n<p>Los principales actores del sector energ\u00e9tico debatieron sobre las condiciones de financiamiento y los l\u00edmites de los subsidios a las tarifas, entre otras cuestiones vinculadas al sector energ\u00e9tico durante el evento organizado por IDEA este jueves en Neuqu\u00e9n.<\/p>\n\n\n\n<p>El ministro de Econom\u00eda,\u00a0<a rel=\"noreferrer noopener\" href=\"https:\/\/tn.com.ar\/economia\/2023\/04\/20\/con-el-dolar-blue-en-maximos-sergio-massa-admitio-la-tension-cambiaria-e-intento-calmar-el-ruido-politico\/\" target=\"_blank\"><strong>Sergio Massa<\/strong>\u00a0particip\u00f3 del evento a distancia\u00a0<\/a>y sostuvo que \u201csi cuidamos a los jugadores que invierten en la Argentina a los efectos de garantizar que tenemos un programa de desarrollo, tenemos la oportunidad de<strong>\u00a0generar un \u2018segundo campo\u2019\u00a0<\/strong>para el pa\u00eds. No pretendemos competir con el campo, sino que ambas sean<strong>\u00a0las dos grandes turbinas de la econom\u00eda Argentina<\/strong>\u201d.<\/p>\n\n\n\n<p>A su vez, \u201cno podemos hablar de energ\u00eda sin tener en cuenta que la transici\u00f3n energ\u00e9tica requiere\u00a0<strong>financiamiento y generaci\u00f3n de divisas<\/strong>\u201d, sostuvo la secretaria de Energ\u00eda,\u00a0<strong>Flavia Roy\u00f3n<\/strong>\u00a0cuando disert\u00f3 al comienzo de la jornada en la Ciudad de Neuqu\u00e9n.<\/p>\n\n\n\n<p>Fuente: TN<\/p>\n","protected":false},"excerpt":{"rendered":"<div class=\"mh-excerpt\"><p>En medio de la crisis signada por los&nbsp;altos niveles de inflaci\u00f3n, la escasez de divisas y el&nbsp;d\u00f3lar blue en r\u00e9cord hist\u00f3rico, el Gobierno&nbsp;avanza en la quita de subsidios a las tarifas.&nbsp;Tal como anticip\u00f3&nbsp;TN, se trata de uno de los compromisos que asumi\u00f3 el Palacio de Hacienda con el FMI y a principios del pr\u00f3ximo mes ya se eliminar\u00edan las asistencias a los usuarios de mayores ingresos. Fuentes oficiales se\u00f1alaron que se busca aplicar la\u00a0quita de los subsidios\u00a0a los usuarios del nivel de mayores ingresos\u00a0a partir del 1\u00b0 de mayo.\u00a0Adem\u00e1s,el costo de la electricidad trepar\u00eda en el invierno a $22.000 por <a class=\"mh-excerpt-more\" href=\"http:\/\/dsrmedios.com.ar\/diario\/archivos\/31436\" title=\"Tarifas: el Gobierno le quitar\u00e1 los subsidios a los usuarios de mayores ingresos y se esperan aumentos en mayo\">[Leer m\u00e1s]<\/a><\/p>\n<\/div>","protected":false},"author":6,"featured_media":31437,"comment_status":"open","ping_status":"closed","sticky":false,"template":"","format":"standard","meta":{"_jetpack_newsletter_access":""},"categories":[6],"tags":[],"jetpack_featured_media_url":"http:\/\/dsrmedios.com.ar\/diario\/wp-content\/uploads\/2023\/04\/descarga-33.jpg","jetpack_sharing_enabled":true,"jetpack_shortlink":"https:\/\/wp.me\/p9fihK-8b2","_links":{"self":[{"href":"http:\/\/dsrmedios.com.ar\/diario\/wp-json\/wp\/v2\/posts\/31436"}],"collection":[{"href":"http:\/\/dsrmedios.com.ar\/diario\/wp-json\/wp\/v2\/posts"}],"about":[{"href":"http:\/\/dsrmedios.com.ar\/diario\/wp-json\/wp\/v2\/types\/post"}],"author":[{"embeddable":true,"href":"http:\/\/dsrmedios.com.ar\/diario\/wp-json\/wp\/v2\/users\/6"}],"replies":[{"embeddable":true,"href":"http:\/\/dsrmedios.com.ar\/diario\/wp-json\/wp\/v2\/comments?post=31436"}],"version-history":[{"count":1,"href":"http:\/\/dsrmedios.com.ar\/diario\/wp-json\/wp\/v2\/posts\/31436\/revisions"}],"predecessor-version":[{"id":31438,"href":"http:\/\/dsrmedios.com.ar\/diario\/wp-json\/wp\/v2\/posts\/31436\/revisions\/31438"}],"wp:featuredmedia":[{"embeddable":true,"href":"http:\/\/dsrmedios.com.ar\/diario\/wp-json\/wp\/v2\/media\/31437"}],"wp:attachment":[{"href":"http:\/\/dsrmedios.com.ar\/diario\/wp-json\/wp\/v2\/media?parent=31436"}],"wp:term":[{"taxonomy":"category","embeddable":true,"href":"http:\/\/dsrmedios.com.ar\/diario\/wp-json\/wp\/v2\/categories?post=31436"},{"taxonomy":"post_tag","embeddable":true,"href":"http:\/\/dsrmedios.com.ar\/diario\/wp-json\/wp\/v2\/tags?post=31436"}],"curies":[{"name":"wp","href":"https:\/\/api.w.org\/{rel}","templated":true}]}}