{"id":31423,"date":"2023-04-21T07:06:53","date_gmt":"2023-04-21T10:06:53","guid":{"rendered":"http:\/\/dsrmedios.com.ar\/diario\/?p=31423"},"modified":"2023-04-21T07:07:08","modified_gmt":"2023-04-21T10:07:08","slug":"javier-milei-inquieta-al-circulo-rojo-pero-el-salto-del-dolar-y-las-internas-lo-suben-mas-en-las-encuestas","status":"publish","type":"post","link":"http:\/\/dsrmedios.com.ar\/diario\/archivos\/31423","title":{"rendered":"Javier Milei inquieta al c\u00edrculo rojo, pero el salto del d\u00f3lar y las internas lo suben m\u00e1s en las encuestas"},"content":{"rendered":"\n<p>El candidato presidencial&nbsp;<strong>Javier Milei&nbsp;<\/strong>dej\u00f3 de ser para los empresarios una figura pintoresca. Las presentaciones que hizo en los \u00faltimos d\u00edas en La Rural y, sobre todo en el hotel Llao Llao, encendieron alarmas y dejaron disconformes a la mayor\u00eda de quienes lo escucharon. Los resultados de una encuesta entre los asistentes al encuentro en el buc\u00f3lico paisaje patag\u00f3nico as\u00ed lo confirmaron: de 60 votos posibles, s\u00f3lo tuvo 3. Fue la contracara de \u201cla vida real\u201d: un crecimiento sin pausa en las encuestas, empujado por el salto del d\u00f3lar y la inflaci\u00f3n y las internas a cielo abierto en el Gobierno y la oposici\u00f3n.<\/p>\n\n\n\n<p>No s\u00f3lo Milei estuvo en el centro de la escena.&nbsp;<strong>Cristina Kirchner<\/strong>, con la persistencia de un silencio p\u00e9treo, sigue dominando la l\u00f3gica del Frente de Todos; mientras en el PRO cede la tensi\u00f3n, tras el choque de&nbsp;<strong>Mauricio Macri y Horacio Rodr\u00edguez Larreta.<\/strong>&nbsp;Se vienen definiciones clave en su basti\u00f3n, la ciudad de Buenos Aires, y en la relaci\u00f3n con los radicales.<\/p>\n\n\n\n<p>En simult\u00e1neo a que se conoc\u00eda c\u00f3mo el c\u00edrculo rojo pareci\u00f3 bajarle el pulgar, Milei logr\u00f3 imponer en la agenda su principal propuesta de campa\u00f1a, la dolarizaci\u00f3n. Dirigentes pol\u00edticos, economistas, los mismos empresarios y sindicalistas de la CGT y la CTA describieron esa idea como impracticable. En el rechazo no hubo grieta: la criticaron tanto en el Frente de Todos como en Juntos por el Cambio.<\/p>\n\n\n\n<p><img decoding=\"async\" loading=\"lazy\" alt=\"Al hombro. La foto que difundi\u00f3 Presidencia del encuentro entre Alberto Fern\u00e1ndez y Sergio Massa.\" height=\"1080\" width=\"1920\" class=\"\" src=\"https:\/\/cloudfront-us-east-1.images.arcpublishing.com\/infobae\/LVWVQQVHJNBFBOEAPIFZTIQJSM.jpg\" srcset=\"https:\/\/www.infobae.com\/new-resizer\/T7fr-9hzbd8EUdv9JNkZ1N3TWD4=\/420x236\/filters:format(webp):quality(85)\/cloudfront-us-east-1.images.arcpublishing.com\/infobae\/LVWVQQVHJNBFBOEAPIFZTIQJSM.jpg 420w,https:\/\/www.infobae.com\/new-resizer\/QzyVp6H0W-03mR-XR8s5s9jg2dQ=\/768x432\/filters:format(webp):quality(85)\/cloudfront-us-east-1.images.arcpublishing.com\/infobae\/LVWVQQVHJNBFBOEAPIFZTIQJSM.jpg 768w,https:\/\/www.infobae.com\/new-resizer\/9KYdFwR4PdvXXhsRfmUec2_KCyc=\/992x558\/filters:format(webp):quality(85)\/cloudfront-us-east-1.images.arcpublishing.com\/infobae\/LVWVQQVHJNBFBOEAPIFZTIQJSM.jpg 992w,https:\/\/www.infobae.com\/new-resizer\/IEXRHDy3HkPbfJOiFiLD7PyF6Mw=\/1200x675\/filters:format(webp):quality(85)\/cloudfront-us-east-1.images.arcpublishing.com\/infobae\/LVWVQQVHJNBFBOEAPIFZTIQJSM.jpg 1200w,https:\/\/www.infobae.com\/new-resizer\/cKw83sIQ5T_n5AYjadXGyn6Zb1Q=\/1440x810\/filters:format(webp):quality(85)\/cloudfront-us-east-1.images.arcpublishing.com\/infobae\/LVWVQQVHJNBFBOEAPIFZTIQJSM.jpg 1440w\">Al hombro. La foto que difundi\u00f3 Presidencia del encuentro entre Alberto Fern\u00e1ndez y Sergio Massa.<\/p>\n\n\n\n<p>Sin embargo, la propuesta de abandonar el peso y adoptar el billete estadounidense gan\u00f3 espacio en la agenda p\u00fablica en la medida en que el d\u00f3lar se dispar\u00f3 -la cotizaci\u00f3n libre pas\u00f3 de $ 400 a tocar los $ 440- en medio de rumores sobre la continuidad de Sergio Massa en el Palacio de Hacienda, que detonaron la intempestiva salida del Gobierno del ex jefe de Asesores,&nbsp;<strong>Antonio Aracre<\/strong>.<\/p>\n\n\n\n<p>Y que las discusiones entre funcionarios ocurrieron ante la ausencia de Alberto Fern\u00e1ndez en el centro de la escena. Reci\u00e9n este jueves se public\u00f3 una foto sonriente del Presidente con Massa. \u201c<strong>Encarnizada interna\u201d<\/strong>, coment\u00f3 por Twitter con pretendida iron\u00eda la vocera&nbsp;<strong>Gabriela Cerruti<\/strong>. Del tema no estuvieron ajenos los gremialistas de la CGT, que este jueves reaparecieron por el viejo edificio de la calle Azopardo.<\/p>\n\n\n\n<p>M\u00e1s all\u00e1 de esto y de la incredulidad del c\u00edrculo rojo, un informe de la consultora Ad Hoc mostr\u00f3 c\u00f3mo impact\u00f3 en la caja de resonancia que son las redes sociales el caballito de batalla de los libertarios: \u201cSube Milei, sube el d\u00f3lar y se instala un concepto en la agenda: DOLARIZACI\u00d3N. En los \u00faltimos d\u00edas, referentes pol\u00edticos y medi\u00e1ticos tomaron el tema para debatirlo y dispararon su presencia en redes sociales. De ser un concepto marginal pas\u00f3 a ser centro del debate en los \u00faltimos 7 d\u00edas\u201d.<\/p>\n\n\n\n<p>\u201cM\u00e1s de 13 mil usuarios digitales mencionaron el tema. Una de cada dos publicaciones digitales sobre \u2018dolarizaci\u00f3n\u2019 lo relacionaron a Milei. Frente a la&nbsp;<strong>falta de respuestas a la inflaci\u00f3n<\/strong>, Milei logra insertar una de sus propuestas en la agenda pol\u00edtica y medi\u00e1tica\u201d, subray\u00f3 el estudio de opini\u00f3n p\u00fablica.<\/p>\n\n\n\n<figure class=\"wp-block-image\"><img decoding=\"async\" src=\"https:\/\/cloudfront-us-east-1.images.arcpublishing.com\/infobae\/67MBXLT7HFHZPADISHPL2ATJZE.JPG\" alt=\"infobae\"\/><\/figure>\n\n\n\n<h2>Un espacio vacante<\/h2>\n\n\n\n<p>Mientras la discusi\u00f3n dolarizaci\u00f3n s\u00ed &#8211; dolarizaci\u00f3n no se impone la agenda, el Frente de Todos se encamina a salir del estado de catalepsia inducida, con la reuni\u00f3n de hoy en la sede hist\u00f3rica del PJ, en Matheu 130, de Capital Federal. Se volver\u00e1n a ver las caras la mayor\u00eda de los que s\u00f3lo se llevaron malhumor y desacuerdos a mediados de febrero.<\/p>\n\n\n\n<p>Se espera, igual, que all\u00ed persistan las diferencias porque en el escenario dos incertidumbres siguen sin despejarse y contaminan cualquier negociaci\u00f3n o intentos de acuerdo: \u00bfser\u00e1n o no candidatos Cristina Kirchner y Alberto Fern\u00e1ndez?<\/p>\n\n\n\n<p>Para el Presidente no es un buen momento para esa discusi\u00f3n si se mira el contexto general de crisis econ\u00f3mica y desorden pol\u00edtico.&nbsp;<a href=\"https:\/\/www.infobae.com\/encuestas\/2023\/04\/20\/encuesta-el-gobierno-alcanzo-el-maximo-nivel-de-rechazo-hacia-una-gestion-presidencial-de-los-ultimos-17-anos\/\" target=\"_blank\" rel=\"noreferrer noopener\">Las encuestas<\/a>&nbsp;marcan una intenci\u00f3n de voto cercana al error estad\u00edstico. De hecho, el \u00cdndice de Confianza en el Gobierno (ICG) de abril que elabora la Escuela de Gobierno de la Universidad Torcuato Di Tella da n\u00fameros escalofriantes.<\/p>\n\n\n\n<p>\u201cEl ICG de abril fue de 1,07 puntos, con una disminuci\u00f3n de 9,1% respecto al mes de marzo. En t\u00e9rminos interanuales el \u00edndice tuvo una variaci\u00f3n negativa de 25,5%. El nivel de confianza actual es 45,6% inferior al de la \u00faltima medici\u00f3n del gobierno de Mauricio Macri (diciembre de 2019), y 53,9% menor al del primer mes completo del gobierno de Alberto Fern\u00e1ndez (enero de 2020)\u201d, indica el trabajo.<\/p>\n\n\n\n<p>Y agrega: \u201cLa ca\u00edda en el \u00cdndice de Confianza en el Gobierno de abril lo lleva al valor m\u00e1s bajo de la gesti\u00f3n de Alberto Fern\u00e1ndez. El \u00fanico valor menor desde mayo de 2003 fue en diciembre de 2009, durante la primera presidencia de Cristina Fern\u00e1ndez de Kirchner (ICG=1,04). El puntaje obtenido en abril en el componente Evaluaci\u00f3n general del gobierno (0,63 puntos) es el m\u00e1s bajo desde diciembre de 2002, durante el gobierno de Eduardo Duhalde (0,56 puntos)\u201d.&nbsp;<strong>Peor no existe, por ahora.<\/strong><\/p>\n\n\n\n<p><img decoding=\"async\" loading=\"lazy\" height=\"872\" width=\"751\" srcset=\"https:\/\/www.infobae.com\/new-resizer\/1y7ZskaYDZzBIqeWfkK7WRVAOHw=\/420x560\/filters:format(webp):quality(85)\/cloudfront-us-east-1.images.arcpublishing.com\/infobae\/5LZJA2CDN5DHTMASR64YDPMUKM.JPG 420w,https:\/\/www.infobae.com\/new-resizer\/1VcNlUtRXWWcMVCR_2zIY6_jazc=\/768x1024\/filters:format(webp):quality(85)\/cloudfront-us-east-1.images.arcpublishing.com\/infobae\/5LZJA2CDN5DHTMASR64YDPMUKM.JPG 768w,https:\/\/www.infobae.com\/new-resizer\/6EoibNWGTB2cBSv_OLmOozJHEz0=\/992x1323\/filters:format(webp):quality(85)\/cloudfront-us-east-1.images.arcpublishing.com\/infobae\/5LZJA2CDN5DHTMASR64YDPMUKM.JPG 992w,https:\/\/www.infobae.com\/new-resizer\/v6-SQ5MWxTPKWL84_rjhXjo3QDM=\/1200x1600\/filters:format(webp):quality(85)\/cloudfront-us-east-1.images.arcpublishing.com\/infobae\/5LZJA2CDN5DHTMASR64YDPMUKM.JPG 1200w\" class=\"\" src=\"https:\/\/cloudfront-us-east-1.images.arcpublishing.com\/infobae\/5LZJA2CDN5DHTMASR64YDPMUKM.JPG\" alt=\"El \u00faltimo informe difundido por la Universidad Torcuato Di Tella.\"><\/p>\n\n\n\n<p>La CGT se reuni\u00f3 en el edificio de la calle Azopardo, donde se present\u00f3 el documento que anticip\u00f3 en&nbsp;<a href=\"https:\/\/www.infobae.com\/politica\/2023\/04\/19\/fuerte-advertencia-de-la-cgt-ya-no-hay-mas-margen-de-deterioro-economico-sin-riesgo-de-descomposicion-social\/\" target=\"_blank\" rel=\"noreferrer noopener\">Infobae Ricardo Carpena<\/a>, con fuertes cr\u00edticas a la situaci\u00f3n social, pero sin cuestionar al presidente ni a su gobierno. El secretario adjunto de SMATA y secretario gremial de la CGT, Mario \u201cPaco\u201d Manrique, explic\u00f3 ayer el por qu\u00e9 de esa omisi\u00f3n. \u201cAhora no nos movilizamos, no hacemos reclamos porque no queremos horadar a un presidente que, lamentablemente, hace todos los esfuerzos posibles pero lo agarr\u00f3 la pandemia, lo agarr\u00f3 la guerra, lo agarr\u00f3 una sequ\u00eda.&nbsp;<strong>Pobre hombre, tuvo las mil plagas<\/strong>\u201d.<\/p>\n\n\n\n<p>\u201cNosotros la seguimos esperando a Cristina, hasta junio hay tiempo\u201d, reconoci\u00f3 en di\u00e1logo con\u00a0<strong>Infobae\u00a0<\/strong>una fuente del mundo cristinista que particip\u00f3 de la \u00faltima reuni\u00f3n, la semana pasada, de los contertulios de la denominada \u201cMesa de Ensenada\u201d. Se trata de un espacio reservado, donde se discute sin tapujos sobre la situaci\u00f3n pol\u00edtica del pa\u00eds y, sobre todo, de la provincia de Buenos Aires.<\/p>\n\n\n\n<p>En ese \u00e1mbito se evidenci\u00f3 un sentimiento inocultable: la impaciencia. Hablaron en el encuentro que se desarroll\u00f3 en Punta Lara de la \u00faltima&nbsp;<strong>reuni\u00f3n&nbsp;<\/strong>que tuvo la&nbsp;<strong>vicepresidenta&nbsp;<\/strong>con un grupo de&nbsp;<strong>sindicalistas&nbsp;<\/strong>que la fueron a invitar al acto del 25 de Mayo. \u201cQueremos encarar un gran acto pero s\u00f3lo tiene sentido movilizar si Cristina viene, habla y anuncia algo. La invitamos pero todav\u00eda no se comprometi\u00f3 a venir\u201d, reconoci\u00f3 la misma fuente, con un dejo de resignaci\u00f3n.<\/p>\n\n\n\n<p>En ese encuentro, del que particip\u00f3&nbsp;<strong>Axel Kicillof<\/strong>, se habl\u00f3 de anunciar un desdoblamiento de las elecciones en la provincia, m\u00e1s como gesto hacia Alberto Fern\u00e1ndez que como una posibilidad concreta. El gobernador sigue enfocado en su reelecci\u00f3n -podr\u00eda volver a competir con Ver\u00f3nica Magario como compa\u00f1era de f\u00f3rmula- mientras esquiva los manotazos de aquellos que quieren empujarlo a una candidatura presidencial para dejar vac\u00eda la postulaci\u00f3n bonaerense.<\/p>\n\n\n\n<p>En las \u00faltimas horas, el intendente de Tres de Febrero, el larretista&nbsp;<strong>Diego Valenzuela<\/strong>, plante\u00f3 un desaf\u00edo: \u201cSi est\u00e1n convencidos de que tienen raz\u00f3n \u00bfpor qu\u00e9 no se postulan Cristina Kirchner a Presidenta y a M\u00e1ximo Kirchner a gobernador por la provincia de Buenos Aires?\u201d.<\/p>\n\n\n\n<p>Mientras persiste la incertidumbre central que tiene el tablero electoral, en el cristinismo revelan que la vicepresidenta les transmiti\u00f3 a varios interlocutores el mismo mensaje: \u201cCon un nombre solo no alcanza. No es que si voy de candidata ya est\u00e1 todo solucionado. Las cosas no funcionan as\u00ed\u201d.<\/p>\n\n\n\n<p><img decoding=\"async\" loading=\"lazy\" alt=\"Cristina Kirchner se mantiene en silencio. Mientras persiste el operativo clamor.\" height=\"853\" width=\"1280\" class=\"\" src=\"https:\/\/cloudfront-us-east-1.images.arcpublishing.com\/infobae\/GXTZMNFPPFE47CXUTPIA2KNGYI.jpg\" srcset=\"https:\/\/www.infobae.com\/new-resizer\/Wri404lFmBrO5UkD7Tg0DrJ-4X8=\/420x280\/filters:format(webp):quality(85)\/cloudfront-us-east-1.images.arcpublishing.com\/infobae\/GXTZMNFPPFE47CXUTPIA2KNGYI.jpg 420w,https:\/\/www.infobae.com\/new-resizer\/pZbmpWST5nXpYkvTutkVS6bOB8M=\/768x512\/filters:format(webp):quality(85)\/cloudfront-us-east-1.images.arcpublishing.com\/infobae\/GXTZMNFPPFE47CXUTPIA2KNGYI.jpg 768w,https:\/\/www.infobae.com\/new-resizer\/kF_41uBdz1ZNEXQQqvqL0YwuJiY=\/992x661\/filters:format(webp):quality(85)\/cloudfront-us-east-1.images.arcpublishing.com\/infobae\/GXTZMNFPPFE47CXUTPIA2KNGYI.jpg 992w,https:\/\/www.infobae.com\/new-resizer\/7ExXH8jd16piQY1bhs3n47H8qcg=\/1200x800\/filters:format(webp):quality(85)\/cloudfront-us-east-1.images.arcpublishing.com\/infobae\/GXTZMNFPPFE47CXUTPIA2KNGYI.jpg 1200w,https:\/\/www.infobae.com\/new-resizer\/fSwvCCgekWcczXVc9y9-fcGjZBw=\/1440x960\/filters:format(webp):quality(85)\/cloudfront-us-east-1.images.arcpublishing.com\/infobae\/GXTZMNFPPFE47CXUTPIA2KNGYI.jpg 1440w\">Cristina Kirchner se mantiene en silencio. Mientras persiste el operativo clamor.<\/p>\n\n\n\n<h2>En Juntos por el Cambio<\/h2>\n\n\n\n<p>Si la incertidumbre en el Frente de Todos es sobre qui\u00e9n ser\u00e1 los o las candidatas, en Juntos por el Cambio la duda est\u00e1 por definir qui\u00e9nes son los que se bajan y a cambio de qu\u00e9. Con\u00a0<strong>cinco candidatos a presidentes, siete a gobernador bonaerense<\/strong>\u00a0y otro tanto a jefe de gobierno porte\u00f1o, la clave es empezar a\u00a0<strong>achicar la oferta electoral<\/strong>\u00a0y empezar a poblar otros lugares en las listas en cada distrito.<\/p>\n\n\n\n<p>Y en esa negociaci\u00f3n hay dos sectores clave: el radicalismo y los liberales de&nbsp;<strong>Jos\u00e9 Luis Espert<\/strong>. Este \u00faltimo buscar\u00eda ser el dique de contenci\u00f3n y a la vez la propuesta para captar al voto que no logra retener Patricia Bullrich y que no est\u00e1 dispuesto a poner la boleta de Milei.<\/p>\n\n\n\n<p>Con Mauricio Macri de viaje, Rodr\u00edguez Larreta y su principal rival bajaron la intensidad de los cruces y volvieron a enfocarse en la campa\u00f1a. Retomando lo del principio de esta columna, a Bullrich le fue muy bien tanto en La Rural como en el Llao Llao, superando incluso a Larreta, que se lo intu\u00eda como m\u00e1s af\u00edn a ese p\u00fablico. \u201cLe estamos ganando en la calle y ahora tambi\u00e9n en el c\u00edrculo rojo\u201d, confiaba a este medio un colaborador de trato diario con la precandidata del PRO.<\/p>\n\n\n\n<p>En los pr\u00f3ximos d\u00edas se espera que<strong>&nbsp;Mar\u00eda Eugenia Vidal<\/strong>&nbsp;anuncie si sigue o no la carrera presidencial -las chances de continuar son muy escasas- y&nbsp;<strong>Facundo Manes<\/strong>, que con Gerardo Morales son los precandidatos por la UCR, inici\u00f3 un proceso de reflexi\u00f3n mientras no abandona sus recorridas de campa\u00f1a, principalmente en el conurbano bonaerense. \u201c\u00bfDe qu\u00e9 hablaron con Larreta? \u00bfHubo alguna propuesta?\u201d, pregunt\u00f3&nbsp;<strong>Infobae<\/strong>. \u201cFacundo sigue con sus recorridas y la campa\u00f1a\u201d, respondieron, luego de que se multiplicaran las especulaciones por la charla reservada que tuvo con el jefe de gobierno porte\u00f1o.<\/p>\n\n\n\n<p><img decoding=\"async\" loading=\"lazy\" alt=\"Larreta y Jorge Macri compartieron un acto ayer en la ciudad de Buenos Aires.\" height=\"1080\" width=\"1920\" class=\"\" src=\"https:\/\/cloudfront-us-east-1.images.arcpublishing.com\/infobae\/OBZFL47SVRAENM4GFF2BNFTXEE.jpg\" srcset=\"https:\/\/www.infobae.com\/new-resizer\/uXkyhSCMnXbzm42BJxG9PaP9FHI=\/420x236\/filters:format(webp):quality(85)\/cloudfront-us-east-1.images.arcpublishing.com\/infobae\/OBZFL47SVRAENM4GFF2BNFTXEE.jpg 420w,https:\/\/www.infobae.com\/new-resizer\/e0CgeKJEjAylygaf6cPlQ4Li78Q=\/768x432\/filters:format(webp):quality(85)\/cloudfront-us-east-1.images.arcpublishing.com\/infobae\/OBZFL47SVRAENM4GFF2BNFTXEE.jpg 768w,https:\/\/www.infobae.com\/new-resizer\/tSrgllpOswlEAMM2JdMATDgVfzs=\/992x558\/filters:format(webp):quality(85)\/cloudfront-us-east-1.images.arcpublishing.com\/infobae\/OBZFL47SVRAENM4GFF2BNFTXEE.jpg 992w,https:\/\/www.infobae.com\/new-resizer\/bzR3i3g9_hEAY3CbV-PGhl-xPog=\/1200x675\/filters:format(webp):quality(85)\/cloudfront-us-east-1.images.arcpublishing.com\/infobae\/OBZFL47SVRAENM4GFF2BNFTXEE.jpg 1200w,https:\/\/www.infobae.com\/new-resizer\/zlCHGmGQ12WS1JPFISxhdkY7p5c=\/1440x810\/filters:format(webp):quality(85)\/cloudfront-us-east-1.images.arcpublishing.com\/infobae\/OBZFL47SVRAENM4GFF2BNFTXEE.jpg 1440w\">Larreta y Jorge Macri compartieron un acto ayer en la ciudad de Buenos Aires.<\/p>\n\n\n\n<p><\/p>\n\n\n\n<p>La clave de b\u00f3veda, sin embargo, est\u00e1 en la ciudad de Buenos Aires. All\u00ed&nbsp;<strong>Jorge Macri<\/strong>&nbsp;est\u00e1 decidido a presentar en las pr\u00f3ximas horas la renuncia a la intendencia de Vicente L\u00f3pez y tambi\u00e9n al PRO bonaerense, para enfocarse en la campa\u00f1a por la jefatura de gobierno porte\u00f1o. El primo de Mauricio Macri estuvo ayer en un acto oficial con Larreta y con Valenzuela. La esposa del intendente de Tres de Febrero, Daniel Reich, es senadora provincial y vicepresidenta del partido en la provincia.<\/p>\n\n\n\n<p>Adem\u00e1s de despejar la duda sobre el domicilio -un tr\u00e1mite para asumir en el Grupo Bapro durante el gobierno de Vidal ser\u00eda su principal argumento- el ex intendente de Vicente L\u00f3pez deber\u00e1 redefinir las funciones del Ministerio de Gobierno, porque deber\u00e1 ceder las funciones electorales para no ser juez y parte. Y sobre todo porque est\u00e1 en contra del sistema de elecci\u00f3n concurrente y con boleta \u00fanica electr\u00f3nica con el que se elegir\u00e1 a partir del 13 de agosto. El hijo de \u201cTonino\u201d Macri prefer\u00eda listas s\u00e1banas.<\/p>\n\n\n\n<p>Fuente: Infobae<\/p>\n","protected":false},"excerpt":{"rendered":"<div class=\"mh-excerpt\"><p>El candidato presidencial&nbsp;Javier Milei&nbsp;dej\u00f3 de ser para los empresarios una figura pintoresca. Las presentaciones que hizo en los \u00faltimos d\u00edas en La Rural y, sobre todo en el hotel Llao Llao, encendieron alarmas y dejaron disconformes a la mayor\u00eda de quienes lo escucharon. Los resultados de una encuesta entre los asistentes al encuentro en el buc\u00f3lico paisaje patag\u00f3nico as\u00ed lo confirmaron: de 60 votos posibles, s\u00f3lo tuvo 3. Fue la contracara de \u201cla vida real\u201d: un crecimiento sin pausa en las encuestas, empujado por el salto del d\u00f3lar y la inflaci\u00f3n y las internas a cielo abierto en el Gobierno <a class=\"mh-excerpt-more\" href=\"http:\/\/dsrmedios.com.ar\/diario\/archivos\/31423\" title=\"Javier Milei inquieta al c\u00edrculo rojo, pero el salto del d\u00f3lar y las internas lo suben m\u00e1s en las encuestas\">[Leer m\u00e1s]<\/a><\/p>\n<\/div>","protected":false},"author":6,"featured_media":31229,"comment_status":"open","ping_status":"closed","sticky":false,"template":"","format":"standard","meta":{"_jetpack_newsletter_access":""},"categories":[6],"tags":[],"jetpack_featured_media_url":"http:\/\/dsrmedios.com.ar\/diario\/wp-content\/uploads\/2023\/04\/descarga-2023-04-19T081331.060.jpg","jetpack_sharing_enabled":true,"jetpack_shortlink":"https:\/\/wp.me\/p9fihK-8aP","_links":{"self":[{"href":"http:\/\/dsrmedios.com.ar\/diario\/wp-json\/wp\/v2\/posts\/31423"}],"collection":[{"href":"http:\/\/dsrmedios.com.ar\/diario\/wp-json\/wp\/v2\/posts"}],"about":[{"href":"http:\/\/dsrmedios.com.ar\/diario\/wp-json\/wp\/v2\/types\/post"}],"author":[{"embeddable":true,"href":"http:\/\/dsrmedios.com.ar\/diario\/wp-json\/wp\/v2\/users\/6"}],"replies":[{"embeddable":true,"href":"http:\/\/dsrmedios.com.ar\/diario\/wp-json\/wp\/v2\/comments?post=31423"}],"version-history":[{"count":1,"href":"http:\/\/dsrmedios.com.ar\/diario\/wp-json\/wp\/v2\/posts\/31423\/revisions"}],"predecessor-version":[{"id":31424,"href":"http:\/\/dsrmedios.com.ar\/diario\/wp-json\/wp\/v2\/posts\/31423\/revisions\/31424"}],"wp:featuredmedia":[{"embeddable":true,"href":"http:\/\/dsrmedios.com.ar\/diario\/wp-json\/wp\/v2\/media\/31229"}],"wp:attachment":[{"href":"http:\/\/dsrmedios.com.ar\/diario\/wp-json\/wp\/v2\/media?parent=31423"}],"wp:term":[{"taxonomy":"category","embeddable":true,"href":"http:\/\/dsrmedios.com.ar\/diario\/wp-json\/wp\/v2\/categories?post=31423"},{"taxonomy":"post_tag","embeddable":true,"href":"http:\/\/dsrmedios.com.ar\/diario\/wp-json\/wp\/v2\/tags?post=31423"}],"curies":[{"name":"wp","href":"https:\/\/api.w.org\/{rel}","templated":true}]}}