{"id":31409,"date":"2023-04-21T06:53:41","date_gmt":"2023-04-21T09:53:41","guid":{"rendered":"http:\/\/dsrmedios.com.ar\/diario\/?p=31409"},"modified":"2023-04-21T06:53:45","modified_gmt":"2023-04-21T09:53:45","slug":"la-mesa-nacional-del-pj-se-reune-este-viernes","status":"publish","type":"post","link":"http:\/\/dsrmedios.com.ar\/diario\/archivos\/31409","title":{"rendered":"La mesa nacional del PJ se re\u00fane este viernes"},"content":{"rendered":"\n<p>El presidente&nbsp;<strong>Alberto Fern\u00e1ndez<\/strong>&nbsp;convoc\u00f3 a los 75 consejeros de la&nbsp;<strong>mesa nacional<\/strong>&nbsp;del&nbsp;<strong>Partido Justicialista (PJ)<\/strong>, que se reunir\u00e1 este viernes desde las 17 para definir la estrategia electoral de cara a las&nbsp;<strong>Primarias Abiertas, Simult\u00e1neas y Obligatorias (PASO)<\/strong>.<\/p>\n\n\n\n<p><strong>&#8220;Se va a reunir el PJ para definir la alianza, a qu\u00e9 partido va a pertenecer, que obviamente ser\u00e1 al Frente de Todos&#8221;<\/strong>, explic\u00f3 d\u00edas atr\u00e1s la periodista Rosario Ayerdi en el&nbsp;<strong>Minuto Uno de&nbsp;<em>C5N&nbsp;<\/em><\/strong>sobre el c\u00f3nclave que se llevar\u00e1 adelante en la sede ubicada en el barrio de Balvanera, sobre la calle Matheu, y que contar\u00e1 con la conducci\u00f3n del mandatario.<\/p>\n\n\n\n<p>Se espera que el encuentro sirva para continuar bajando la tensi\u00f3n interna, para resolver al candidato para las PASO.&nbsp;<strong>&#8220;Hay distintos dirigentes trabajando en ello: est\u00e1n Santiago Cafiero, Juan Manuel Olmos, Agust\u00edn Rossi y Victoria Tolosa Paz; por el lado del kirchnerismo Wado de Pedro; y por el Frente Renovador, Sergio Massa&#8221;<\/strong>, detall\u00f3 Ayerdi.<\/p>\n\n\n\n<p>&#8220;El viernes se va a comenzar a moldear lo que pidi\u00f3 el jefe de Gabinete, Agust\u00edn Rossi: un c\u00f3digo de convivencia en el Frente de Todos para ir camino a las PASO.&nbsp;<strong>Me parece fundamental para terminar con las internas absurdas e innecesarias, e ir hacia la unidad<\/strong>&#8220;, complet\u00f3 Gustavo Sylvestre.<\/p>\n\n\n\n<h2>Plenario del PJ porte\u00f1o en apoyo a Cristina Kirchner<\/h2>\n\n\n\n<p>El PJ porte\u00f1o, encabezado por el senador nacional&nbsp;<strong>Mariano Recalde<\/strong>, realizar\u00e1 este s\u00e1bado un plenario de la militancia en el microestadio de Ferro bajo el lema &#8220;La Ciudad con&nbsp;<strong>Cristina Kirchner<\/strong>&nbsp;&#8220;, para ponerle fin a la proscripci\u00f3n que pesa sobre la vicepresidenta y continuar con el &#8220;operativo clamor&#8221; para que sea candidata en los comicios de este a\u00f1o.<\/p>\n\n\n\n<p>El encuentro comenzar\u00e1 a las 11 con el debate en comisiones mientras que el acto de cierre est\u00e1 previsto para las 13, con la lectura de un nuevo documento en el que se afirma que \u201cA la proscripci\u00f3n la vamos a romper con militancia y organizaci\u00f3n\u201d.<\/p>\n\n\n\n<p>Fuente: Minutouno<\/p>\n","protected":false},"excerpt":{"rendered":"<div class=\"mh-excerpt\"><p>El presidente&nbsp;Alberto Fern\u00e1ndez&nbsp;convoc\u00f3 a los 75 consejeros de la&nbsp;mesa nacional&nbsp;del&nbsp;Partido Justicialista (PJ), que se reunir\u00e1 este viernes desde las 17 para definir la estrategia electoral de cara a las&nbsp;Primarias Abiertas, Simult\u00e1neas y Obligatorias (PASO). &#8220;Se va a reunir el PJ para definir la alianza, a qu\u00e9 partido va a pertenecer, que obviamente ser\u00e1 al Frente de Todos&#8221;, explic\u00f3 d\u00edas atr\u00e1s la periodista Rosario Ayerdi en el&nbsp;Minuto Uno de&nbsp;C5N&nbsp;sobre el c\u00f3nclave que se llevar\u00e1 adelante en la sede ubicada en el barrio de Balvanera, sobre la calle Matheu, y que contar\u00e1 con la conducci\u00f3n del mandatario. Se espera que el encuentro <a class=\"mh-excerpt-more\" href=\"http:\/\/dsrmedios.com.ar\/diario\/archivos\/31409\" title=\"La mesa nacional del PJ se re\u00fane este viernes\">[Leer m\u00e1s]<\/a><\/p>\n<\/div>","protected":false},"author":6,"featured_media":31410,"comment_status":"open","ping_status":"closed","sticky":false,"template":"","format":"standard","meta":{"_jetpack_newsletter_access":""},"categories":[6],"tags":[],"jetpack_featured_media_url":"http:\/\/dsrmedios.com.ar\/diario\/wp-content\/uploads\/2023\/04\/images-16.jpg","jetpack_sharing_enabled":true,"jetpack_shortlink":"https:\/\/wp.me\/p9fihK-8aB","_links":{"self":[{"href":"http:\/\/dsrmedios.com.ar\/diario\/wp-json\/wp\/v2\/posts\/31409"}],"collection":[{"href":"http:\/\/dsrmedios.com.ar\/diario\/wp-json\/wp\/v2\/posts"}],"about":[{"href":"http:\/\/dsrmedios.com.ar\/diario\/wp-json\/wp\/v2\/types\/post"}],"author":[{"embeddable":true,"href":"http:\/\/dsrmedios.com.ar\/diario\/wp-json\/wp\/v2\/users\/6"}],"replies":[{"embeddable":true,"href":"http:\/\/dsrmedios.com.ar\/diario\/wp-json\/wp\/v2\/comments?post=31409"}],"version-history":[{"count":1,"href":"http:\/\/dsrmedios.com.ar\/diario\/wp-json\/wp\/v2\/posts\/31409\/revisions"}],"predecessor-version":[{"id":31411,"href":"http:\/\/dsrmedios.com.ar\/diario\/wp-json\/wp\/v2\/posts\/31409\/revisions\/31411"}],"wp:featuredmedia":[{"embeddable":true,"href":"http:\/\/dsrmedios.com.ar\/diario\/wp-json\/wp\/v2\/media\/31410"}],"wp:attachment":[{"href":"http:\/\/dsrmedios.com.ar\/diario\/wp-json\/wp\/v2\/media?parent=31409"}],"wp:term":[{"taxonomy":"category","embeddable":true,"href":"http:\/\/dsrmedios.com.ar\/diario\/wp-json\/wp\/v2\/categories?post=31409"},{"taxonomy":"post_tag","embeddable":true,"href":"http:\/\/dsrmedios.com.ar\/diario\/wp-json\/wp\/v2\/tags?post=31409"}],"curies":[{"name":"wp","href":"https:\/\/api.w.org\/{rel}","templated":true}]}}