{"id":31396,"date":"2023-04-21T06:43:23","date_gmt":"2023-04-21T09:43:23","guid":{"rendered":"http:\/\/dsrmedios.com.ar\/diario\/?p=31396"},"modified":"2023-04-21T06:43:25","modified_gmt":"2023-04-21T09:43:25","slug":"dolar-blue-imparable-alberto-fernandez-se-reunio-con-sergio-massa","status":"publish","type":"post","link":"http:\/\/dsrmedios.com.ar\/diario\/archivos\/31396","title":{"rendered":"D\u00f3lar blue imparable: Alberto Fern\u00e1ndez se reuni\u00f3 con Sergio Massa"},"content":{"rendered":"\n<p>Mientras el&nbsp;<strong>d\u00f3lar blue<\/strong>&nbsp;contin\u00faa con la escalada que comenz\u00f3 en la jornada del lunes luego de que rompiera la barrera de los $400,&nbsp;<strong>Alberto Fern\u00e1ndez<\/strong>&nbsp;recibi\u00f3 a&nbsp;<strong>Sergio Massa<\/strong>&nbsp;en la Quinta de Olivos.<\/p>\n\n\n\n<p>El encuentro entre ambos se dio este jueves por la ma\u00f1ana, antes de que el mandatario se trasladara hacia el partido bonaerense de Ensenada para encabezar un acto con el gobernador Axel Kicillof.<\/p>\n\n\n\n<p>Seg\u00fan cont\u00f3 la periodista de C5N Rosario Ayerdi desde&nbsp;<strong>presidencia buscaron difundir la imagen de ambos para llevar tranquilidad luego de la interna que se desat\u00f3 en el Frente de Todos y que concluy\u00f3 con la renuncia de Antonio Aracre, ex jefe de asesores de Fern\u00e1ndez.<\/strong><\/p>\n\n\n\n<p>En ese contexto, el billete paralelo lleg\u00f3 a subir $17 en lo que va de este jueves y perfor\u00f3, primero, los $430, antes de llegar al m\u00e1ximo hist\u00f3rico de $440. Esto tambi\u00e9n repercute en los incrementos de los precios financieros de la moneda estadounidense: el MEP alcanza los $420 y el contado con liquidaci\u00f3n, los $432.<\/p>\n\n\n\n<p>Seg\u00fan las fuentes, existen divergencias entre el presidente del BCRA, Miguel Pesce, y Massa respecto a las medidas a tomar al respecto, algunas de las cuales se habr\u00edan acentuado tras el dato de inflaci\u00f3n de marzo, que arroj\u00f3 un 7,7%.<\/p>\n\n\n\n<p>Para el ministro, se debe mantener la tasa positiva de los plazos fijos para retener los dep\u00f3sitos en pesos, pero el titular del Banco Central no quiere apresurarse a subirlas, ya que considera que no soluciona el principal problema de falta de divisas, derivada de la p\u00e9rdida de exportaciones que provoc\u00f3 la sequ\u00eda, calculadas en unos u$s20.000 millones.<\/p>\n\n\n\n<p>Fuente: Minutouno<\/p>\n","protected":false},"excerpt":{"rendered":"<div class=\"mh-excerpt\"><p>Mientras el&nbsp;d\u00f3lar blue&nbsp;contin\u00faa con la escalada que comenz\u00f3 en la jornada del lunes luego de que rompiera la barrera de los $400,&nbsp;Alberto Fern\u00e1ndez&nbsp;recibi\u00f3 a&nbsp;Sergio Massa&nbsp;en la Quinta de Olivos. El encuentro entre ambos se dio este jueves por la ma\u00f1ana, antes de que el mandatario se trasladara hacia el partido bonaerense de Ensenada para encabezar un acto con el gobernador Axel Kicillof. Seg\u00fan cont\u00f3 la periodista de C5N Rosario Ayerdi desde&nbsp;presidencia buscaron difundir la imagen de ambos para llevar tranquilidad luego de la interna que se desat\u00f3 en el Frente de Todos y que concluy\u00f3 con la renuncia de Antonio <a class=\"mh-excerpt-more\" href=\"http:\/\/dsrmedios.com.ar\/diario\/archivos\/31396\" title=\"D\u00f3lar blue imparable: Alberto Fern\u00e1ndez se reuni\u00f3 con Sergio Massa\">[Leer m\u00e1s]<\/a><\/p>\n<\/div>","protected":false},"author":6,"featured_media":31370,"comment_status":"open","ping_status":"closed","sticky":false,"template":"","format":"standard","meta":{"_jetpack_newsletter_access":""},"categories":[6],"tags":[],"jetpack_featured_media_url":"http:\/\/dsrmedios.com.ar\/diario\/wp-content\/uploads\/2023\/04\/NZPVIXR6NNAOROHP462N7OADPY.jpg","jetpack_sharing_enabled":true,"jetpack_shortlink":"https:\/\/wp.me\/p9fihK-8ao","_links":{"self":[{"href":"http:\/\/dsrmedios.com.ar\/diario\/wp-json\/wp\/v2\/posts\/31396"}],"collection":[{"href":"http:\/\/dsrmedios.com.ar\/diario\/wp-json\/wp\/v2\/posts"}],"about":[{"href":"http:\/\/dsrmedios.com.ar\/diario\/wp-json\/wp\/v2\/types\/post"}],"author":[{"embeddable":true,"href":"http:\/\/dsrmedios.com.ar\/diario\/wp-json\/wp\/v2\/users\/6"}],"replies":[{"embeddable":true,"href":"http:\/\/dsrmedios.com.ar\/diario\/wp-json\/wp\/v2\/comments?post=31396"}],"version-history":[{"count":1,"href":"http:\/\/dsrmedios.com.ar\/diario\/wp-json\/wp\/v2\/posts\/31396\/revisions"}],"predecessor-version":[{"id":31397,"href":"http:\/\/dsrmedios.com.ar\/diario\/wp-json\/wp\/v2\/posts\/31396\/revisions\/31397"}],"wp:featuredmedia":[{"embeddable":true,"href":"http:\/\/dsrmedios.com.ar\/diario\/wp-json\/wp\/v2\/media\/31370"}],"wp:attachment":[{"href":"http:\/\/dsrmedios.com.ar\/diario\/wp-json\/wp\/v2\/media?parent=31396"}],"wp:term":[{"taxonomy":"category","embeddable":true,"href":"http:\/\/dsrmedios.com.ar\/diario\/wp-json\/wp\/v2\/categories?post=31396"},{"taxonomy":"post_tag","embeddable":true,"href":"http:\/\/dsrmedios.com.ar\/diario\/wp-json\/wp\/v2\/tags?post=31396"}],"curies":[{"name":"wp","href":"https:\/\/api.w.org\/{rel}","templated":true}]}}