{"id":31390,"date":"2023-04-20T18:01:14","date_gmt":"2023-04-20T21:01:14","guid":{"rendered":"http:\/\/dsrmedios.com.ar\/diario\/?p=31390"},"modified":"2023-04-20T18:01:18","modified_gmt":"2023-04-20T21:01:18","slug":"daniel-scioli-y-la-provincia-sincronizan-agenda-por-las-exportaciones-a-brasil","status":"publish","type":"post","link":"http:\/\/dsrmedios.com.ar\/diario\/archivos\/31390","title":{"rendered":"Daniel Scioli y la Provincia sincronizan agenda por las exportaciones a Brasil"},"content":{"rendered":"\n<p>Un encuentro con m\u00e1s de 300 industriales hizo coincidir las agendas&nbsp;<strong>Daniel Scioli<\/strong>&nbsp;y uno de los ministros m\u00e1s cercanos al gobernador bonaerense, Axel Kicillof, antes de una<a href=\"https:\/\/infocielo.com\/axel-kicillof\/axel-kicillof-mision-exportadora-y-foto-daniel-scioli-n723955\" target=\"_blank\" rel=\"noreferrer noopener\">&nbsp;nueva misi\u00f3n diplom\u00e1tica&nbsp;<\/a>que el mandatario provincial emprender\u00e1 en la ciudad de San Pablo.<\/p>\n\n\n\n<p>Junto al titular de la cartera de Producci\u00f3n bonaerense,&nbsp;<strong>Augusto Costa<\/strong>, el embajador argentino en Brasil y uno de los&nbsp;<a href=\"https:\/\/infocielo.com\/daniel-scioli\/daniel-scioli-se-anota-la-carrera-presidencial-2023-n756674\" target=\"_blank\" rel=\"noreferrer noopener\">anotados como precandidato a la presidencia por el Frente de Todo<\/a>s, participaron de un encuentro organizado por la&nbsp;<strong>Confederaci\u00f3n General Empresaria de la Rep\u00fablica Argentina<\/strong>&nbsp;(CGERA).<\/p>\n\n\n\n<p>Ambos funcionarios expusieron sobre las comercializadoras en Brasil.\u00a0<strong>En la actualidad, ya existen 11 de estos agrupamientos con descuentos promedio de 25% en los costos de importaci\u00f3n y un ahorro de hasta 5.000 d\u00f3lares por contenedor<\/strong>.<\/p>\n\n\n\n<h2>\u201cBrasil volvi\u00f3 a ser el primer socio comercial\u201d<\/h2>\n\n\n\n<p>Tanto Daniel Sciolo como Augusto Costa fueron los principales oradores del encuentro virtual \u201cC\u00f3mo hacer negocios y vender en el mercado interno brasile\u00f1o.<\/p>\n\n\n\n<p>En este marco, explicaron los alcances de esta novedosa herramienta de comercio exterior, y dialogaron con empresarios y empresarias de todo el pa\u00eds sobre las ventajas de la propuesta que apunta a fomentar la venta de productos locales en el pa\u00eds vecino a trav\u00e9s de comercializadoras.<\/p>\n\n\n\n<p><strong>\u201cLas comercializadoras son la mejor herramienta para quienes no consiguen un importador y quieran empezar a vender en el mercado interno brasile\u00f1o\u201d<\/strong>, sostuvo&nbsp;<strong>Marcelo Fern\u00e1ndez<\/strong>, Presidente de CGERA.<\/p>\n\n\n\n<figure class=\"wp-block-image\"><img decoding=\"async\" src=\"https:\/\/media.infocielo.com\/p\/cab50da141adaeac15f29bfad78bef96\/adjuntos\/299\/imagenes\/001\/629\/0001629500\/887x0\/smart\/cgerajpg.jpg\" alt=\"\"\/><\/figure>\n\n\n\n<p>Asimismo, el empresario manifest\u00f3 que \u201clas PYMES tienen la gran posibilidad de esquivar al importador e instalarse en las comercializadoras, que son \u00e1vidas de poder distribuir nuestros productos\u201d. \u201cEs como abrir supermercados de productos argentinos en Brasil\u201d, afirm\u00f3.<\/p>\n\n\n\n<p>Por su parte, el Embajador Scioli destac\u00f3 el trabajo realizado junto a Marcelo Fern\u00e1ndez en Brasil, donde se empezaron a explorar distintas alternativas \u201cque hoy nos llevan a esta realidad que Brasil volvi\u00f3 a ser el primer socio comercial\u201d.<\/p>\n\n\n\n<p><strong>Adem\u00e1s, Daniel Scioli anticip\u00f3 que el Gobernador Axel Kicillof viajar\u00e1 al pa\u00eds vecino para ser recibido en la Federaci\u00f3n de Industriales de San Pablo.<\/strong><\/p>\n\n\n\n<p>En este sentido, el Embajador precis\u00f3 que hasta ahora se firmaron acuerdos de 11 comercializadoras en el vecino pa\u00eds listas para trabajar con las empresas asociadas a CGERA y las empresas de las provincias de Buenos Aires.&nbsp;<strong>Tambi\u00e9n existen cuatro terminales de contenedores y puertos mar\u00edtimos en Argentina y Brasil.<\/strong><\/p>\n\n\n\n<figure class=\"wp-block-image\"><img decoding=\"async\" src=\"https:\/\/media.infocielo.com\/p\/f66ab72b9ae585f5c1d5475c83a3da63\/adjuntos\/299\/imagenes\/001\/541\/0001541277\/exportacionesjpg.jpg?2022-11-23-10-59-13\" alt=\"\"\/><\/figure>\n\n\n\n<p>De la misma manera, el Embajador de Brasil indic\u00f3 que se firmaron acuerdos con cinco dep\u00f3sitos fiscales y puertos secos y con dos empresas del despacho aduanero.&nbsp;<strong>\u201cLos beneficios son m\u00faltiples: descuentos promedio del 25% en los costos de importaci\u00f3n y un ahorro de hasta 5.000 d\u00f3lares por contenedor en los servicios de puertos, dep\u00f3sitos fiscales y comercializadoras<\/strong>\u201d dijo.<\/p>\n\n\n\n<p>\u201cHemos creado 14 c\u00e1maras de industria y comercio internacionales todas muy activas y tambi\u00e9n acompa\u00f1ar a las firmas de todo lo que muchas veces es tramado burocr\u00e1tico se encierra aqu\u00ed en Brasil\u201d, afirm\u00f3, al tiempo que agreg\u00f3 que \u201csi hay un sector a partir de esta decisi\u00f3n de las comercializadoras que va a crecer en forma sostenida es el sector PYME, particularmente las PYMES de la provincia de Buenos Aires\u201d complet\u00f3.<\/p>\n\n\n\n<p>Por su parte, Augusto Costa destac\u00f3 la importancia de trabajar de manera coordinada \u201cpara poder generar beneficios para nuestro productor, y particularmente impulsar nuestro comercio exterior, y algo tan importante en este momento como es la generaci\u00f3n de divisas genuinas a trav\u00e9s de un aumento de las exportaciones\u201d.<\/p>\n\n\n\n<p>Adem\u00e1s, hizo hincapi\u00e9 en la necesidad de reducir los costos log\u00edsticos y remarc\u00f3 el aporte de las comercializadoras para\u00a0<strong>\u201cacercar a las PYEMS a la posibilidad de exportar y facilitar el ingreso de los mercados\u201d.<\/strong><\/p>\n\n\n\n<p>Fuente: Infocielo<\/p>\n","protected":false},"excerpt":{"rendered":"<div class=\"mh-excerpt\"><p>Un encuentro con m\u00e1s de 300 industriales hizo coincidir las agendas&nbsp;Daniel Scioli&nbsp;y uno de los ministros m\u00e1s cercanos al gobernador bonaerense, Axel Kicillof, antes de una&nbsp;nueva misi\u00f3n diplom\u00e1tica&nbsp;que el mandatario provincial emprender\u00e1 en la ciudad de San Pablo. Junto al titular de la cartera de Producci\u00f3n bonaerense,&nbsp;Augusto Costa, el embajador argentino en Brasil y uno de los&nbsp;anotados como precandidato a la presidencia por el Frente de Todos, participaron de un encuentro organizado por la&nbsp;Confederaci\u00f3n General Empresaria de la Rep\u00fablica Argentina&nbsp;(CGERA). Ambos funcionarios expusieron sobre las comercializadoras en Brasil.\u00a0En la actualidad, ya existen 11 de estos agrupamientos con descuentos promedio de <a class=\"mh-excerpt-more\" href=\"http:\/\/dsrmedios.com.ar\/diario\/archivos\/31390\" title=\"Daniel Scioli y la Provincia sincronizan agenda por las exportaciones a Brasil\">[Leer m\u00e1s]<\/a><\/p>\n<\/div>","protected":false},"author":6,"featured_media":31391,"comment_status":"open","ping_status":"closed","sticky":false,"template":"","format":"standard","meta":{"_jetpack_newsletter_access":""},"categories":[7],"tags":[],"jetpack_featured_media_url":"http:\/\/dsrmedios.com.ar\/diario\/wp-content\/uploads\/2023\/04\/axel-kicillof-y-daniel-sciolipng.webp","jetpack_sharing_enabled":true,"jetpack_shortlink":"https:\/\/wp.me\/p9fihK-8ai","_links":{"self":[{"href":"http:\/\/dsrmedios.com.ar\/diario\/wp-json\/wp\/v2\/posts\/31390"}],"collection":[{"href":"http:\/\/dsrmedios.com.ar\/diario\/wp-json\/wp\/v2\/posts"}],"about":[{"href":"http:\/\/dsrmedios.com.ar\/diario\/wp-json\/wp\/v2\/types\/post"}],"author":[{"embeddable":true,"href":"http:\/\/dsrmedios.com.ar\/diario\/wp-json\/wp\/v2\/users\/6"}],"replies":[{"embeddable":true,"href":"http:\/\/dsrmedios.com.ar\/diario\/wp-json\/wp\/v2\/comments?post=31390"}],"version-history":[{"count":1,"href":"http:\/\/dsrmedios.com.ar\/diario\/wp-json\/wp\/v2\/posts\/31390\/revisions"}],"predecessor-version":[{"id":31392,"href":"http:\/\/dsrmedios.com.ar\/diario\/wp-json\/wp\/v2\/posts\/31390\/revisions\/31392"}],"wp:featuredmedia":[{"embeddable":true,"href":"http:\/\/dsrmedios.com.ar\/diario\/wp-json\/wp\/v2\/media\/31391"}],"wp:attachment":[{"href":"http:\/\/dsrmedios.com.ar\/diario\/wp-json\/wp\/v2\/media?parent=31390"}],"wp:term":[{"taxonomy":"category","embeddable":true,"href":"http:\/\/dsrmedios.com.ar\/diario\/wp-json\/wp\/v2\/categories?post=31390"},{"taxonomy":"post_tag","embeddable":true,"href":"http:\/\/dsrmedios.com.ar\/diario\/wp-json\/wp\/v2\/tags?post=31390"}],"curies":[{"name":"wp","href":"https:\/\/api.w.org\/{rel}","templated":true}]}}