{"id":31388,"date":"2023-04-20T17:59:32","date_gmt":"2023-04-20T20:59:32","guid":{"rendered":"http:\/\/dsrmedios.com.ar\/diario\/?p=31388"},"modified":"2023-04-20T17:59:36","modified_gmt":"2023-04-20T20:59:36","slug":"el-canal-magdalena-deberia-ser-agenda-de-campana-pidio-axel-kicillof-a-la-oposicion","status":"publish","type":"post","link":"http:\/\/dsrmedios.com.ar\/diario\/archivos\/31388","title":{"rendered":"&#8220;El Canal Magdalena deber\u00eda ser agenda de campa\u00f1a&#8221;, pidi\u00f3 Axel Kicillof a la oposici\u00f3n"},"content":{"rendered":"\n<p>El gobernador<strong>&nbsp;<a href=\"https:\/\/infocielo.com\/axel-kicillof\">Axel Kicillof<\/a><\/strong>&nbsp;destac\u00f3 la importancia del&nbsp;<strong>Canal Magdalena<\/strong>&nbsp;para la provincia y el pa\u00eds, y&nbsp;<strong>lament\u00f3 que la continuidad del proyecto no sea parte de la agenda de campa\u00f1a para la oposici\u00f3n<\/strong>&nbsp;en medio de un a\u00f1o electoral en el que podr\u00eda cambiar el signo pol\u00edtico .<\/p>\n\n\n\n<p><strong>\u201cSospecho que no va a ser de la agenda de campa\u00f1a. Deber\u00eda ser, porque nosotros lanzamos la licitaci\u00f3n, la par\u00f3 Macri y perdi\u00f3 los papeles. Porque seguramente ten\u00eda otras ideas, pero sobre todo otros intereses\u201d<\/strong>, sostuvo ante INFOCIELO y otros medios presentes el mandatario provincial tras el acto de licitaci\u00f3n que comparti\u00f3 con\u00a0<strong>Alberto Fern\u00e1ndez<\/strong>.<\/p>\n\n\n\n<p>\u201cNi siquiera se dign\u00f3 a dar una discusi\u00f3n p\u00fablica, porque yo en aquel entonces era diputado y planteamos esto, pero no,&nbsp;<strong>no es parte de la agenda del neoliberalismo y de la derecha sostener ya no los intereses nacionales en t\u00e9rminos abstractos, sino qu\u00e9 va a pasar con este puerto<\/strong>\u201d, agreg\u00f3 Kicillof.<\/p>\n\n\n\n<p>Para el Gobernador, la agenda pol\u00edtica durante la campa\u00f1a pasar\u00e1 por temas superficiales, que no ahondar\u00e1n en la situaci\u00f3n estructural de la provincia de Buenos Aires y su proyecci\u00f3n a futuro.&nbsp;<strong>\u201cEn campa\u00f1a van a decir que yo quiero hacer no s\u00e9 qu\u00e9 con los motoqueros, que yo quiero hacer tal cosa. De eso vamos a hablar\u201d<\/strong>, manifest\u00f3.<\/p>\n\n\n\n<p><\/p>\n\n\n\n<p>\u201cYo podr\u00eda hablar de Patricia Bullrich, de Macri, de Milei, de c\u00f3mo est\u00e1n\u2026 pero&nbsp;<strong>esto es tan importante en t\u00e9rminos estructurales, hist\u00f3ricos, de modelo de pa\u00eds, que creo que amerita aunque sea en medio de tanta hojarasca<\/strong>&nbsp;y discusiones coyunturales hablar de lo que le va a cambiar el futuro a los argentinos\u201d, sostuvo Kicillof.<\/p>\n\n\n\n<p>En ese sentido, pidi\u00f3 que Juntos por el Cambio se explaye respecto a la continuidad del Canal Magdalena y de otros proyectos que est\u00e1n en ejecuci\u00f3n.<strong>&nbsp;\u201cQu\u00e9 va a pasar con General Lavalle, un municipio que festejaba la obra; qu\u00e9 pasa con todos los municipios y con el Puerto Quequ\u00e9n, con Bah\u00eda Blanca, con todos los puertos argentinos, que tienen una capacidad productiva enorme\u201d<\/strong>, pidi\u00f3 el mandatario provincial.<\/p>\n\n\n\n<p>Adem\u00e1s,\u00a0<strong>el Gobernador pidi\u00f3 que se vuelva a discutir la explotaci\u00f3n de petr\u00f3leo offshore en aguas del Mar Argentino<\/strong>. \u201cEso tambi\u00e9n se empez\u00f3 con YPF en la \u00e9poca que recuperamos y despu\u00e9s los intendentes opositores presentaron recursos ante la Justicia para detener un inminente trabajo exploratorio tan importante para la Provincia\u201d, record\u00f3.<\/p>\n\n\n\n<p>Fuente: Infocielo<\/p>\n","protected":false},"excerpt":{"rendered":"<div class=\"mh-excerpt\"><p>El gobernador&nbsp;Axel Kicillof&nbsp;destac\u00f3 la importancia del&nbsp;Canal Magdalena&nbsp;para la provincia y el pa\u00eds, y&nbsp;lament\u00f3 que la continuidad del proyecto no sea parte de la agenda de campa\u00f1a para la oposici\u00f3n&nbsp;en medio de un a\u00f1o electoral en el que podr\u00eda cambiar el signo pol\u00edtico . \u201cSospecho que no va a ser de la agenda de campa\u00f1a. Deber\u00eda ser, porque nosotros lanzamos la licitaci\u00f3n, la par\u00f3 Macri y perdi\u00f3 los papeles. Porque seguramente ten\u00eda otras ideas, pero sobre todo otros intereses\u201d, sostuvo ante INFOCIELO y otros medios presentes el mandatario provincial tras el acto de licitaci\u00f3n que comparti\u00f3 con\u00a0Alberto Fern\u00e1ndez. \u201cNi siquiera se <a class=\"mh-excerpt-more\" href=\"http:\/\/dsrmedios.com.ar\/diario\/archivos\/31388\" title=\"&#8220;El Canal Magdalena deber\u00eda ser agenda de campa\u00f1a&#8221;, pidi\u00f3 Axel Kicillof a la oposici\u00f3n\">[Leer m\u00e1s]<\/a><\/p>\n<\/div>","protected":false},"author":6,"featured_media":13144,"comment_status":"open","ping_status":"closed","sticky":false,"template":"","format":"standard","meta":{"_jetpack_newsletter_access":""},"categories":[7],"tags":[],"jetpack_featured_media_url":"http:\/\/dsrmedios.com.ar\/diario\/wp-content\/uploads\/2019\/06\/axel2-1.jpg","jetpack_sharing_enabled":true,"jetpack_shortlink":"https:\/\/wp.me\/p9fihK-8ag","_links":{"self":[{"href":"http:\/\/dsrmedios.com.ar\/diario\/wp-json\/wp\/v2\/posts\/31388"}],"collection":[{"href":"http:\/\/dsrmedios.com.ar\/diario\/wp-json\/wp\/v2\/posts"}],"about":[{"href":"http:\/\/dsrmedios.com.ar\/diario\/wp-json\/wp\/v2\/types\/post"}],"author":[{"embeddable":true,"href":"http:\/\/dsrmedios.com.ar\/diario\/wp-json\/wp\/v2\/users\/6"}],"replies":[{"embeddable":true,"href":"http:\/\/dsrmedios.com.ar\/diario\/wp-json\/wp\/v2\/comments?post=31388"}],"version-history":[{"count":1,"href":"http:\/\/dsrmedios.com.ar\/diario\/wp-json\/wp\/v2\/posts\/31388\/revisions"}],"predecessor-version":[{"id":31389,"href":"http:\/\/dsrmedios.com.ar\/diario\/wp-json\/wp\/v2\/posts\/31388\/revisions\/31389"}],"wp:featuredmedia":[{"embeddable":true,"href":"http:\/\/dsrmedios.com.ar\/diario\/wp-json\/wp\/v2\/media\/13144"}],"wp:attachment":[{"href":"http:\/\/dsrmedios.com.ar\/diario\/wp-json\/wp\/v2\/media?parent=31388"}],"wp:term":[{"taxonomy":"category","embeddable":true,"href":"http:\/\/dsrmedios.com.ar\/diario\/wp-json\/wp\/v2\/categories?post=31388"},{"taxonomy":"post_tag","embeddable":true,"href":"http:\/\/dsrmedios.com.ar\/diario\/wp-json\/wp\/v2\/tags?post=31388"}],"curies":[{"name":"wp","href":"https:\/\/api.w.org\/{rel}","templated":true}]}}