{"id":31385,"date":"2023-04-20T17:57:05","date_gmt":"2023-04-20T20:57:05","guid":{"rendered":"http:\/\/dsrmedios.com.ar\/diario\/?p=31385"},"modified":"2023-04-20T17:57:08","modified_gmt":"2023-04-20T20:57:08","slug":"alberto-fernandez-se-reencontro-con-axel-kicillof-despues-de-2-meses-y-dejo-un-claro-mensaje-de-unidad","status":"publish","type":"post","link":"http:\/\/dsrmedios.com.ar\/diario\/archivos\/31385","title":{"rendered":"Alberto Fern\u00e1ndez se reencontr\u00f3 con Axel Kicillof despu\u00e9s de 2 meses y dej\u00f3 un claro mensaje de unidad"},"content":{"rendered":"\n<p>Luego de dos meses sin verse las caras, el presidente&nbsp;<strong>Alberto Fern\u00e1ndez<\/strong>&nbsp;dijo presente en Ensenada para compartir un acto junto al gobernador bonaerense,&nbsp;<strong>Axel Kicillof<\/strong>, en torno al llamado a licitaci\u00f3n para la realizaci\u00f3n del&nbsp;<strong><a href=\"https:\/\/infocielo.com\/canal-magdalena\/alberto-fernandez-y-axel-kicillof-presentan-la-licitacion-del-canal-magdalena-n760847\" target=\"_blank\" rel=\"noreferrer noopener\">Canal Magdalena.<\/a><\/strong><\/p>\n\n\n\n<p>En medio de las internas del\u00a0<strong>Frente de Todos<\/strong>, el contenido electoral se filtr\u00f3 en el discurso del presidente de la Naci\u00f3n<\/p>\n\n\n\n<p>&#8220;<strong>Durante estos 4 a\u00f1os, fui bastante asediado con el tema del Canal Magdalena. Muchos cre\u00edan que ten\u00eda desinter\u00e9s. Hab\u00eda que buscar las condiciones despu\u00e9s de recibir el pa\u00eds que me dej\u00f3 Macri, despu\u00e9s de la pandemia y la guerra para poder hacer las cosas que la Argentina necesita hacer<\/strong>&#8220;, exclam\u00f3 el Jefe de Estado.<\/p>\n\n\n\n<p>Y agreg\u00f3: &#8220;La semana que viene vamos a estar poniendo en marcha el ente que va a regular el funcionamiento de la hidrov\u00eda. Eso es federalizar el pa\u00eds. La hidrov\u00eda estaba concesionada, se nos pagaba un peaje. La hab\u00edan prorrogado durante 10 a\u00f1os. Quer\u00edamos recuperar el control de la v\u00eda navegable porque eso hace a la soberan\u00eda&#8221;.<\/p>\n\n\n\n<figure class=\"wp-block-image\"><img decoding=\"async\" src=\"https:\/\/media.infocielo.com\/p\/d58cc80668b7ba153accd24eb88ca3ba\/adjuntos\/299\/imagenes\/001\/629\/0001629401\/887x0\/smart\/20230420133251_img_0484jpg.jpg\" alt=\"\"\/><\/figure>\n\n\n\n<p>A su vez, el presidente pidi\u00f3 &#8220;dejar de tener un estado est\u00fapido&#8221;. &#8220;La hidrov\u00eda no terminaba de cerrar si no ten\u00eda el Canal Magdalena&#8221;, afirm\u00f3 el mandatario.<\/p>\n\n\n\n<p>&#8220;Hubo un llamado a licitaci\u00f3n que se frustr\u00f3. Todos se desinteresaron. Argentina no avanz\u00f3 en la construcci\u00f3n de este puerto.&nbsp;<strong>No me hace feliz que no se hayan preservado los derechos argentinos<\/strong>&#8220;, exclam\u00f3 en clara referencia al gobierno anterior.<\/p>\n\n\n\n<p>Ya sobre el final de su discurso, no perdi\u00f3 la oportunidad de bregar por la unidad del frente que conduce. &#8220;<strong>En estos tiempos donde se aproximan elecciones, que haya todo el barullo que quiera haber<\/strong>. Pero nunca nos olvidemos que debemos estar m\u00e1s unidos que nunca porque la divisi\u00f3n nuestra solo permite que otra vez se frustre la construcci\u00f3n del Canal Magdalena, que este puerto no tenga la dimensi\u00f3n que debe tener, y que la Argentina una vez m\u00e1s vea postergar sus ilusiones&#8221;.<\/p>\n\n\n\n<figure class=\"wp-block-image\"><img decoding=\"async\" src=\"https:\/\/media.infocielo.com\/p\/13925e862ea2ff74cf35c2d72bac22f4\/adjuntos\/299\/imagenes\/001\/629\/0001629402\/887x0\/smart\/20230420120510_img_0425jpg.jpg\" alt=\"\"\/><\/figure>\n\n\n\n<p>Y a\u00f1adi\u00f3: &#8220;<strong>Miremos hacia el futuro para que la derecha maldita nunca m\u00e1s vuelva a gobernar la Argentina<\/strong>&#8220;<\/p>\n\n\n\n<p>El presidente fue precedido por el gobernador, que decidi\u00f3 esquivar las cuestiones de campa\u00f1a, aunque s\u00ed hizo referencia a los palos en la rueda que desde Juntos por el Cambio pusieron en el llamado a la licitaci\u00f3n que se oficializ\u00f3 hoy. &#8220;<strong>Este proyecto fue obstaculizado cuando fueron gobierno y cuando fueron oposici\u00f3n<\/strong>. Porque sin partida no se puede llamar a la licitaci\u00f3n. El camino no fue sencillo&#8221;.<\/p>\n\n\n\n<p>A su vez, Kicillof destac\u00f3 la &#8220;<strong>decisi\u00f3n pol\u00edtica, primero de Cristina y luego de este presidente, para tener soberan\u00eda nacional<\/strong>&#8220;.<\/p>\n\n\n\n<p>Fuente: Infocielo<\/p>\n","protected":false},"excerpt":{"rendered":"<div class=\"mh-excerpt\"><p>Luego de dos meses sin verse las caras, el presidente&nbsp;Alberto Fern\u00e1ndez&nbsp;dijo presente en Ensenada para compartir un acto junto al gobernador bonaerense,&nbsp;Axel Kicillof, en torno al llamado a licitaci\u00f3n para la realizaci\u00f3n del&nbsp;Canal Magdalena. En medio de las internas del\u00a0Frente de Todos, el contenido electoral se filtr\u00f3 en el discurso del presidente de la Naci\u00f3n &#8220;Durante estos 4 a\u00f1os, fui bastante asediado con el tema del Canal Magdalena. Muchos cre\u00edan que ten\u00eda desinter\u00e9s. Hab\u00eda que buscar las condiciones despu\u00e9s de recibir el pa\u00eds que me dej\u00f3 Macri, despu\u00e9s de la pandemia y la guerra para poder hacer las cosas que <a class=\"mh-excerpt-more\" href=\"http:\/\/dsrmedios.com.ar\/diario\/archivos\/31385\" title=\"Alberto Fern\u00e1ndez se reencontr\u00f3 con Axel Kicillof despu\u00e9s de 2 meses y dej\u00f3 un claro mensaje de unidad\">[Leer m\u00e1s]<\/a><\/p>\n<\/div>","protected":false},"author":6,"featured_media":31386,"comment_status":"open","ping_status":"closed","sticky":false,"template":"","format":"standard","meta":{"_jetpack_newsletter_access":""},"categories":[7],"tags":[],"jetpack_featured_media_url":"http:\/\/dsrmedios.com.ar\/diario\/wp-content\/uploads\/2023\/04\/whatsapp-image-2023-04-20-at-10353-pmjpeg.webp","jetpack_sharing_enabled":true,"jetpack_shortlink":"https:\/\/wp.me\/p9fihK-8ad","_links":{"self":[{"href":"http:\/\/dsrmedios.com.ar\/diario\/wp-json\/wp\/v2\/posts\/31385"}],"collection":[{"href":"http:\/\/dsrmedios.com.ar\/diario\/wp-json\/wp\/v2\/posts"}],"about":[{"href":"http:\/\/dsrmedios.com.ar\/diario\/wp-json\/wp\/v2\/types\/post"}],"author":[{"embeddable":true,"href":"http:\/\/dsrmedios.com.ar\/diario\/wp-json\/wp\/v2\/users\/6"}],"replies":[{"embeddable":true,"href":"http:\/\/dsrmedios.com.ar\/diario\/wp-json\/wp\/v2\/comments?post=31385"}],"version-history":[{"count":1,"href":"http:\/\/dsrmedios.com.ar\/diario\/wp-json\/wp\/v2\/posts\/31385\/revisions"}],"predecessor-version":[{"id":31387,"href":"http:\/\/dsrmedios.com.ar\/diario\/wp-json\/wp\/v2\/posts\/31385\/revisions\/31387"}],"wp:featuredmedia":[{"embeddable":true,"href":"http:\/\/dsrmedios.com.ar\/diario\/wp-json\/wp\/v2\/media\/31386"}],"wp:attachment":[{"href":"http:\/\/dsrmedios.com.ar\/diario\/wp-json\/wp\/v2\/media?parent=31385"}],"wp:term":[{"taxonomy":"category","embeddable":true,"href":"http:\/\/dsrmedios.com.ar\/diario\/wp-json\/wp\/v2\/categories?post=31385"},{"taxonomy":"post_tag","embeddable":true,"href":"http:\/\/dsrmedios.com.ar\/diario\/wp-json\/wp\/v2\/tags?post=31385"}],"curies":[{"name":"wp","href":"https:\/\/api.w.org\/{rel}","templated":true}]}}