{"id":31366,"date":"2023-04-20T17:39:30","date_gmt":"2023-04-20T20:39:30","guid":{"rendered":"http:\/\/dsrmedios.com.ar\/diario\/?p=31366"},"modified":"2023-04-20T17:39:33","modified_gmt":"2023-04-20T20:39:33","slug":"larreta-bullrich-y-vidal-aceleran-sus-recorridas-presidenciales-todos-los-caminos-conducen-a-cordoba","status":"publish","type":"post","link":"http:\/\/dsrmedios.com.ar\/diario\/archivos\/31366","title":{"rendered":"Larreta, Bullrich y Vidal aceleran sus recorridas presidenciales: todos los caminos conducen a C\u00f3rdoba"},"content":{"rendered":"\n<p>El PRO no encuentra calma ni equilibrio. Juntos por el Cambio (JxC) tampoco. El renunciamiento electoral de Mauricio Macri marc\u00f3 un punto de inflexi\u00f3n. Al principio, no se sab\u00eda con certeza qu\u00e9 implicancias tendr\u00eda. D\u00edas despu\u00e9s, la decisi\u00f3n de Horacio Rodr\u00edguez Larreta de convocar a elecciones concurrentes fractur\u00f3 su v\u00ednculo pol\u00edtico con el ex presidente. Una semana despu\u00e9s, el fundador del PRO aguijone\u00f3 en p\u00fablico al jefe de Gobierno porte\u00f1o y coquete\u00f3 con las ideas econ\u00f3micas de Milei.&nbsp;<strong>Esos clivajes consolidaron las divisiones en la coalici\u00f3n opositora<\/strong>, que a dos meses de los cierres de listas no encuentra calma.<\/p>\n\n\n\n<p>En medio de este clima borrascoso, los precandidatos a presidentes del PRO acelerar\u00e1n sus respectivas campa\u00f1as en un mes crucial para el partido. Entre fin de abril y mediados de mayo se conocer\u00e1n decisiones claves respecto al futuro pol\u00edtico de los principales referentes amarillos y, adem\u00e1s, en provincias centrales. En ese sentido orientar\u00e1n sus recorridas y acciones proselitistas&nbsp;<strong>Rodr\u00edguez Larreta, Patricia Bullrich y Mar\u00eda Eugenia Vidal.<\/strong><\/p>\n\n\n\n<p>Tras su paso por Tierra del Fuego, donde viaj\u00f3 a apuntalar a H\u00e9ctor Stefani, candidato a gobernador de JxC, Rodr\u00edguez Larreta hizo su paso por el Foro Llao Llao, donde expuso y cen\u00f3 con los empresarios m\u00e1s poderosos del pa\u00eds. Fue el martes, mismo d\u00eda que tambi\u00e9n asisti\u00f3 Vidal. En tanto que el lunes hab\u00eda estado Bullrich. Cada uno por su parte, los tres buscaron&nbsp;<strong>contentar al establishment con sus propuestas econ\u00f3micas y su mirada del pa\u00eds.<\/strong><\/p>\n\n\n\n<p>El jefe de Gobierno continuar\u00e1 sus recorridas federales con destino a Santa Fe. Esta noche llegar\u00e1 a Rosario y estar\u00e1 en esa ciudad hasta ma\u00f1ana. En tanto que el viernes y el s\u00e1bado estar\u00e1 en C\u00f3rdoba, donde visitar\u00e1 R\u00edo Cuarto y R\u00edo Tercero. Se trata de una provincia central para el PRO, porque all\u00ed estuvo el empuj\u00f3n electoral en 2015 para que Macri llegue a la Casa Rosada.<\/p>\n\n\n\n<p><img decoding=\"async\" loading=\"lazy\" alt=\"Rodr\u00edguez Larreta con Luis Juez y Rodr\u00edgo De Loredo en C\u00f3rdoba, en febrero\" height=\"1080\" width=\"1920\" class=\"\" src=\"https:\/\/cloudfront-us-east-1.images.arcpublishing.com\/infobae\/XLOKWBWEBBBG7CCOMNZQZXIXJI.jpg\" srcset=\"https:\/\/www.infobae.com\/new-resizer\/Nzs57uw4oystIIXVBdO4umKY5-s=\/420x236\/filters:format(webp):quality(85)\/cloudfront-us-east-1.images.arcpublishing.com\/infobae\/XLOKWBWEBBBG7CCOMNZQZXIXJI.jpg 420w,https:\/\/www.infobae.com\/new-resizer\/Vmfx5_VdSqxK0WM85KYZCk-m6sI=\/768x432\/filters:format(webp):quality(85)\/cloudfront-us-east-1.images.arcpublishing.com\/infobae\/XLOKWBWEBBBG7CCOMNZQZXIXJI.jpg 768w,https:\/\/www.infobae.com\/new-resizer\/vTlnuyw4ZqArB6rZjUHG0y_Zqhk=\/992x558\/filters:format(webp):quality(85)\/cloudfront-us-east-1.images.arcpublishing.com\/infobae\/XLOKWBWEBBBG7CCOMNZQZXIXJI.jpg 992w,https:\/\/www.infobae.com\/new-resizer\/PTVXvHQ4vLd3HgCzLLeZoWAf3NI=\/1200x675\/filters:format(webp):quality(85)\/cloudfront-us-east-1.images.arcpublishing.com\/infobae\/XLOKWBWEBBBG7CCOMNZQZXIXJI.jpg 1200w,https:\/\/www.infobae.com\/new-resizer\/ZXMS7FTD__R6ic5wB5nq55cNYLM=\/1440x810\/filters:format(webp):quality(85)\/cloudfront-us-east-1.images.arcpublishing.com\/infobae\/XLOKWBWEBBBG7CCOMNZQZXIXJI.jpg 1440w\">Rodr\u00edguez Larreta con Luis Juez y Rodr\u00edgo De Loredo en C\u00f3rdoba, en febrero<\/p>\n\n\n\n<p>Los tres presidenciables orbitar\u00e1n C\u00f3rdoba en los pr\u00f3ximos d\u00edas. Es que los cordobeses eligen gobernador el 25 de junio y el 5 de mayo ser\u00e1 el cierre de listas. JxC resolvi\u00f3 que Luis Juez ser\u00e1 el candidato a gobernador. A\u00fan resta conocer qui\u00e9n ser\u00e1 su candidato a vicegobernador. El ex embajador en Ecuador desea que el diputado radical Rodrigo De Loredo sea su compa\u00f1ero de f\u00f3rmula. El dirigente de Evoluci\u00f3n a\u00fan no defini\u00f3 y por estas horas se aceleras las negociaciones.<\/p>\n\n\n\n<p>La coalici\u00f3n opositora apunta a encolumnarse detr\u00e1s de Juez y De Loredo para romper con la predominancia del schiarettismo. El gobernador, que no tiene posibilidad de reelecci\u00f3n, lanz\u00f3 la candidatura de Mart\u00edn Llaryora, actual intendente de la ciudad capital. JxC conoce que no ser\u00e1 una parada sencilla, aunque entienden que tienen chances de hacer una \u201celecci\u00f3n competitiva\u201d. Bullrich hab\u00eda estado en marzo en la provincia y por estos d\u00edas hay operadores pol\u00edticos de su confianza enviados especialmente en la previa del cierre de listas.<\/p>\n\n\n\n<p>En tanto que Vidal estar\u00e1 por C\u00f3rdoba la semana que viene. Viajar\u00e1 invitada por la Bolsa de Comercio, donde compartir\u00e1 un evento con empresarios, productores y comerciantes cordobeses. Tambi\u00e9n hab\u00eda estado en la provincia en marzo y se reuni\u00f3 con Juez, De Loredo, el diputado nacional de la UCR&nbsp;<strong>Mario Negri<\/strong>, y el intendente de R\u00edo Cuarto, Marcos Ferrer, cercano al diputado del bloque Evoluci\u00f3n radical. En la visita de la semana que viene, la diputada nacional volver\u00e1 a verse con Juez y De Loredo, para redoblar su apoyo a ambos.<\/p>\n\n\n\n<p><img decoding=\"async\" loading=\"lazy\" alt=\"Bullrich tambi\u00e9n se mostr\u00f3 con Juez y De Loredo\" height=\"1078\" width=\"1920\" class=\"\" src=\"https:\/\/cloudfront-us-east-1.images.arcpublishing.com\/infobae\/3FKB4H5RCBF2TMBRTATWMGHNU4.jpg\" srcset=\"https:\/\/www.infobae.com\/new-resizer\/CmMjCgsaHQflSPWu8n1bZs-fkrI=\/420x236\/filters:format(webp):quality(85)\/cloudfront-us-east-1.images.arcpublishing.com\/infobae\/3FKB4H5RCBF2TMBRTATWMGHNU4.jpg 420w,https:\/\/www.infobae.com\/new-resizer\/7uU7NNFgPPcn90lZ7jS0cBYFHig=\/768x432\/filters:format(webp):quality(85)\/cloudfront-us-east-1.images.arcpublishing.com\/infobae\/3FKB4H5RCBF2TMBRTATWMGHNU4.jpg 768w,https:\/\/www.infobae.com\/new-resizer\/hs7rHVH2gIZpSO_uD3UvPfl0eV0=\/992x558\/filters:format(webp):quality(85)\/cloudfront-us-east-1.images.arcpublishing.com\/infobae\/3FKB4H5RCBF2TMBRTATWMGHNU4.jpg 992w,https:\/\/www.infobae.com\/new-resizer\/OlAExAO6wp_TPulw1qq60RgdzoE=\/1200x675\/filters:format(webp):quality(85)\/cloudfront-us-east-1.images.arcpublishing.com\/infobae\/3FKB4H5RCBF2TMBRTATWMGHNU4.jpg 1200w,https:\/\/www.infobae.com\/new-resizer\/r6fEKCgLPZXuiCaIZsQOiJawSsE=\/1440x810\/filters:format(webp):quality(85)\/cloudfront-us-east-1.images.arcpublishing.com\/infobae\/3FKB4H5RCBF2TMBRTATWMGHNU4.jpg 1440w\">Bullrich tambi\u00e9n se mostr\u00f3 con Juez y De Loredo<\/p>\n\n\n\n<p>Esos periplos se intercalar\u00e1n con recorridas y actos en el conurbano. La provincia de Buenos Aires es la m\u00e1s populosa del pa\u00eds y la oposici\u00f3n pretende volver a gobernarla. Mayo ser\u00e1 un mes de definiciones. Por un lado, Vidal comunicar\u00e1 si seguir\u00e1 con su candidatura presidencial o si se bajar\u00e1. En paralelo, Bullrich resolver\u00e1 qui\u00e9n ser\u00e1 su candidato a gobernador bonaerense. Debe definir entre sus tres actuales precandidatos:&nbsp;<strong>Joaqu\u00edn De La Torre (legislador y ex intendente de San Miguel), Javier Iguacel (intendente de Capit\u00e1n Sarmiento) y N\u00e9stor Grindetti<\/strong>&nbsp;(intendente de Lan\u00fas y presidente del Club Independiente). En tanto que&nbsp;<strong>Cristian Ritondo<\/strong>&nbsp;es el alfil de Vidal en provincia. El diputado nacional es leal a la ex gobernadora. Espera a conocer la decisi\u00f3n de su jefa pol\u00edtica. Si Vidal desiste de su plan presidencial, Ritondo abrir\u00e1 negociaciones con Bullrich -con quien ya existe conversaciones informales en ese sentido. En el larretismo, el candidato est\u00e1 resuelto:<strong>&nbsp;Diego Santilli<\/strong>, quien est\u00e1 mejor posicionado en las encuestas, es el postulante en provincia del jefe de Gobierno.<\/p>\n\n\n\n<p>Rodr\u00edguez Larreta se mostrar\u00e1 la semana que viene en Florencio Varela y en San Miguel, distritos relevantes del conurbano. All\u00ed har\u00e1 recorridas con vecinos y se encontrar\u00e1 con emprendedores locales. No descarta hacer recorridas junto a Santilli, aunque a\u00fan restan ultimar detalles de agenda. Mientras que el \u00faltimo fin de semana de abril, el alcalde porte\u00f1o har\u00e1 estar\u00e1 en el litoral. Planea pasar por Misiones y por Goya, Corrientes.<\/p>\n\n\n\n<p>En este contexto, Bullrich visitar\u00e1 esta tarde Lan\u00fas y Avellaneda. En el primer destino har\u00e1 una recorrida con Grindetti y Diego Kravetz, intendente interino hasta que dure la licencia de Grindetti (por su asunci\u00f3n como presidente de Independeinte). All\u00ed, presentar\u00e1n juntos la implementaci\u00f3n de armas no letales en el municipio. La seguridad es uno de los principales problemas del conurbanos y, al mismo tiempo, una bandera central en la narrativa y la campa\u00f1a bullrichista. La ex minstra de Seguridad seguir\u00e1 con recorridas por el conurbano el s\u00e1bado y el jueves de la semana pr\u00f3xima. Mientras que a finales de abril viajar\u00e1 a Salta y la primera semana de mayo recorrer\u00e1 La Rioja en modo campa\u00f1a.<\/p>\n\n\n\n<p>Vidal tampoco descuidar\u00e1 la provincia de Buenos Aires. Hoy estuvo junto a Ritondo en Esteban Echeverr\u00eda y Ezeiza. Ma\u00f1ana recorrer\u00e1 San Mart\u00edn y Luj\u00e1n y la semana que viene ir\u00e1 a Bah\u00eda Blanca, ciudad cabecera de la Sexta Secci\u00f3n electoral bonaerense. La diputada intensificar\u00e1 sus apariciones en medios y despliegue territorial hasta el \u00faltimo minuto en que defina cu\u00e1l ser\u00e1 su futuro pol\u00edtico. Sea como candidata a presidenta o no, le transmiti\u00f3 a su equipo de confianza que est\u00e1 decidida a tener un rol protag\u00f3nico dentro de JxC de cara a las pr\u00f3ximas elecciones.<\/p>\n\n\n\n<p>Fuente: Infobae<\/p>\n","protected":false},"excerpt":{"rendered":"<div class=\"mh-excerpt\"><p>El PRO no encuentra calma ni equilibrio. Juntos por el Cambio (JxC) tampoco. El renunciamiento electoral de Mauricio Macri marc\u00f3 un punto de inflexi\u00f3n. Al principio, no se sab\u00eda con certeza qu\u00e9 implicancias tendr\u00eda. D\u00edas despu\u00e9s, la decisi\u00f3n de Horacio Rodr\u00edguez Larreta de convocar a elecciones concurrentes fractur\u00f3 su v\u00ednculo pol\u00edtico con el ex presidente. Una semana despu\u00e9s, el fundador del PRO aguijone\u00f3 en p\u00fablico al jefe de Gobierno porte\u00f1o y coquete\u00f3 con las ideas econ\u00f3micas de Milei.&nbsp;Esos clivajes consolidaron las divisiones en la coalici\u00f3n opositora, que a dos meses de los cierres de listas no encuentra calma. En medio <a class=\"mh-excerpt-more\" href=\"http:\/\/dsrmedios.com.ar\/diario\/archivos\/31366\" title=\"Larreta, Bullrich y Vidal aceleran sus recorridas presidenciales: todos los caminos conducen a C\u00f3rdoba\">[Leer m\u00e1s]<\/a><\/p>\n<\/div>","protected":false},"author":6,"featured_media":31367,"comment_status":"open","ping_status":"closed","sticky":false,"template":"","format":"standard","meta":{"_jetpack_newsletter_access":""},"categories":[6],"tags":[],"jetpack_featured_media_url":"http:\/\/dsrmedios.com.ar\/diario\/wp-content\/uploads\/2023\/04\/descarga-28.jpg","jetpack_sharing_enabled":true,"jetpack_shortlink":"https:\/\/wp.me\/p9fihK-89U","_links":{"self":[{"href":"http:\/\/dsrmedios.com.ar\/diario\/wp-json\/wp\/v2\/posts\/31366"}],"collection":[{"href":"http:\/\/dsrmedios.com.ar\/diario\/wp-json\/wp\/v2\/posts"}],"about":[{"href":"http:\/\/dsrmedios.com.ar\/diario\/wp-json\/wp\/v2\/types\/post"}],"author":[{"embeddable":true,"href":"http:\/\/dsrmedios.com.ar\/diario\/wp-json\/wp\/v2\/users\/6"}],"replies":[{"embeddable":true,"href":"http:\/\/dsrmedios.com.ar\/diario\/wp-json\/wp\/v2\/comments?post=31366"}],"version-history":[{"count":1,"href":"http:\/\/dsrmedios.com.ar\/diario\/wp-json\/wp\/v2\/posts\/31366\/revisions"}],"predecessor-version":[{"id":31368,"href":"http:\/\/dsrmedios.com.ar\/diario\/wp-json\/wp\/v2\/posts\/31366\/revisions\/31368"}],"wp:featuredmedia":[{"embeddable":true,"href":"http:\/\/dsrmedios.com.ar\/diario\/wp-json\/wp\/v2\/media\/31367"}],"wp:attachment":[{"href":"http:\/\/dsrmedios.com.ar\/diario\/wp-json\/wp\/v2\/media?parent=31366"}],"wp:term":[{"taxonomy":"category","embeddable":true,"href":"http:\/\/dsrmedios.com.ar\/diario\/wp-json\/wp\/v2\/categories?post=31366"},{"taxonomy":"post_tag","embeddable":true,"href":"http:\/\/dsrmedios.com.ar\/diario\/wp-json\/wp\/v2\/tags?post=31366"}],"curies":[{"name":"wp","href":"https:\/\/api.w.org\/{rel}","templated":true}]}}