{"id":31355,"date":"2023-04-20T08:55:38","date_gmt":"2023-04-20T11:55:38","guid":{"rendered":"http:\/\/dsrmedios.com.ar\/diario\/?p=31355"},"modified":"2023-04-20T08:55:42","modified_gmt":"2023-04-20T11:55:42","slug":"con-el-dolar-blue-en-maximos-sergio-massa-admitio-la-tension-cambiaria-e-intento-calmar-el-ruido-politico","status":"publish","type":"post","link":"http:\/\/dsrmedios.com.ar\/diario\/archivos\/31355","title":{"rendered":"Con el d\u00f3lar blue en m\u00e1ximos, Sergio Massa admiti\u00f3 la tensi\u00f3n cambiaria e intent\u00f3 calmar el ruido pol\u00edtico"},"content":{"rendered":"\n<p>El ministro de Econom\u00eda,\u00a0<strong>Sergio Massa<\/strong>, expuso este jueves ante\u00a0<a rel=\"noreferrer noopener\" href=\"https:\/\/tn.com.ar\/economia\/2023\/04\/19\/empresarios-del-sector-energetico-se-reunen-en-neuquen-para-debatir-el-impacto-de-la-guerra-en-ucrania\/\" target=\"_blank\">empresarios en el evento energ\u00e9tico de IDEA<\/a>, que se desarrolla en Neuqu\u00e9n. El funcionario destac\u00f3 la importancia del sector para el desarrollo en el mediano y largo plazo de la Argentina.<\/p>\n\n\n\n<p><strong>\u201cLas crisis recurrentes de la Argentina tienen que ver con la escasez de d\u00f3lares, lo estamos viendo este a\u00f1o con la sequ\u00eda\u201d<\/strong>, indic\u00f3 el funcionario. Remarc\u00f3 que con la tracci\u00f3n de Vaca Muerta, el gasoducto a Buenos Aires y leyes de incentivos en 2030, el pa\u00eds puede convertirse en un exportador neto de gas y petr\u00f3leo.<\/p>\n\n\n\n<p>En ese sentido, explic\u00f3 que&nbsp;<strong>\u201c<\/strong>un sector como de<strong>&nbsp;oil &amp; gas necesita&nbsp;<\/strong>que tengamos una<strong>&nbsp;agenda compartida entre el sector privado y el p\u00fablico, de reglas claras\u201d<\/strong>&nbsp;y que ser\u00e1<strong>&nbsp;\u201cclave para la econom\u00eda y mucho m\u00e1s en este contexto de restricci\u00f3n\u201d<\/strong>.<\/p>\n\n\n\n<figure class=\"wp-block-image\"><img decoding=\"async\" src=\"https:\/\/tn.com.ar\/resizer\/s8lUEwx8xwgjNQBGK2_oOgGLiIQ=\/767x0\/smart\/filters:format(webp)\/cloudfront-us-east-1.images.arcpublishing.com\/artear\/DLQKFWTXOZGOJIFJ2GYV7IDFMY.jpg\" alt=\"El ministro de Econom\u00eda, Sergio Massa, durante su participaci\u00f3n virtual en el encuentro Experiencia IDEA Energ\u00eda. (Foto: captura de pantalla).\"\/><figcaption class=\"wp-element-caption\">El ministro de Econom\u00eda, Sergio Massa, durante su participaci\u00f3n virtual en el encuentro Experiencia IDEA Energ\u00eda. (Foto: captura de pantalla).<\/figcaption><\/figure>\n\n\n\n<p>\u201cSi cuidamos a los jugadores que invierten en la Argentina a los efectos de garantizar que tenemos un programa de desarrollo,<strong>&nbsp;tenemos la oportunidad de generarle a la argentina un \u2018segundo campo\u2019\u201d<\/strong>, se\u00f1al\u00f3, al mismo tiempo que aclar\u00f3 que&nbsp;<strong>\u201cno pretendemos competir con el campo, sino que ambas sean las dos grandes turbinas de la econom\u00eda Argentina\u201d<\/strong>.<\/p>\n\n\n\n<p>En paralelo, el ministro de Econom\u00eda hizo referencia a la culminaci\u00f3n de la construcci\u00f3n del primer tramo del gasoducto N\u00e9stor Kirchner para mitad de a\u00f1o, que derivar\u00e1 en<strong>\u00a0\u201cmenos de 2000 millones de d\u00f3lares en importaci\u00f3n de energ\u00eda\u201d para el segundo semestre de 2023.<\/strong><\/p>\n\n\n\n<p>\u201cEl gasoducto, por un cambio de gobierno, signific\u00f3 una demora de cuatro a\u00f1os, casi cinco, en su construcci\u00f3n. Signific\u00f3 que esa planificaci\u00f3n de largo plazo fuera modificada por una mirada de sesgo pol\u00edtico-partidario y no institucional\u201d, record\u00f3.<\/p>\n\n\n\n<p>M\u00e1s all\u00e1 de eso, anunci\u00f3 que el mismo d\u00eda en que se inaugure el primer tramo del Gasoducto Presidente N\u00e9stor Kirchner, se lanzar\u00e1 la licitaci\u00f3n para el segundo tramo, entre la ciudad bonaerense de Salliquel\u00f3 y la provincia de Santa Fe, para la que&nbsp;<strong>convocar\u00e1 al sector privado para que, junto al estado, trabaje \u201cde forma colaborativa y asociada\u201d<\/strong>.<\/p>\n\n\n\n<figure class=\"wp-block-image\"><img decoding=\"async\" src=\"https:\/\/tn.com.ar\/resizer\/yJGpidULfJKtgleKfb5uVWyBFxE=\/767x0\/smart\/filters:format(webp)\/cloudfront-us-east-1.images.arcpublishing.com\/artear\/LDAMXTFKK5H6BJQZT5LMS22MKE.jpg\" alt=\"El ministro de Econom\u00eda, Sergio Massa, durante su participaci\u00f3n virtual en el encuentro Experiencia IDEA Energ\u00eda (Foto: captura de pantalla).\"\/><figcaption class=\"wp-element-caption\">El ministro de Econom\u00eda, Sergio Massa, durante su participaci\u00f3n virtual en el encuentro Experiencia IDEA Energ\u00eda (Foto: captura de pantalla).<\/figcaption><\/figure>\n\n\n\n<p>Por otra parte, Massa puso el foco en el&nbsp;<strong>debate internacional sobre la transici\u00f3n energ\u00e9tica, el respaldo de organismos de cr\u00e9dito y el rol de algunos pa\u00edses<\/strong>, como la Argentina que, seg\u00fan sus declaraciones, \u201chacemos las cosas bien\u201d.<\/p>\n\n\n\n<p>\u201cHay una dualidad en los organismos multilaterales como el BID y el Banco Mundial que, con una mirada europeizante, no consideran al gas como combustible de la transici\u00f3n. En cambio, organismos de nuestra regi\u00f3n como la CAF (Banco de Desarrollo de Am\u00e9rica Latina) si lo ve as\u00ed y decidi\u00f3 financiar con US$ 540 millones para la reversi\u00f3n del Gasoducto del Norte\u201d, detall\u00f3.<\/p>\n\n\n\n<p><\/p>\n\n\n\n<p>En ese contexto, consider\u00f3 un aspecto central la asociaci\u00f3n entre financiaci\u00f3n internacional y un Estado que garantice la efectividad de las inversiones en el objetivo de consolidar \u201cinfraestructura y marcos normativos para garantizar que los vol\u00famenes de petr\u00f3leo y gas tengan mercados y las infraestructuras para acceder a esos mercados\u201d.<\/p>\n\n\n\n<p>\u201c<strong>Tambi\u00e9n es clave que a la hora de respetar la normativa vigente y la estabilidad fiscal, se tenga claridad y no haya ida y vueltas\u201d<\/strong>, agreg\u00f3 al solicitar que la energ\u00eda sea una pol\u00edtica de Estado que no sea vea modificada con los cambios de gobierno.<\/p>\n\n\n\n<p>Fuente: TN<\/p>\n","protected":false},"excerpt":{"rendered":"<div class=\"mh-excerpt\"><p>El ministro de Econom\u00eda,\u00a0Sergio Massa, expuso este jueves ante\u00a0empresarios en el evento energ\u00e9tico de IDEA, que se desarrolla en Neuqu\u00e9n. El funcionario destac\u00f3 la importancia del sector para el desarrollo en el mediano y largo plazo de la Argentina. \u201cLas crisis recurrentes de la Argentina tienen que ver con la escasez de d\u00f3lares, lo estamos viendo este a\u00f1o con la sequ\u00eda\u201d, indic\u00f3 el funcionario. Remarc\u00f3 que con la tracci\u00f3n de Vaca Muerta, el gasoducto a Buenos Aires y leyes de incentivos en 2030, el pa\u00eds puede convertirse en un exportador neto de gas y petr\u00f3leo. En ese sentido, explic\u00f3 que&nbsp;\u201cun <a class=\"mh-excerpt-more\" href=\"http:\/\/dsrmedios.com.ar\/diario\/archivos\/31355\" title=\"Con el d\u00f3lar blue en m\u00e1ximos, Sergio Massa admiti\u00f3 la tensi\u00f3n cambiaria e intent\u00f3 calmar el ruido pol\u00edtico\">[Leer m\u00e1s]<\/a><\/p>\n<\/div>","protected":false},"author":6,"featured_media":1444,"comment_status":"open","ping_status":"closed","sticky":false,"template":"","format":"standard","meta":{"_jetpack_newsletter_access":""},"categories":[6],"tags":[],"jetpack_featured_media_url":"http:\/\/dsrmedios.com.ar\/diario\/wp-content\/uploads\/2017\/10\/sergio-MAssa.jpg","jetpack_sharing_enabled":true,"jetpack_shortlink":"https:\/\/wp.me\/p9fihK-89J","_links":{"self":[{"href":"http:\/\/dsrmedios.com.ar\/diario\/wp-json\/wp\/v2\/posts\/31355"}],"collection":[{"href":"http:\/\/dsrmedios.com.ar\/diario\/wp-json\/wp\/v2\/posts"}],"about":[{"href":"http:\/\/dsrmedios.com.ar\/diario\/wp-json\/wp\/v2\/types\/post"}],"author":[{"embeddable":true,"href":"http:\/\/dsrmedios.com.ar\/diario\/wp-json\/wp\/v2\/users\/6"}],"replies":[{"embeddable":true,"href":"http:\/\/dsrmedios.com.ar\/diario\/wp-json\/wp\/v2\/comments?post=31355"}],"version-history":[{"count":1,"href":"http:\/\/dsrmedios.com.ar\/diario\/wp-json\/wp\/v2\/posts\/31355\/revisions"}],"predecessor-version":[{"id":31356,"href":"http:\/\/dsrmedios.com.ar\/diario\/wp-json\/wp\/v2\/posts\/31355\/revisions\/31356"}],"wp:featuredmedia":[{"embeddable":true,"href":"http:\/\/dsrmedios.com.ar\/diario\/wp-json\/wp\/v2\/media\/1444"}],"wp:attachment":[{"href":"http:\/\/dsrmedios.com.ar\/diario\/wp-json\/wp\/v2\/media?parent=31355"}],"wp:term":[{"taxonomy":"category","embeddable":true,"href":"http:\/\/dsrmedios.com.ar\/diario\/wp-json\/wp\/v2\/categories?post=31355"},{"taxonomy":"post_tag","embeddable":true,"href":"http:\/\/dsrmedios.com.ar\/diario\/wp-json\/wp\/v2\/tags?post=31355"}],"curies":[{"name":"wp","href":"https:\/\/api.w.org\/{rel}","templated":true}]}}