{"id":31343,"date":"2023-04-20T07:23:17","date_gmt":"2023-04-20T10:23:17","guid":{"rendered":"http:\/\/dsrmedios.com.ar\/diario\/?p=31343"},"modified":"2023-04-20T07:23:20","modified_gmt":"2023-04-20T10:23:20","slug":"cuando-empieza-netflix-a-cobrar-por-compartir-la-cuenta","status":"publish","type":"post","link":"http:\/\/dsrmedios.com.ar\/diario\/archivos\/31343","title":{"rendered":"Cu\u00e1ndo empieza Netflix a cobrar por compartir la cuenta"},"content":{"rendered":"\n<p><strong>Netflix<\/strong>&nbsp;inform\u00f3 cu\u00e1ndo comenzar\u00e1 a implementar su anunciado plan de pago compartido, para evitar que usuarios presten sus contrase\u00f1as a otros .<\/p>\n\n\n\n<p>La plataforma de streaming anunci\u00f3 en varias ocasiones que comenzar\u00edan a cobrar las cuentas extras&nbsp;pero es la primera vez se oficializa.<\/p>\n\n\n\n<h2><\/h2>\n\n\n\n<p>El codirector ejecutivo,&nbsp;<strong>Greg Peters<\/strong>, inform\u00f3 que &#8220;el programa debutar\u00e1 en el segundo trimestre -fines de junio- en la gran mayor\u00eda de los pa\u00edses que tienen Netflix&#8221;.<\/p>\n\n\n\n<p>Los precios de la suscripci\u00f3n var\u00edan seg\u00fan el pa\u00eds e impuestos correspondientes de cada territorio. Sin embargo,&nbsp;no trascendieron mayores precisiones o detalles al respecto.<\/p>\n\n\n\n<h2>La opci\u00f3n de Netflix de compra de integrante adicional<\/h2>\n\n\n\n<p>Netflix lanz\u00f3 en febrero en Canad\u00e1, Nueva Zelanda, Portugal y Espa\u00f1a un intento de opci\u00f3n de&nbsp;<strong>&#8220;comprar un integrante adicional&#8221;<\/strong>&nbsp;que permita a los titulares de cuentas principales pagar una tarifa mensual adicional por una subcuenta para una o dos personas. Este mismo modelo se prob\u00f3 en Chile, Costa Rica y Per\u00fa.<\/p>\n\n\n\n<p>A ra\u00edz de eso,\u00a0muchos de ellos optaron por dar de baja sus suscripciones antes que tener que pagar un adicional.\u00a0Netflix alcanz\u00f3 este trimestre 232,5 millones de suscriptores, lo que representa un 4,9% m\u00e1s que en el mismo per\u00edodo del a\u00f1o pasado, el mayor n\u00famero de abonados en la historia de la empresa, y decidi\u00f3 lanzar definitivamente el programa.<\/p>\n\n\n\n<p>Fuente: Minutouno<\/p>\n","protected":false},"excerpt":{"rendered":"<div class=\"mh-excerpt\"><p>Netflix&nbsp;inform\u00f3 cu\u00e1ndo comenzar\u00e1 a implementar su anunciado plan de pago compartido, para evitar que usuarios presten sus contrase\u00f1as a otros . La plataforma de streaming anunci\u00f3 en varias ocasiones que comenzar\u00edan a cobrar las cuentas extras&nbsp;pero es la primera vez se oficializa. El codirector ejecutivo,&nbsp;Greg Peters, inform\u00f3 que &#8220;el programa debutar\u00e1 en el segundo trimestre -fines de junio- en la gran mayor\u00eda de los pa\u00edses que tienen Netflix&#8221;. Los precios de la suscripci\u00f3n var\u00edan seg\u00fan el pa\u00eds e impuestos correspondientes de cada territorio. Sin embargo,&nbsp;no trascendieron mayores precisiones o detalles al respecto. La opci\u00f3n de Netflix de compra de integrante <a class=\"mh-excerpt-more\" href=\"http:\/\/dsrmedios.com.ar\/diario\/archivos\/31343\" title=\"Cu\u00e1ndo empieza Netflix a cobrar por compartir la cuenta\">[Leer m\u00e1s]<\/a><\/p>\n<\/div>","protected":false},"author":6,"featured_media":31344,"comment_status":"open","ping_status":"closed","sticky":false,"template":"","format":"standard","meta":{"_jetpack_newsletter_access":""},"categories":[6],"tags":[],"jetpack_featured_media_url":"http:\/\/dsrmedios.com.ar\/diario\/wp-content\/uploads\/2023\/04\/descarga-27.jpg","jetpack_sharing_enabled":true,"jetpack_shortlink":"https:\/\/wp.me\/p9fihK-89x","_links":{"self":[{"href":"http:\/\/dsrmedios.com.ar\/diario\/wp-json\/wp\/v2\/posts\/31343"}],"collection":[{"href":"http:\/\/dsrmedios.com.ar\/diario\/wp-json\/wp\/v2\/posts"}],"about":[{"href":"http:\/\/dsrmedios.com.ar\/diario\/wp-json\/wp\/v2\/types\/post"}],"author":[{"embeddable":true,"href":"http:\/\/dsrmedios.com.ar\/diario\/wp-json\/wp\/v2\/users\/6"}],"replies":[{"embeddable":true,"href":"http:\/\/dsrmedios.com.ar\/diario\/wp-json\/wp\/v2\/comments?post=31343"}],"version-history":[{"count":1,"href":"http:\/\/dsrmedios.com.ar\/diario\/wp-json\/wp\/v2\/posts\/31343\/revisions"}],"predecessor-version":[{"id":31345,"href":"http:\/\/dsrmedios.com.ar\/diario\/wp-json\/wp\/v2\/posts\/31343\/revisions\/31345"}],"wp:featuredmedia":[{"embeddable":true,"href":"http:\/\/dsrmedios.com.ar\/diario\/wp-json\/wp\/v2\/media\/31344"}],"wp:attachment":[{"href":"http:\/\/dsrmedios.com.ar\/diario\/wp-json\/wp\/v2\/media?parent=31343"}],"wp:term":[{"taxonomy":"category","embeddable":true,"href":"http:\/\/dsrmedios.com.ar\/diario\/wp-json\/wp\/v2\/categories?post=31343"},{"taxonomy":"post_tag","embeddable":true,"href":"http:\/\/dsrmedios.com.ar\/diario\/wp-json\/wp\/v2\/tags?post=31343"}],"curies":[{"name":"wp","href":"https:\/\/api.w.org\/{rel}","templated":true}]}}