{"id":31338,"date":"2023-04-20T07:14:42","date_gmt":"2023-04-20T10:14:42","guid":{"rendered":"http:\/\/dsrmedios.com.ar\/diario\/?p=31338"},"modified":"2023-04-20T07:14:45","modified_gmt":"2023-04-20T10:14:45","slug":"con-lo-justo-la-ley-anti-lavado-obtuvo-media-sancion","status":"publish","type":"post","link":"http:\/\/dsrmedios.com.ar\/diario\/archivos\/31338","title":{"rendered":"Con lo justo, la ley anti lavado obtuvo media sanci\u00f3n"},"content":{"rendered":"\n<p>La reforma de la ley de Prevenci\u00f3n y Represi\u00f3n del&nbsp;<strong>Lavado de Activos<\/strong>&nbsp;obtuvo media sanci\u00f3n ayer en la C\u00e1mara de Diputados de la Naci\u00f3n. El proyecto impulsado por el gobierno para cumplir con los est\u00e1ndares del Grupo de Acci\u00f3n Financiera Internacional (GAFI) tuvo&nbsp;<a href=\"https:\/\/votaciones.hcdn.gob.ar\/votacion\/4773\" target=\"_blank\" rel=\"noreferrer noopener\">111 votos a favor, 96 en contra y 5 abstenciones<\/a>. Juntos por el Cambio vot\u00f3 dividido y Patria Grande no acompa\u00f1\u00f3 al Frente de Todos.<\/p>\n\n\n\n<p>La sesi\u00f3n ordinaria de ayer se pudo convocar gracias al acuerdo de las fuerzas mayoritarias. Seg\u00fan se esperaba, la orden del d\u00eda no iba a generar mayores pol\u00e9micas porque&nbsp;<a href=\"https:\/\/infocielo.com\/diputados\/diputados-aprobo-el-proyecto-acompanamiento-familias-ninos-sindrome-down-n760834\" target=\"_blank\" rel=\"noreferrer noopener\">iban a aprobar iniciativas que ya estaban consensuadas<\/a>. Sin embargo, cuando lleg\u00f3 el momento de tratar el proyecto de ley anti lavado se impuso la incertidumbre.<\/p>\n\n\n\n<p><\/p>\n\n\n\n<p>Por un lado, los legisladores de la Coalici\u00f3n C\u00edvica y de Evoluci\u00f3n Radical hab\u00edan llegado al debate con un dictamen de minor\u00eda en conjunto con el interbloque Federal por lo que su voto en contra ya estaba contado. La bancada del Frente de Izquierda y de Avanza Libertad tambi\u00e9n iban a votar en contra. Otras de las fuerzas que se opuso fue Identidad Bonaerense.<\/p>\n\n\n\n<figure class=\"wp-block-image\"><img decoding=\"async\" src=\"https:\/\/media.infocielo.com\/p\/cbdada677938f41679828c8034ed5806\/adjuntos\/299\/imagenes\/001\/629\/0001629067\/myriam-bregman-debate-ley-anti-lavado-jpg.jpg?2023-04-20-07-38-05\" alt=\"La diputada del FIT Myriam Bregman fue una de las cr&iacute;ticas del proyecto de ley anti lavado que obtuvo media sanci&oacute;n.\"\/><\/figure>\n\n\n\n<p>La diputada del FIT Myriam Bregman fue una de las cr\u00edticas del proyecto de ley anti lavado que obtuvo media sanci\u00f3n.<\/p>\n\n\n\n<p>Sin embargo, una de las sorpresas de la tarde fue la del PRO que vot\u00f3 dividido a pesar de que&nbsp;<a href=\"https:\/\/infocielo.com\/diputados\/la-reforma-la-ley-lavado-activos-obtuvo-dictamen-diputados-n760723\" target=\"_blank\" rel=\"noreferrer noopener\">hab\u00eda sido parte de la elaboraci\u00f3n del dictamen<\/a>. De sus 50 representantes, 38 votaron en contra cambiando de opini\u00f3n a \u00faltimo momento.<\/p>\n\n\n\n<p>La segunda novedad tuvo que ver con Patria Grande, el espacio liderado por&nbsp;<strong>Juan Grabois<\/strong>. Sus tres diputados se abstuvieron de votar a pesar de que se esperaba que acompa\u00f1en al Frente de Todos ya que integran el bloque oficialista. Las otras abstenciones vinieron de parte de&nbsp;<strong>Carlos Zapata<\/strong>&nbsp;y&nbsp;<strong>Paula Omodeo<\/strong>.<\/p>\n\n\n\n<p>Las principales objeciones hacia el proyecto de ley tuvieron que ver con un supuesto apuro del oficialismo que impidi\u00f3 un an\u00e1lisis profundo. Sin embargo,&nbsp;<a href=\"https:\/\/infocielo.com\/diputados\/funcionarios-y-abogados-expusieron-diputados-un-proyecto-el-lavado-activos-n751203\" target=\"_blank\" rel=\"noreferrer noopener\">la iniciativa viene trabaj\u00e1ndose desde el a\u00f1o pasado<\/a>. El otro cuestionamiento reiterado fue que la nueva Unidad de Informaci\u00f3n Financiera no ser\u00eda aut\u00f3noma del Poder Ejecutivo.<\/p>\n\n\n\n<p>El debate termin\u00f3 con la palabra del jefe de bloque del Frente de Todos,\u00a0<strong>Germ\u00e1n Mart\u00ednez<\/strong>, quien neg\u00f3 haber consensuado el proyecto con autoridades del FMI. &#8220;Tener una mejor normativa en lo que tiene que ver con el lavado de activos, va a cortar muchos de los v\u00ednculos que tienen el narcotr\u00e1fico con el delito de lavado&#8221;, asegur\u00f3 el santafesino.<\/p>\n\n\n\n<p>Fuente: Infocielo<\/p>\n","protected":false},"excerpt":{"rendered":"<div class=\"mh-excerpt\"><p>La reforma de la ley de Prevenci\u00f3n y Represi\u00f3n del&nbsp;Lavado de Activos&nbsp;obtuvo media sanci\u00f3n ayer en la C\u00e1mara de Diputados de la Naci\u00f3n. El proyecto impulsado por el gobierno para cumplir con los est\u00e1ndares del Grupo de Acci\u00f3n Financiera Internacional (GAFI) tuvo&nbsp;111 votos a favor, 96 en contra y 5 abstenciones. Juntos por el Cambio vot\u00f3 dividido y Patria Grande no acompa\u00f1\u00f3 al Frente de Todos. La sesi\u00f3n ordinaria de ayer se pudo convocar gracias al acuerdo de las fuerzas mayoritarias. Seg\u00fan se esperaba, la orden del d\u00eda no iba a generar mayores pol\u00e9micas porque&nbsp;iban a aprobar iniciativas que ya <a class=\"mh-excerpt-more\" href=\"http:\/\/dsrmedios.com.ar\/diario\/archivos\/31338\" title=\"Con lo justo, la ley anti lavado obtuvo media sanci\u00f3n\">[Leer m\u00e1s]<\/a><\/p>\n<\/div>","protected":false},"author":6,"featured_media":24204,"comment_status":"open","ping_status":"closed","sticky":false,"template":"","format":"standard","meta":{"_jetpack_newsletter_access":""},"categories":[6],"tags":[],"jetpack_featured_media_url":"http:\/\/dsrmedios.com.ar\/diario\/wp-content\/uploads\/2021\/06\/senado11.jpg","jetpack_sharing_enabled":true,"jetpack_shortlink":"https:\/\/wp.me\/p9fihK-89s","_links":{"self":[{"href":"http:\/\/dsrmedios.com.ar\/diario\/wp-json\/wp\/v2\/posts\/31338"}],"collection":[{"href":"http:\/\/dsrmedios.com.ar\/diario\/wp-json\/wp\/v2\/posts"}],"about":[{"href":"http:\/\/dsrmedios.com.ar\/diario\/wp-json\/wp\/v2\/types\/post"}],"author":[{"embeddable":true,"href":"http:\/\/dsrmedios.com.ar\/diario\/wp-json\/wp\/v2\/users\/6"}],"replies":[{"embeddable":true,"href":"http:\/\/dsrmedios.com.ar\/diario\/wp-json\/wp\/v2\/comments?post=31338"}],"version-history":[{"count":1,"href":"http:\/\/dsrmedios.com.ar\/diario\/wp-json\/wp\/v2\/posts\/31338\/revisions"}],"predecessor-version":[{"id":31339,"href":"http:\/\/dsrmedios.com.ar\/diario\/wp-json\/wp\/v2\/posts\/31338\/revisions\/31339"}],"wp:featuredmedia":[{"embeddable":true,"href":"http:\/\/dsrmedios.com.ar\/diario\/wp-json\/wp\/v2\/media\/24204"}],"wp:attachment":[{"href":"http:\/\/dsrmedios.com.ar\/diario\/wp-json\/wp\/v2\/media?parent=31338"}],"wp:term":[{"taxonomy":"category","embeddable":true,"href":"http:\/\/dsrmedios.com.ar\/diario\/wp-json\/wp\/v2\/categories?post=31338"},{"taxonomy":"post_tag","embeddable":true,"href":"http:\/\/dsrmedios.com.ar\/diario\/wp-json\/wp\/v2\/tags?post=31338"}],"curies":[{"name":"wp","href":"https:\/\/api.w.org\/{rel}","templated":true}]}}