{"id":31336,"date":"2023-04-20T07:12:15","date_gmt":"2023-04-20T10:12:15","guid":{"rendered":"http:\/\/dsrmedios.com.ar\/diario\/?p=31336"},"modified":"2023-04-20T07:12:19","modified_gmt":"2023-04-20T10:12:19","slug":"arba-en-la-mira-un-informe-oficial-confirma-la-caida-en-la-recaudacion","status":"publish","type":"post","link":"http:\/\/dsrmedios.com.ar\/diario\/archivos\/31336","title":{"rendered":"ARBA en la mira: un informe oficial confirma la ca\u00edda en la recaudaci\u00f3n"},"content":{"rendered":"\n<p>La recaudaci\u00f3n de impuestos de la&nbsp;<strong>provincia de Buenos Aires<\/strong>&nbsp;crece pero se cae y despierta preocupaci\u00f3n en todos los niveles del Estado. Como ya cont\u00f3 INFOCIELO, son varios&nbsp;<a href=\"https:\/\/infocielo.com\/arba\/a-arba-se-le-cae-la-recaudacion-y-los-intendentes-empiezan-preocuparse-n760688\" target=\"_blank\" rel=\"noreferrer noopener\">los intendentes que detectan que el goteo diario de la coparticipaci\u00f3n decae<\/a>&nbsp;y apuntan sus miradas a&nbsp;<strong>ARBA<\/strong>.<\/p>\n\n\n\n<p>Hoy, un informe oficial confirm\u00f3 la tendencia. Se trata de la\u00a0<a rel=\"noreferrer noopener\" href=\"https:\/\/www.gba.gob.ar\/hacienda_y_finanzas\/direccion_provincial_de_presupuesto_publico\/ejecucion_presupuestaria\" target=\"_blank\">Ejecuci\u00f3n Presupuestaria de 2022<\/a>, elaborada por el<strong>\u00a0Gobierno de la Provincia de Buenos Aires<\/strong>, donde se evidencia que en t\u00e9rminos reales hay cada vez menos recursos.<\/p>\n\n\n\n<p>El extracto revela que los ingresos totales de la Provincia superaron los 3.8 billones de pesos, una marca que est\u00e1 83,1 por ciento arriba de la de 2021. El problema es,&nbsp;<strong>como en ese mismo per\u00edodo la inflaci\u00f3n roz\u00f3 los 95 puntos, en t\u00e9rminos reales el crecimiento de los ingresos es negativo por casi 12 por ciento.<\/strong><\/p>\n\n\n\n<p>El problema se agrava cuando se consideran \u00fanicamente los recursos de origen provincial, es decir, lo que recauda ARBA. All\u00ed el incremento interanual es de 78 por ciento, es decir que<strong>&nbsp;hay 17 puntos de ca\u00edda en t\u00e9rminos reales.<\/strong><\/p>\n\n\n\n<p>Tal vez eso explique por qu\u00e9 este a\u00f1o la agencia que conduce<strong>&nbsp;Cristian Girard&nbsp;<\/strong>no distribuy\u00f3 el cl\u00e1sico comunicado en el que celebra el \u00e9xito de la gesti\u00f3n medida por este mismo par\u00e1metro.<\/p>\n\n\n\n<figure class=\"wp-block-image\"><img decoding=\"async\" src=\"https:\/\/media.infocielo.com\/p\/b8e2c1266d8fd9469853758916d73df9\/adjuntos\/299\/imagenes\/001\/628\/0001628936\/887x0\/smart\/imagepng.png\" alt=\"La recaudaci\u00f3n de 2022 se cae y ARBA est\u00e1 en la mira\"\/><\/figure>\n\n\n\n<p>La recaudaci\u00f3n de 2022 se cae y ARBA est\u00e1 en la mira<\/p>\n\n\n\n<p>Siempre seg\u00fan el reporte del Gobierno provincial,<strong>&nbsp;Ingresos Brutos<\/strong>, que es el tributo que m\u00e1s pesa a la hora de recaudar, &#8220;registr\u00f3 una suba de 82,9% interanual&#8221;, lo cual lo pone&nbsp;<strong>12 puntos por abajo del \u00edndice de precios.<\/strong><\/p>\n\n\n\n<p>Es curioso, ya que se trata de un impuesto atado al nivel de facturaci\u00f3n. INFOCIELO consult\u00f3 a especialistas en materia tributaria y se\u00f1alaron que las causas pueden ser dos: evasi\u00f3n o ca\u00edda de la actividad.<\/p>\n\n\n\n<p>Hay impuestos que subieron menos y son, parad\u00f3jicamente, los patrimoniales. Se estima que se trata de impuestos de car\u00e1cter progresivo porque gravan la riqueza y no la producci\u00f3n, pero el gobierno provincial les impuso topes.<\/p>\n\n\n\n<p>La recaudaci\u00f3n de<strong>l Impuesto Automotor creci\u00f3 53,7 por ciento; el Impuesto Inmobiliario registr\u00f3 una variaci\u00f3n de 65 por ciento<\/strong>. Son pr\u00e1cticamente 40 puntos por debajo de la inflaci\u00f3n, casi a pedir de boca de las tendencias liberales que piden la eliminaci\u00f3n de cualquier tipo de carga impositiva.<\/p>\n\n\n\n<p>Fuente: Infocielo<\/p>\n","protected":false},"excerpt":{"rendered":"<div class=\"mh-excerpt\"><p>La recaudaci\u00f3n de impuestos de la&nbsp;provincia de Buenos Aires&nbsp;crece pero se cae y despierta preocupaci\u00f3n en todos los niveles del Estado. Como ya cont\u00f3 INFOCIELO, son varios&nbsp;los intendentes que detectan que el goteo diario de la coparticipaci\u00f3n decae&nbsp;y apuntan sus miradas a&nbsp;ARBA. Hoy, un informe oficial confirm\u00f3 la tendencia. Se trata de la\u00a0Ejecuci\u00f3n Presupuestaria de 2022, elaborada por el\u00a0Gobierno de la Provincia de Buenos Aires, donde se evidencia que en t\u00e9rminos reales hay cada vez menos recursos. El extracto revela que los ingresos totales de la Provincia superaron los 3.8 billones de pesos, una marca que est\u00e1 83,1 por ciento <a class=\"mh-excerpt-more\" href=\"http:\/\/dsrmedios.com.ar\/diario\/archivos\/31336\" title=\"ARBA en la mira: un informe oficial confirma la ca\u00edda en la recaudaci\u00f3n\">[Leer m\u00e1s]<\/a><\/p>\n<\/div>","protected":false},"author":6,"featured_media":1962,"comment_status":"open","ping_status":"closed","sticky":false,"template":"","format":"standard","meta":{"_jetpack_newsletter_access":""},"categories":[6],"tags":[],"jetpack_featured_media_url":"http:\/\/dsrmedios.com.ar\/diario\/wp-content\/uploads\/2017\/10\/arba.jpg","jetpack_sharing_enabled":true,"jetpack_shortlink":"https:\/\/wp.me\/p9fihK-89q","_links":{"self":[{"href":"http:\/\/dsrmedios.com.ar\/diario\/wp-json\/wp\/v2\/posts\/31336"}],"collection":[{"href":"http:\/\/dsrmedios.com.ar\/diario\/wp-json\/wp\/v2\/posts"}],"about":[{"href":"http:\/\/dsrmedios.com.ar\/diario\/wp-json\/wp\/v2\/types\/post"}],"author":[{"embeddable":true,"href":"http:\/\/dsrmedios.com.ar\/diario\/wp-json\/wp\/v2\/users\/6"}],"replies":[{"embeddable":true,"href":"http:\/\/dsrmedios.com.ar\/diario\/wp-json\/wp\/v2\/comments?post=31336"}],"version-history":[{"count":1,"href":"http:\/\/dsrmedios.com.ar\/diario\/wp-json\/wp\/v2\/posts\/31336\/revisions"}],"predecessor-version":[{"id":31337,"href":"http:\/\/dsrmedios.com.ar\/diario\/wp-json\/wp\/v2\/posts\/31336\/revisions\/31337"}],"wp:featuredmedia":[{"embeddable":true,"href":"http:\/\/dsrmedios.com.ar\/diario\/wp-json\/wp\/v2\/media\/1962"}],"wp:attachment":[{"href":"http:\/\/dsrmedios.com.ar\/diario\/wp-json\/wp\/v2\/media?parent=31336"}],"wp:term":[{"taxonomy":"category","embeddable":true,"href":"http:\/\/dsrmedios.com.ar\/diario\/wp-json\/wp\/v2\/categories?post=31336"},{"taxonomy":"post_tag","embeddable":true,"href":"http:\/\/dsrmedios.com.ar\/diario\/wp-json\/wp\/v2\/tags?post=31336"}],"curies":[{"name":"wp","href":"https:\/\/api.w.org\/{rel}","templated":true}]}}