{"id":31330,"date":"2023-04-20T07:09:15","date_gmt":"2023-04-20T10:09:15","guid":{"rendered":"http:\/\/dsrmedios.com.ar\/diario\/?p=31330"},"modified":"2023-04-20T07:09:19","modified_gmt":"2023-04-20T10:09:19","slug":"viviendas-en-adolfo-alsina-se-adjudico-la-obra-para-las-de-villa-maza-y-en-mayo-sera-la-nueva-apertura-de-propuestas-por-las-de-carhue-y-rivera","status":"publish","type":"post","link":"http:\/\/dsrmedios.com.ar\/diario\/archivos\/31330","title":{"rendered":"<strong>Viviendas en Adolfo Alsina: se adjudic\u00f3 la obra para las de Villa Maza y en mayo ser\u00e1 la nueva apertura de propuestas por las de Carhu\u00e9 y Rivera<\/strong>"},"content":{"rendered":"\n<p>La Municipalidad de Adolfo Alsina realiz\u00f3 llamados a licitaci\u00f3n para la construcci\u00f3n de 83 viviendas en el distrito.&nbsp;<br>Las 36 viviendas para Villa Maza se adjudicaron a la empresa JUSA S.A. Constructora Industrial por un monto de $444.601.820,67.&nbsp;<\/p>\n\n\n\n<p>Los llamados correspondientes a las &nbsp;37 de Rivera y 10 de Carhu\u00e9 quedaron desiertos en el primer llamado &nbsp;y ya est\u00e1 en curso un nuevo llamado cuya apertura de propuestas ser\u00e1 el 9 de mayo.&nbsp;<\/p>\n\n\n\n<p>Las casas tendr\u00e1n m\u00e1s de 58m2 y contar\u00e1n con dos dormitorios y se realizar\u00e1n a trav\u00e9s del Instituto de la Vivienda (IVBA) , &nbsp;en el marco del acuerdo con el Ministerio de H\u00e1bitat y Desarrollo Urbano de la Provincia de Buenos Aires. Las 83 viviendas implican una inversi\u00f3n total de m\u00e1s de 1.034 millones, actualizables por UVIs.&nbsp;<\/p>\n","protected":false},"excerpt":{"rendered":"<div class=\"mh-excerpt\"><p>La Municipalidad de Adolfo Alsina realiz\u00f3 llamados a licitaci\u00f3n para la construcci\u00f3n de 83 viviendas en el distrito.&nbsp;Las 36 viviendas para Villa Maza se adjudicaron a la empresa JUSA S.A. Constructora Industrial por un monto de $444.601.820,67.&nbsp; Los llamados correspondientes a las &nbsp;37 de Rivera y 10 de Carhu\u00e9 quedaron desiertos en el primer llamado &nbsp;y ya est\u00e1 en curso un nuevo llamado cuya apertura de propuestas ser\u00e1 el 9 de mayo.&nbsp; Las casas tendr\u00e1n m\u00e1s de 58m2 y contar\u00e1n con dos dormitorios y se realizar\u00e1n a trav\u00e9s del Instituto de la Vivienda (IVBA) , &nbsp;en el marco del acuerdo <a class=\"mh-excerpt-more\" href=\"http:\/\/dsrmedios.com.ar\/diario\/archivos\/31330\" title=\"Viviendas en Adolfo Alsina: se adjudic\u00f3 la obra para las de Villa Maza y en mayo ser\u00e1 la nueva apertura de propuestas por las de Carhu\u00e9 y Rivera\">[Leer m\u00e1s]<\/a><\/p>\n<\/div>","protected":false},"author":6,"featured_media":31331,"comment_status":"open","ping_status":"closed","sticky":false,"template":"","format":"standard","meta":{"_jetpack_newsletter_access":""},"categories":[31,5],"tags":[],"jetpack_featured_media_url":"http:\/\/dsrmedios.com.ar\/diario\/wp-content\/uploads\/2023\/04\/2123c191-5ec8-d7e5-c687-94080777ddbb.jpg","jetpack_sharing_enabled":true,"jetpack_shortlink":"https:\/\/wp.me\/p9fihK-89k","_links":{"self":[{"href":"http:\/\/dsrmedios.com.ar\/diario\/wp-json\/wp\/v2\/posts\/31330"}],"collection":[{"href":"http:\/\/dsrmedios.com.ar\/diario\/wp-json\/wp\/v2\/posts"}],"about":[{"href":"http:\/\/dsrmedios.com.ar\/diario\/wp-json\/wp\/v2\/types\/post"}],"author":[{"embeddable":true,"href":"http:\/\/dsrmedios.com.ar\/diario\/wp-json\/wp\/v2\/users\/6"}],"replies":[{"embeddable":true,"href":"http:\/\/dsrmedios.com.ar\/diario\/wp-json\/wp\/v2\/comments?post=31330"}],"version-history":[{"count":1,"href":"http:\/\/dsrmedios.com.ar\/diario\/wp-json\/wp\/v2\/posts\/31330\/revisions"}],"predecessor-version":[{"id":31332,"href":"http:\/\/dsrmedios.com.ar\/diario\/wp-json\/wp\/v2\/posts\/31330\/revisions\/31332"}],"wp:featuredmedia":[{"embeddable":true,"href":"http:\/\/dsrmedios.com.ar\/diario\/wp-json\/wp\/v2\/media\/31331"}],"wp:attachment":[{"href":"http:\/\/dsrmedios.com.ar\/diario\/wp-json\/wp\/v2\/media?parent=31330"}],"wp:term":[{"taxonomy":"category","embeddable":true,"href":"http:\/\/dsrmedios.com.ar\/diario\/wp-json\/wp\/v2\/categories?post=31330"},{"taxonomy":"post_tag","embeddable":true,"href":"http:\/\/dsrmedios.com.ar\/diario\/wp-json\/wp\/v2\/tags?post=31330"}],"curies":[{"name":"wp","href":"https:\/\/api.w.org\/{rel}","templated":true}]}}