{"id":31316,"date":"2023-04-20T06:58:28","date_gmt":"2023-04-20T09:58:28","guid":{"rendered":"http:\/\/dsrmedios.com.ar\/diario\/?p=31316"},"modified":"2023-04-20T06:58:31","modified_gmt":"2023-04-20T09:58:31","slug":"el-frente-de-todos-quedo-envuelto-en-un-clima-conflictivo-y-espera-bajar-la-tension-en-la-reunion-del-pj","status":"publish","type":"post","link":"http:\/\/dsrmedios.com.ar\/diario\/archivos\/31316","title":{"rendered":"El Frente de Todos qued\u00f3 envuelto en un clima conflictivo y espera bajar la tensi\u00f3n en la reuni\u00f3n del PJ"},"content":{"rendered":"\n<p>Fueron algunos pocos d\u00edas de calma. Demasiado pocos. El&nbsp;<strong>gobierno nacional&nbsp;<\/strong>volvi\u00f3 a caer en un pozo sin fondo. La interna feroz que lo atraviesa de principio a fin tuvo m\u00faltiples cap\u00edtulos en pocas horas. Parece no haber forma para que se encamine el v\u00ednculo pol\u00edtico que une a los distintos los sectores que conforman el Frente de Todos.<\/p>\n\n\n\n<p>Fueron dos d\u00edas seguidos de malas noticias para la Casa Rosada. El martes los rumores sobre una posible salida de<strong>&nbsp;Sergio Massa<\/strong>&nbsp;del Ministerio de Econom\u00eda alteraron al Gobierno y, principalmente, a los mercados. En Balcarce 50 atribuyen la escalada feroz del d\u00f3lar blue a la inestabilidad que generaron los trascendidos a lo largo de ese d\u00eda.<\/p>\n\n\n\n<p>El resultado pol\u00edtico fue negativo. El ahora ex jefe de Asesores del Presidente&nbsp;<strong>Antonio Aracre<\/strong>&nbsp;fue desplazado de su cargo. Su nombre son\u00f3 como posible reemplazo de Massa y el clima interno se enrareci\u00f3 r\u00e1pidamente. En la Casa Rosada ya lo miraban con desconfianza porque consideraban que filtraba&nbsp;<em>off the de records&nbsp;<\/em>a los periodistas. Present\u00f3 su renuncia, lo avis\u00f3 por Twitter y dijo adi\u00f3s.<\/p>\n\n\n\n<p>Los rumores enfurecieron a Massa. La expresi\u00f3n p\u00fablica m\u00e1s cabal de ese enojo llev\u00f3 la firma de una de las dirigentes de m\u00e1s confianza que tiene el ministro de Econom\u00eda, la presidenta de la C\u00e1mara de Diputados, Cecilia Moreau.&nbsp;<strong>\u201cHay que dejarse de joder con estas especulaciones y operaciones y ponerse a trabajar\u201d<\/strong>, sostuvo durante una entrevista.<\/p>\n\n\n\n<p><img decoding=\"async\" loading=\"lazy\" alt=\"Antonio Aracre junto a Sergio Massa. Una relaci\u00f3n que nunca fluy\u00f3\" height=\"383\" width=\"680\" class=\"\" src=\"https:\/\/cloudfront-us-east-1.images.arcpublishing.com\/infobae\/AQSL72ZUHZHZ5BIJL6F7IS6UUI.jfif\" srcset=\"https:\/\/www.infobae.com\/new-resizer\/iYkHMmMrhB9G5C9MEQqQ2fLW-Ao=\/420x236\/filters:format(webp):quality(85)\/cloudfront-us-east-1.images.arcpublishing.com\/infobae\/AQSL72ZUHZHZ5BIJL6F7IS6UUI.jfif 420w,https:\/\/www.infobae.com\/new-resizer\/KZPLNThmnjICakBeygFIgqNwhRE=\/768x432\/filters:format(webp):quality(85)\/cloudfront-us-east-1.images.arcpublishing.com\/infobae\/AQSL72ZUHZHZ5BIJL6F7IS6UUI.jfif 768w,https:\/\/www.infobae.com\/new-resizer\/eP4BeAH_MnfXm1rqljHNKL3yAQ8=\/992x558\/filters:format(webp):quality(85)\/cloudfront-us-east-1.images.arcpublishing.com\/infobae\/AQSL72ZUHZHZ5BIJL6F7IS6UUI.jfif 992w,https:\/\/www.infobae.com\/new-resizer\/p-vzz6jPK8cpAIZL8IqIsfVXwvg=\/1200x675\/filters:format(webp):quality(85)\/cloudfront-us-east-1.images.arcpublishing.com\/infobae\/AQSL72ZUHZHZ5BIJL6F7IS6UUI.jfif 1200w,https:\/\/www.infobae.com\/new-resizer\/yHw-_Sjqy4ub9KE2YL8Xak6LCwA=\/1440x810\/filters:format(webp):quality(85)\/cloudfront-us-east-1.images.arcpublishing.com\/infobae\/AQSL72ZUHZHZ5BIJL6F7IS6UUI.jfif 1440w\">Antonio Aracre junto a Sergio Massa. Una relaci\u00f3n que nunca fluy\u00f3<\/p>\n\n\n\n<p>En el Gobierno aseguran que respaldan la gesti\u00f3n de Massa en este momento tan complejo. No solo es una cuesti\u00f3n l\u00f3gica,&nbsp;<strong>sino tambi\u00e9n de supervivencia.<\/strong>&nbsp;Si al ministro le va mal, le pasar\u00e1 lo mismo al gobierno nacional. No son partes disociadas, aunque la estructura gubernamental est\u00e9 completamente fraccionada. Explicaciones que van y vienen para tratar de encontrar la calma.<\/p>\n\n\n\n<p>El mi\u00e9rcoles volvieron a surgir cr\u00edticas del kirchnerismo hacia Alberto Fern\u00e1ndez. El ministro de Interior,&nbsp;<strong>Eduardo \u201cWado\u201d de Pedro<\/strong>, asegur\u00f3 que en el Gobierno sigue habiendo&nbsp;<strong>\u201cfuncionarios que no funcionan\u201d<\/strong>, haciendo referencia a la frase que utiliz\u00f3 Cristina Kirchner a fines del 2020 para cuestionar la gesti\u00f3n.<\/p>\n\n\n\n<p>La apreciaci\u00f3n del ministro del Interior cay\u00f3 muy mal en Balcarce 50, donde ya existe un fuerte agotamiento respecto a las cr\u00edticas permanentes de los principales exponentes del kirchnerismo. El grado de descomposici\u00f3n del Gobierno es tan alto que todos los d\u00edas el fuego amigo destruye, un poco m\u00e1s, la imagen institucional.<\/p>\n\n\n\n<p><strong>\u201c\u00bf\u00c9l s\u00ed funciona? \u00bfDesde cu\u00e1ndo trabaja de fiscal de sus compa\u00f1eros de Gabinete?\u201d,<\/strong>&nbsp;sentenci\u00f3 un importante funcionario nacional con acceso directo al despacho de Fern\u00e1ndez. La frase retumb\u00f3 con fuerza en el kirchnerismo, donde volvieron a apuntar contra los funcionarios que \u201cse esconden detr\u00e1s del off\u201d. No parece haber forma de pacificar el clima interno.<\/p>\n\n\n\n<p><img decoding=\"async\" loading=\"lazy\" alt=\"&quot;Wado&quot; de Pedro apunt\u00f3 contra el Presidente y habl\u00f3 de &quot;funcionarios que no funcionan&quot;\" height=\"1280\" width=\"1920\" class=\"\" src=\"https:\/\/cloudfront-us-east-1.images.arcpublishing.com\/infobae\/J6K3SDUDOVBHNEMKVCM6BZS42Y.jpg\" srcset=\"https:\/\/www.infobae.com\/new-resizer\/6-R7nMkihih_VGzE97jP2EH6GpI=\/420x280\/filters:format(webp):quality(85)\/cloudfront-us-east-1.images.arcpublishing.com\/infobae\/J6K3SDUDOVBHNEMKVCM6BZS42Y.jpg 420w,https:\/\/www.infobae.com\/new-resizer\/ohSqF0C9aidjFCwUL8mcYvZlF1M=\/768x512\/filters:format(webp):quality(85)\/cloudfront-us-east-1.images.arcpublishing.com\/infobae\/J6K3SDUDOVBHNEMKVCM6BZS42Y.jpg 768w,https:\/\/www.infobae.com\/new-resizer\/8SJnWcyn9cEhltrxn5evtgS8UTc=\/992x661\/filters:format(webp):quality(85)\/cloudfront-us-east-1.images.arcpublishing.com\/infobae\/J6K3SDUDOVBHNEMKVCM6BZS42Y.jpg 992w,https:\/\/www.infobae.com\/new-resizer\/_L2tPft1larwrKlp8bCVfZ4AVpg=\/1200x800\/filters:format(webp):quality(85)\/cloudfront-us-east-1.images.arcpublishing.com\/infobae\/J6K3SDUDOVBHNEMKVCM6BZS42Y.jpg 1200w,https:\/\/www.infobae.com\/new-resizer\/uZuuK3UyF1107moiezci4JLmUfk=\/1440x960\/filters:format(webp):quality(85)\/cloudfront-us-east-1.images.arcpublishing.com\/infobae\/J6K3SDUDOVBHNEMKVCM6BZS42Y.jpg 1440w\">&#8220;Wado&#8221; de Pedro apunt\u00f3 contra el Presidente y habl\u00f3 de &#8220;funcionarios que no funcionan&#8221;<\/p>\n\n\n\n<p>El idea y vuelta de reproches se produce a pocas horas de que una gran parte de los dirigentes m\u00e1s representativos del Frente de Todos se re\u00fanan en el Consejo del PJ, espacio que servir\u00e1 para empezar a plantar las reglas de juego de cara a las elecciones, y discutir cu\u00e1l es el camino a seguir en medio de la crisis econ\u00f3mica y pol\u00edtica sobre la que est\u00e1 parado el Gobierno.<\/p>\n\n\n\n<p>Entre los consejeros hay expectativa de que la reuni\u00f3n pueda ser un espacio para plantear la forma en la que el oficialismo debe sobrellevar la interna, teniendo en cuenta la proximidad de las elecciones. En la Casa Rosada y en el kirchnerismo aseguran que ser\u00e1 solo un momento para arreglar las formalidades. Casi un tr\u00e1mite.<\/p>\n\n\n\n<p>Lo que en gran medida existe es un alto nivel de<strong>&nbsp;ansiedad de la dirigencia pol\u00edtica para ordenar el frente electoral<\/strong>&nbsp;y trazar alg\u00fan tipo de estrategia territorial. Hasta el momento cada uno juega su juego y tensa la cuerda, pero no hay un trabajo en conjunto para determinar los pasos a seguir. Ni siquiera hay claridad sobre de que forman se mezclaran las listas despu\u00e9s de las PASO.<\/p>\n\n\n\n<p>La voluntad de una gran mayor\u00eda de consejeros es lograr bajar la tensi\u00f3n y poner las cartas sobre la mesa. Barajar y dar de nuevo. Intentar que el espacio partidario sirva para descargar tensiones y lograr un ordenamiento m\u00e1s claro, anclado en la discusi\u00f3n formal y reglamentaria del PJ. Todo ese proceso se llevar\u00e1 adelante en un clima conflictivo, cargado de rumores y cruces. El resultado es una gran inc\u00f3gnita.<\/p>\n\n\n\n<p>Fuente: infobae<\/p>\n","protected":false},"excerpt":{"rendered":"<div class=\"mh-excerpt\"><p>Fueron algunos pocos d\u00edas de calma. Demasiado pocos. El&nbsp;gobierno nacional&nbsp;volvi\u00f3 a caer en un pozo sin fondo. La interna feroz que lo atraviesa de principio a fin tuvo m\u00faltiples cap\u00edtulos en pocas horas. Parece no haber forma para que se encamine el v\u00ednculo pol\u00edtico que une a los distintos los sectores que conforman el Frente de Todos. Fueron dos d\u00edas seguidos de malas noticias para la Casa Rosada. El martes los rumores sobre una posible salida de&nbsp;Sergio Massa&nbsp;del Ministerio de Econom\u00eda alteraron al Gobierno y, principalmente, a los mercados. En Balcarce 50 atribuyen la escalada feroz del d\u00f3lar blue a <a class=\"mh-excerpt-more\" href=\"http:\/\/dsrmedios.com.ar\/diario\/archivos\/31316\" title=\"El Frente de Todos qued\u00f3 envuelto en un clima conflictivo y espera bajar la tensi\u00f3n en la reuni\u00f3n del PJ\">[Leer m\u00e1s]<\/a><\/p>\n<\/div>","protected":false},"author":6,"featured_media":31317,"comment_status":"open","ping_status":"closed","sticky":false,"template":"","format":"standard","meta":{"_jetpack_newsletter_access":""},"categories":[6],"tags":[],"jetpack_featured_media_url":"http:\/\/dsrmedios.com.ar\/diario\/wp-content\/uploads\/2023\/04\/Z5R4MTQXPNADFGWKGZ6ITHAHWU.jpg","jetpack_sharing_enabled":true,"jetpack_shortlink":"https:\/\/wp.me\/p9fihK-896","_links":{"self":[{"href":"http:\/\/dsrmedios.com.ar\/diario\/wp-json\/wp\/v2\/posts\/31316"}],"collection":[{"href":"http:\/\/dsrmedios.com.ar\/diario\/wp-json\/wp\/v2\/posts"}],"about":[{"href":"http:\/\/dsrmedios.com.ar\/diario\/wp-json\/wp\/v2\/types\/post"}],"author":[{"embeddable":true,"href":"http:\/\/dsrmedios.com.ar\/diario\/wp-json\/wp\/v2\/users\/6"}],"replies":[{"embeddable":true,"href":"http:\/\/dsrmedios.com.ar\/diario\/wp-json\/wp\/v2\/comments?post=31316"}],"version-history":[{"count":1,"href":"http:\/\/dsrmedios.com.ar\/diario\/wp-json\/wp\/v2\/posts\/31316\/revisions"}],"predecessor-version":[{"id":31318,"href":"http:\/\/dsrmedios.com.ar\/diario\/wp-json\/wp\/v2\/posts\/31316\/revisions\/31318"}],"wp:featuredmedia":[{"embeddable":true,"href":"http:\/\/dsrmedios.com.ar\/diario\/wp-json\/wp\/v2\/media\/31317"}],"wp:attachment":[{"href":"http:\/\/dsrmedios.com.ar\/diario\/wp-json\/wp\/v2\/media?parent=31316"}],"wp:term":[{"taxonomy":"category","embeddable":true,"href":"http:\/\/dsrmedios.com.ar\/diario\/wp-json\/wp\/v2\/categories?post=31316"},{"taxonomy":"post_tag","embeddable":true,"href":"http:\/\/dsrmedios.com.ar\/diario\/wp-json\/wp\/v2\/tags?post=31316"}],"curies":[{"name":"wp","href":"https:\/\/api.w.org\/{rel}","templated":true}]}}