{"id":31312,"date":"2023-04-20T06:54:27","date_gmt":"2023-04-20T09:54:27","guid":{"rendered":"http:\/\/dsrmedios.com.ar\/diario\/?p=31312"},"modified":"2023-04-20T06:54:30","modified_gmt":"2023-04-20T09:54:30","slug":"la-causa-por-el-atentado-contra-cristina-kirchner-se-encamina-a-juicio-oral","status":"publish","type":"post","link":"http:\/\/dsrmedios.com.ar\/diario\/archivos\/31312","title":{"rendered":"La causa por el atentado contra Cristina Kirchner se encamina a juicio oral"},"content":{"rendered":"\n<p>La investigaci\u00f3n por el atentado contra&nbsp;<strong>Cristina Kirchner&nbsp;<\/strong>comenz\u00f3 el camino para mandar a<strong>&nbsp;juicio a<\/strong>&nbsp;los tres detenidos:&nbsp;<strong>Fernando Sabag Montiel<\/strong>, el hombre que el 1 de septiembre apunt\u00f3 con un arma en la cabeza a la Vicepresidenta; su pareja,<strong>&nbsp;Brenda Uliarte,<\/strong>&nbsp;que lo acompa\u00f1\u00f3 hasta el lugar del ataque; y<strong>&nbsp;Nicol\u00e1s Carrizo<\/strong>, el llamado jefe de los copitos que est\u00e1 acusado de ser un part\u00edcipe secundario del plan.<\/p>\n\n\n\n<p>Seg\u00fan revelaron a&nbsp;<strong>Infobae<\/strong>&nbsp;fuentes judiciales, el fiscal&nbsp;<strong>Carlos R\u00edvolo<\/strong>, quien tiene delegada la instrucci\u00f3n, le pidi\u00f3 a la querella que opine si la investigaci\u00f3n sobre estos tres detenidos est\u00e1 cerrada, m\u00e1s all\u00e1 de las pistas sueltas que queden en el expediente y seguir\u00e1n analiz\u00e1ndose. Es claro que para el fiscal, que m\u00e1s adelante formalizar\u00e1 su evaluaci\u00f3n,<strong>&nbsp;s\u00ed lo est\u00e1.<\/strong><\/p>\n\n\n\n<p>Ahora, la ex jefa de Estado, a trav\u00e9s de sus abogados Marcos Aldazabal y Jos\u00e9 Manuel Ubeira, tiene seis d\u00edas para responder, aunque puede pedir pr\u00f3rroga. Por el tenor de las presentaciones que ha hecho en la causa, la querella reclam\u00f3 avanzar con una serie de medidas que apunten a m\u00e1s responsables detr\u00e1s de su atentado: fracas\u00f3 en su intento de que se investigue una asociaci\u00f3n il\u00edcita.<\/p>\n\n\n\n<p><img decoding=\"async\" loading=\"lazy\" alt=\"Captura del video que tom\u00f3 un militante cuando se acerc\u00f3 el arma de Sabag Montiel a la Vicepresidenta\" height=\"1080\" width=\"1920\" class=\"\" src=\"https:\/\/cloudfront-us-east-1.images.arcpublishing.com\/infobae\/SRAQD25HSRFY7NOBRHWLVZAGYI.jpg\" srcset=\"https:\/\/www.infobae.com\/new-resizer\/NMrYQ2eZgqWnwNkC_OUmxtd9d64=\/420x236\/filters:format(webp):quality(85)\/cloudfront-us-east-1.images.arcpublishing.com\/infobae\/SRAQD25HSRFY7NOBRHWLVZAGYI.jpg 420w,https:\/\/www.infobae.com\/new-resizer\/q5UW3FYY6D3KS8AO2Lx8CSqz-pw=\/768x432\/filters:format(webp):quality(85)\/cloudfront-us-east-1.images.arcpublishing.com\/infobae\/SRAQD25HSRFY7NOBRHWLVZAGYI.jpg 768w,https:\/\/www.infobae.com\/new-resizer\/9hvXkSNSZZoSWy0z7ORGNBh7hNQ=\/992x558\/filters:format(webp):quality(85)\/cloudfront-us-east-1.images.arcpublishing.com\/infobae\/SRAQD25HSRFY7NOBRHWLVZAGYI.jpg 992w,https:\/\/www.infobae.com\/new-resizer\/1_nZaMXz1BQK7kbHRHRnJlHaSLE=\/1200x675\/filters:format(webp):quality(85)\/cloudfront-us-east-1.images.arcpublishing.com\/infobae\/SRAQD25HSRFY7NOBRHWLVZAGYI.jpg 1200w,https:\/\/www.infobae.com\/new-resizer\/nKjFAru0usKnaptX0gAwDdjtjnY=\/1440x810\/filters:format(webp):quality(85)\/cloudfront-us-east-1.images.arcpublishing.com\/infobae\/SRAQD25HSRFY7NOBRHWLVZAGYI.jpg 1440w\">Captura del video que tom\u00f3 un militante cuando se acerc\u00f3 el arma de Sabag Montiel a la Vicepresidenta<\/p>\n\n\n\n<p>El atentado ocurri\u00f3 la noche del 1\u00b0 de septiembre de 2022. Cristina Kirchner llegaba a su casa, en la esquina de Montevideo y Juncal en el barrio porte\u00f1o de Recoleta. All\u00ed la esperaban, como desde el d\u00eda en que el fiscal Diego Luciani pidi\u00f3 su condena a 12 a\u00f1os de prisi\u00f3n por asociaci\u00f3n il\u00edcita y defraudaci\u00f3n al Estado en la causa vialidad, un nutrido grupo de militantes para saludarla.<strong>&nbsp;Sabag Montiel tambi\u00e9n estaba all\u00ed. Se acerc\u00f3 y le apunt\u00f3 en la cara con una Bersa calibre .32<\/strong>, que gatill\u00f3 al menos una vez. La bala no sali\u00f3 porque no estaba cargada en la rec\u00e1mara. Termin\u00f3 atrapado por militantes, sin que la custodia de Cristina Kirchner ni ella misma se dieran cuenta de lo que hab\u00eda pasado.<\/p>\n\n\n\n<p>Seg\u00fan la investigaci\u00f3n de R\u00edvolo y Capuchetti, el plan para matar a Cristina Kirchner comenz\u00f3 hace casi un a\u00f1o:&nbsp;<strong>el 22 de abril del 2022<\/strong>. \u201cPara limpiar la Argentina hace falta que corra sangre\u201d. Ese d\u00eda, la joven le cont\u00f3 a una amiga que ten\u00eda un arma. Tres meses despu\u00e9s, el 4 de julio, Brenda le revel\u00f3 a Agustina D\u00edaz, su amiga agendada como \u201cAmor de mi vida\u201d:&nbsp;<strong>\u201cVoy con el fierro y le pego un tiro a Cristina\u2026 me dan los ovarios para hacerlo \u2026 el tema es c\u00f3mo porque la vieja tiene seguridad\u201d.<\/strong><\/p>\n\n\n\n<p><\/p>\n\n\n\n<p>La decisi\u00f3n de R\u00edvolo no pone fin a otras pistas que puedan seguir tramit\u00e1ndose, pero s\u00ed busca dar por cerrada esta etapa de la investigaci\u00f3n: Sabag Montiel y Brenda Uliarte tienen un procesamiento con prisi\u00f3n preventiva confirmado desde el 15 de septiembre&nbsp;<strong>porque sus defensas oficiales no apelaron<\/strong>&nbsp;y Nicol\u00e1s Carrizo est\u00e1 preso desde esa fecha cuando su tel\u00e9fono, que dej\u00f3 como testigo, lo convirti\u00f3 en sospechoso. Su procesamiento con prisi\u00f3n preventiva tambi\u00e9n fue confirmado.<\/p>\n\n\n\n<p><img decoding=\"async\" loading=\"lazy\" alt=\"Agustina D\u00edaz y Nicol\u00e1s Carrizo\" height=\"1080\" width=\"1920\" class=\"\" src=\"https:\/\/cloudfront-us-east-1.images.arcpublishing.com\/infobae\/4X4IHC3ORFFARDTIQHSJOBEPGY.jpg\" srcset=\"https:\/\/www.infobae.com\/new-resizer\/o5tngQw636UrXig9S-jxo5BTgVs=\/420x236\/filters:format(webp):quality(85)\/cloudfront-us-east-1.images.arcpublishing.com\/infobae\/4X4IHC3ORFFARDTIQHSJOBEPGY.jpg 420w,https:\/\/www.infobae.com\/new-resizer\/L6qd6Gnlrth4tZ8ox4F4UQRW7gI=\/768x432\/filters:format(webp):quality(85)\/cloudfront-us-east-1.images.arcpublishing.com\/infobae\/4X4IHC3ORFFARDTIQHSJOBEPGY.jpg 768w,https:\/\/www.infobae.com\/new-resizer\/3sUNMKhvczcaRVQ3doDHwG58afc=\/992x558\/filters:format(webp):quality(85)\/cloudfront-us-east-1.images.arcpublishing.com\/infobae\/4X4IHC3ORFFARDTIQHSJOBEPGY.jpg 992w,https:\/\/www.infobae.com\/new-resizer\/_v1daNsqggV3SpHdLOcOLDs0yRA=\/1200x675\/filters:format(webp):quality(85)\/cloudfront-us-east-1.images.arcpublishing.com\/infobae\/4X4IHC3ORFFARDTIQHSJOBEPGY.jpg 1200w,https:\/\/www.infobae.com\/new-resizer\/pj7i0iBa2HMaL3pZzhvjPbSHxS8=\/1440x810\/filters:format(webp):quality(85)\/cloudfront-us-east-1.images.arcpublishing.com\/infobae\/4X4IHC3ORFFARDTIQHSJOBEPGY.jpg 1440w\">Agustina D\u00edaz y Nicol\u00e1s Carrizo<\/p>\n\n\n\n<p>En la causa tambi\u00e9n debe definirse el futuro de&nbsp;<strong>Agustina D\u00edaz<\/strong>, la amiga de Brenda que estuvo detenida en la causa y que recibi\u00f3 falta de m\u00e9rito en la investigaci\u00f3n porque no se comprob\u00f3 que hubiera tenido una complicidad con el ataque, indicaron a&nbsp;<strong>Infobae&nbsp;<\/strong>las fuentes consultadas.<\/p>\n\n\n\n<p>La C\u00e1mara Federal ya inst\u00f3 a elevar a juicio esta parte de la causa y la jueza Mar\u00eda Eugenia Capuchetti tambi\u00e9n ven\u00eda planteando que el expediente pasara a instancia de debate. \u201cFrente a la situaci\u00f3n de detenci\u00f3n de los imputados y el estado de la investigaci\u00f3n a su respecto, se proceda con la celeridad que el caso requiere a fin de avanzar en el estadio procesal\u201d, dijeron los jueces Leopoldo Bruglia, Pablo Bertuzzi y Mariano Borinsky.<\/p>\n\n\n\n<p>En ese marco es que R\u00edvolo, cuando recibi\u00f3 informaci\u00f3n que aguardaba sobre los detenidos, decidi\u00f3 abrir el camino hacia el banquillo de los acusados. Hizo antes una serie de diligencias pendientes, como el allanamiento a la casa de un contacto de WhatsApp de Sabag Montiel, con el que hab\u00eda hablado el d\u00eda previo al ataque, y que ten\u00eda armas en su poder. La pista tampoco dio resultados de importancia para la causa.<\/p>\n\n\n\n<p>\u201cYo en vez de tirar el pestillo, imag\u00ednate los nervios de estar en un lugar&#8230; De tirar la corredera, tir\u00e9 el pestillo para atr\u00e1s y cuando tir\u00e9 el gatillo, no sali\u00f3 el tiro. Porque entre tanto tumulto, tanta gente, estaba nervioso\u201d, afirm\u00f3 Sabag Montiel, desde la c\u00e1rcel, en un di\u00e1logo que mantuvo con el canal C5N. Fue cuando le preguntaron por qu\u00e9 la hab\u00edan querido matar cuando respondi\u00f3: \u201cB\u00e1sicamente, a ver (piensa),\u00a0<strong>por la situaci\u00f3n del pa\u00eds<\/strong>\u201d. Ante la repregunta si efectivamente la quiso asesinar a Cristina Kirchner, Sabag Montiel no dud\u00f3 y respondi\u00f3 tan fr\u00edamente como cuando apret\u00f3 el gatill\u00f3. \u201cS\u00ed, (el arma)\u00a0<strong>estaba cargada, tir\u00e9 el gatillo y el tiro no sali\u00f3<\/strong>. Ten\u00eda cinco balas el arma\u201d.<\/p>\n\n\n\n<p>Con el pedido de la fiscal\u00eda para ir cerrando esta etapa de la investigaci\u00f3n, la ex presidenta tendr\u00e1 que&nbsp;<strong>decir si quiere que ya se vaya a juicio o si faltan medidas pendientes.<\/strong>&nbsp;Se deduce, en base a la postura tomada en presentaciones anteriores, que CFK reclamar\u00e1&nbsp;<strong>profundizar la pista pol\u00edtica<\/strong>&nbsp;detr\u00e1s de su ataque. Desde noviembre pasado, la titular del Senado viene reclamando el apartamiento de la jueza Capuchetti. \u201cSi queremos enderezar el rumbo de este asunto, apartar a Capuchetti podr\u00eda ser el comienzo\u201d, dijo incluso en sus presentaciones, que hizo p\u00fablicas en sus redes sociales. La magistrada fue respaldada tanto por la C\u00e1mara Federal como por Casaci\u00f3n.<\/p>\n\n\n\n<p>Tras la opini\u00f3n de la querella, la fiscal\u00eda tendr\u00e1 que hacer su lectura sobre remitir la causa a juicio. Y luego ser\u00e1 el turno de las defensas que, se descuenta, tambi\u00e9n pedir\u00e1 que termine para ellos la instrucci\u00f3n y se sortee un juicio oral que entre en la etapa de juicio.<\/p>\n\n\n\n<p>El propio escrito de R\u00edvolo se\u00f1ala que la definici\u00f3n sobre la situaci\u00f3n de los detenidos de cara a un juicio oral no obsta a seguir adelante con otras l\u00edneas de investigaci\u00f3n que siguen analiz\u00e1ndose, subrayaron a&nbsp;<strong>Infobae&nbsp;<\/strong>fuentes consultadas.<\/p>\n\n\n\n<p>Entre ellas se espera una definici\u00f3n sobre la llamada pista Milman o Casablanca, que naci\u00f3 23 d\u00edas despu\u00e9s del ataque cuando el asesor legislativo Jorge Abello se present\u00f3 en Comodoro Py para decir que dos d\u00edas antes del intento de homicidio hab\u00eda escuchado al diputado del PRO&nbsp;<strong>Gerardo Millman&nbsp;<\/strong>decir: \u201c<strong>Cuando la maten yo estoy camino a la costa\u201d.&nbsp;<\/strong>Hablaba con dos asesoras que fueron llamadas a declarar como testigos por Capuchetti.<\/p>\n\n\n\n<p>Cuando la querella reclam\u00f3 secuestrarles el tel\u00e9fono a las mujeres, comenz\u00f3 el cap\u00edtulo que rompi\u00f3 la relaci\u00f3n entre la jueza y la querella. Abello fue denunciado por Milman por falso testimonio y no volvi\u00f3 Los tel\u00e9fonos fueron entregados finalmente al fiscal R\u00edvolo que, tras un primer informe que hizo la Polic\u00eda de Seguridad Aeroportuaria, analiza el contenido de esos di\u00e1logos.<\/p>\n\n\n\n<p>Fuente: Infobae<\/p>\n","protected":false},"excerpt":{"rendered":"<div class=\"mh-excerpt\"><p>La investigaci\u00f3n por el atentado contra&nbsp;Cristina Kirchner&nbsp;comenz\u00f3 el camino para mandar a&nbsp;juicio a&nbsp;los tres detenidos:&nbsp;Fernando Sabag Montiel, el hombre que el 1 de septiembre apunt\u00f3 con un arma en la cabeza a la Vicepresidenta; su pareja,&nbsp;Brenda Uliarte,&nbsp;que lo acompa\u00f1\u00f3 hasta el lugar del ataque; y&nbsp;Nicol\u00e1s Carrizo, el llamado jefe de los copitos que est\u00e1 acusado de ser un part\u00edcipe secundario del plan. Seg\u00fan revelaron a&nbsp;Infobae&nbsp;fuentes judiciales, el fiscal&nbsp;Carlos R\u00edvolo, quien tiene delegada la instrucci\u00f3n, le pidi\u00f3 a la querella que opine si la investigaci\u00f3n sobre estos tres detenidos est\u00e1 cerrada, m\u00e1s all\u00e1 de las pistas sueltas que queden en el <a class=\"mh-excerpt-more\" href=\"http:\/\/dsrmedios.com.ar\/diario\/archivos\/31312\" title=\"La causa por el atentado contra Cristina Kirchner se encamina a juicio oral\">[Leer m\u00e1s]<\/a><\/p>\n<\/div>","protected":false},"author":6,"featured_media":1199,"comment_status":"open","ping_status":"closed","sticky":false,"template":"","format":"standard","meta":{"_jetpack_newsletter_access":""},"categories":[6],"tags":[],"jetpack_featured_media_url":"http:\/\/dsrmedios.com.ar\/diario\/wp-content\/uploads\/2017\/10\/cristina123.jpg","jetpack_sharing_enabled":true,"jetpack_shortlink":"https:\/\/wp.me\/p9fihK-892","_links":{"self":[{"href":"http:\/\/dsrmedios.com.ar\/diario\/wp-json\/wp\/v2\/posts\/31312"}],"collection":[{"href":"http:\/\/dsrmedios.com.ar\/diario\/wp-json\/wp\/v2\/posts"}],"about":[{"href":"http:\/\/dsrmedios.com.ar\/diario\/wp-json\/wp\/v2\/types\/post"}],"author":[{"embeddable":true,"href":"http:\/\/dsrmedios.com.ar\/diario\/wp-json\/wp\/v2\/users\/6"}],"replies":[{"embeddable":true,"href":"http:\/\/dsrmedios.com.ar\/diario\/wp-json\/wp\/v2\/comments?post=31312"}],"version-history":[{"count":1,"href":"http:\/\/dsrmedios.com.ar\/diario\/wp-json\/wp\/v2\/posts\/31312\/revisions"}],"predecessor-version":[{"id":31313,"href":"http:\/\/dsrmedios.com.ar\/diario\/wp-json\/wp\/v2\/posts\/31312\/revisions\/31313"}],"wp:featuredmedia":[{"embeddable":true,"href":"http:\/\/dsrmedios.com.ar\/diario\/wp-json\/wp\/v2\/media\/1199"}],"wp:attachment":[{"href":"http:\/\/dsrmedios.com.ar\/diario\/wp-json\/wp\/v2\/media?parent=31312"}],"wp:term":[{"taxonomy":"category","embeddable":true,"href":"http:\/\/dsrmedios.com.ar\/diario\/wp-json\/wp\/v2\/categories?post=31312"},{"taxonomy":"post_tag","embeddable":true,"href":"http:\/\/dsrmedios.com.ar\/diario\/wp-json\/wp\/v2\/tags?post=31312"}],"curies":[{"name":"wp","href":"https:\/\/api.w.org\/{rel}","templated":true}]}}