{"id":31310,"date":"2023-04-20T06:51:56","date_gmt":"2023-04-20T09:51:56","guid":{"rendered":"http:\/\/dsrmedios.com.ar\/diario\/?p=31310"},"modified":"2023-04-20T06:52:00","modified_gmt":"2023-04-20T09:52:00","slug":"cuando-terminaria-el-brote-de-dengue-y-que-factores-influyen-segun-los-expertos","status":"publish","type":"post","link":"http:\/\/dsrmedios.com.ar\/diario\/archivos\/31310","title":{"rendered":"Cu\u00e1ndo terminar\u00eda el brote de dengue y qu\u00e9 factores influyen, seg\u00fan los expertos"},"content":{"rendered":"\n<p>El<strong>&nbsp;brote de dengue<\/strong>&nbsp;en&nbsp;<strong>Argentina<\/strong>&nbsp;registra hasta el momento&nbsp;<strong>42 muertes<\/strong>&nbsp;y si bien las \u00faltimas cifras del Ministerio de Salud de la Naci\u00f3n notificaron 41.257 casos, seg\u00fan el relevamiento de Infobae con las autoridades sanitarias provinciales, la cifra actual de afectados ya supera los 54.000. Esto implica que el&nbsp;<strong>2023&nbsp;<\/strong>es un a\u00f1o r\u00e9cord de fallecimientos por este motivo en la historia del pa\u00eds, ya que se superaron las 26 v\u00edctimas fatales de<strong>&nbsp;2020.&nbsp;<\/strong>En tanto, el n\u00famero de&nbsp;<strong>afectados<\/strong>, seg\u00fan los \u00faltimos datos, posiciona a esta temporada como<strong>&nbsp;una de las tres m\u00e1s elevadas respecto a los contagios.<\/strong><\/p>\n\n\n\n<figure class=\"wp-block-image\"><img decoding=\"async\" src=\"https:\/\/cloudfront-us-east-1.images.arcpublishing.com\/infobae\/ZOYUNJZCDBBNDMZPV7E3HAMNPI.jpg\" alt=\"\"\/><\/figure>\n\n\n\n<p>Te puede interesar:<strong>Mapa del dengue porte\u00f1o: los casos llegan a 5500 y Mataderos concentra el 17% de los enfermos<\/strong><\/p>\n\n\n\n<p>El \u00faltimo <a href=\"https:\/\/bancos.salud.gob.ar\/recurso\/boletin-epidemiologico-nacional-n-648-se-14-2023\"><strong>Bolet\u00edn Epidemiol\u00f3gico Nacional (BEN)<\/strong><\/a>\u00a0difundido por el<strong>\u00a0Ministerio de Salud<\/strong>\u00a0inform\u00f3 los casos y los decesos notificados entre el<strong>\u00a01 de agosto de 2022 y el pasado domingo 9 de abril.\u00a0<\/strong>Sin embargo, las cifras quedaron desactualizadas, ya que en los \u00faltimos d\u00edas las carteras de Salud provinciales reportaron nuevos datos de esta\u00a0<strong>enfermedad viral<\/strong>\u00a0que transmite el\u00a0<strong>mosquito\u00a0<\/strong><em><strong>Aedes aegypti.<\/strong><\/em><\/p>\n\n\n\n<p>En ese marco, la inc\u00f3gnita y la preocupaci\u00f3n actuales tienen que ver con el desarrollo de este brote de dengue.&nbsp;<strong>\u00bfCu\u00e1ndo podr\u00eda terminar? \u00bfQu\u00e9 factores inciden para que bajen los casos y los fallecimientos?<\/strong>&nbsp;<strong>Infobae<\/strong>&nbsp;convers\u00f3 con dos<strong>&nbsp;expertos<\/strong>&nbsp;para responder estas y otras preguntas fundamentales de la&nbsp;<strong>situaci\u00f3n epidemiol\u00f3gica actual<\/strong>.<\/p>\n\n\n\n<p>En primer lugar,&nbsp;<strong>Favio Crudo<\/strong>, m\u00e9dico infect\u00f3logo y epidemi\u00f3logo de la Fundaci\u00f3n Mundo Sano y de la Asociaci\u00f3n para el Desarrollo Sanitario Regional (ADESAR), postul\u00f3: \u201cAl brote de dengue actual le quedan entre dos y cuatro semanas y, luego, se va a agotar. \u00bfPor qu\u00e9? Porque llegaron las<strong>&nbsp;temperaturas bajas<\/strong>. Por lo tanto, en el&nbsp;<strong>mes de mayo<\/strong>&nbsp;va a terminar, sin dudas\u201d.<\/p>\n\n\n\n<p><img decoding=\"async\" loading=\"lazy\" alt=\"Los casos y los fallecimientos por la enfermedad viral del dengue superaron a los de brotes anteriores en el pa\u00eds, que fueron en 2016 y 2020 (Getty)\" height=\"1080\" width=\"1920\" class=\"\" src=\"https:\/\/cloudfront-us-east-1.images.arcpublishing.com\/infobae\/6XSG3QCQWZFPZI7BIAQMSK2Z7U.jpg\" srcset=\"https:\/\/www.infobae.com\/new-resizer\/OtB9FVmkABsla-n33rsU54XgraA=\/420x236\/filters:format(webp):quality(85)\/cloudfront-us-east-1.images.arcpublishing.com\/infobae\/6XSG3QCQWZFPZI7BIAQMSK2Z7U.jpg 420w,https:\/\/www.infobae.com\/new-resizer\/-jVgPXNeomrmbokikgEsxsLGjoI=\/768x432\/filters:format(webp):quality(85)\/cloudfront-us-east-1.images.arcpublishing.com\/infobae\/6XSG3QCQWZFPZI7BIAQMSK2Z7U.jpg 768w,https:\/\/www.infobae.com\/new-resizer\/dKF5lcSRLFglhH7MLdkssQElQZs=\/992x558\/filters:format(webp):quality(85)\/cloudfront-us-east-1.images.arcpublishing.com\/infobae\/6XSG3QCQWZFPZI7BIAQMSK2Z7U.jpg 992w,https:\/\/www.infobae.com\/new-resizer\/1Na6lLPZwc7OvzxznVDbUgGPpoQ=\/1200x675\/filters:format(webp):quality(85)\/cloudfront-us-east-1.images.arcpublishing.com\/infobae\/6XSG3QCQWZFPZI7BIAQMSK2Z7U.jpg 1200w,https:\/\/www.infobae.com\/new-resizer\/1Rb3SWmpvxWEuGpwTPNFvZiSfTg=\/1440x810\/filters:format(webp):quality(85)\/cloudfront-us-east-1.images.arcpublishing.com\/infobae\/6XSG3QCQWZFPZI7BIAQMSK2Z7U.jpg 1440w\">Los casos y los fallecimientos por la enfermedad viral del dengue superaron a los de brotes anteriores en el pa\u00eds, que fueron en 2016 y 2020 (Getty)<\/p>\n\n\n\n<p>\u201cEl mosquito\u00a0<em>Aedes aegypti<\/em>\u00a0-analiz\u00f3 Crudo- depende mucho de la temperatura. El fr\u00edo acorta la vida del mosquito y disminuye la chance de que pueda contagiar y que se pueda cubrir todo el ciclo de tomar la infecci\u00f3n de una persona y transmitirla a otra. Ni bien pica a una persona con el virus, requiere entre 7 y 14 d\u00edas, en un proceso que se llama incubaci\u00f3n extr\u00ednseca, y reci\u00e9n ah\u00ed puede picar e infectar a otro individuo\u201d.<\/p>\n\n\n\n<p>Junto a un grupo de expertos, el infect\u00f3logo lleva adelante un seguimiento semanal de la actividad del mosquito\u00a0<em>Aedes aegypti<\/em>\u00a0en la localidad bonaerense de San Antonio de Areco. All\u00ed, seg\u00fan cont\u00f3, \u201chasta el mes de enero no se detect\u00f3 pr\u00e1cticamente nada. Despu\u00e9s de las primeras lluvias, comenzaron a eclosionar los huevos y subieron los casos. Ahora, este sistema est\u00e1 mostrando una tendencia a la baja: desde la semana pasada se observa que la cantidad de huevos est\u00e1 disminuyendo de forma dr\u00e1stica\u201d.<\/p>\n\n\n\n<p>A su turno, el vir\u00f3logo de la Universidad Nacional de Quilmes,&nbsp;<strong>Mario Lozano<\/strong>, aport\u00f3: \u201cCuando lleguemos a los fr\u00edos m\u00e1s invernales en Argentina, y eso generalmente sucede en el&nbsp;<strong>mes de mayo, el brote actual de dengue va a terminar<\/strong>, porque los mosquitos no se siguen reproduciendo. Al no tener mosquitos, no va a haber transmisi\u00f3n\u201d.<\/p>\n\n\n\n<p>En segundo t\u00e9rmino, Lozano profundiz\u00f3 que los pa\u00edses o las regiones del mundo \u201cdonde hay climas templados, como ocurre en Argentina o Uruguay, hay ciclos de brotes de dengue que afectan durante los veranos, con las temperaturas m\u00e1s altas, porque en esa \u00e9poca hay mosquitos\u201d.<\/p>\n\n\n\n<p><img decoding=\"async\" loading=\"lazy\" alt=\"El fin de la temporada de calor es clave para que disminuya la transmisi\u00f3n del dengue, seg\u00fan los expertos (Getty)\" height=\"1079\" width=\"1920\" class=\"\" src=\"https:\/\/cloudfront-us-east-1.images.arcpublishing.com\/infobae\/QBE2SIHDBRGW7NVI4F4UCOXIXA.jpg\" srcset=\"https:\/\/www.infobae.com\/new-resizer\/y7IzPAbB6vHMu5lQh6UhbtZotfs=\/420x236\/filters:format(webp):quality(85)\/cloudfront-us-east-1.images.arcpublishing.com\/infobae\/QBE2SIHDBRGW7NVI4F4UCOXIXA.jpg 420w,https:\/\/www.infobae.com\/new-resizer\/3igtug2Ux2NetCkTTe9PbPjkqWs=\/768x432\/filters:format(webp):quality(85)\/cloudfront-us-east-1.images.arcpublishing.com\/infobae\/QBE2SIHDBRGW7NVI4F4UCOXIXA.jpg 768w,https:\/\/www.infobae.com\/new-resizer\/somZSqlGdXMcIsoLsVh5o2pQMsA=\/992x558\/filters:format(webp):quality(85)\/cloudfront-us-east-1.images.arcpublishing.com\/infobae\/QBE2SIHDBRGW7NVI4F4UCOXIXA.jpg 992w,https:\/\/www.infobae.com\/new-resizer\/x-aVJZ-QhPeMYnsGyvj0ZXgCVQc=\/1200x675\/filters:format(webp):quality(85)\/cloudfront-us-east-1.images.arcpublishing.com\/infobae\/QBE2SIHDBRGW7NVI4F4UCOXIXA.jpg 1200w,https:\/\/www.infobae.com\/new-resizer\/AD_uP5pZ9slTM7Kg1U48xI0olP8=\/1440x810\/filters:format(webp):quality(85)\/cloudfront-us-east-1.images.arcpublishing.com\/infobae\/QBE2SIHDBRGW7NVI4F4UCOXIXA.jpg 1440w\">El fin de la temporada de calor es clave para que disminuya la transmisi\u00f3n del dengue, seg\u00fan los expertos (Getty)<\/p>\n\n\n\n<h2>Por qu\u00e9 ocurri\u00f3 el brote de dengue en Argentina<\/h2>\n\n\n\n<p>Por la cantidad de casos y de fallecimientos por el virus del dengue, la situaci\u00f3n epidemiol\u00f3gica preocup\u00f3 a los especialistas. \u00bfCu\u00e1les fueron los motivos que impulsaron estas condiciones de transmisi\u00f3n? As\u00ed lo explic\u00f3 Lozano: \u201cEste verano fue particularmente caluroso en el pa\u00eds, y esto mantuvo activo el ciclo vital de los mosquitos. Por ende, si tenemos mosquitos, existe la capacidad de transmisi\u00f3n de dengue, y eso lleva a que la enfermedad se sostenga\u201d.<\/p>\n\n\n\n<p><\/p>\n\n\n\n<p>\u201cEl brote actual de dengue -agreg\u00f3 el vir\u00f3logo- es uno de los m\u00e1s importantes que hubo en la historia de nuestro pa\u00eds, y tiene caracter\u00edsticas particulares que lo diferencian de otros brotes. Es que se ha detectado en estos d\u00edas que el genotipo del virus dengue que est\u00e1 circulando mayoritariamente no es el&nbsp;<strong>serotipo 1<\/strong>, sino el&nbsp;<strong>serotipo 2.<\/strong>&nbsp;Dentro del serotipo 2, hay algunas variantes que est\u00e1n asociadas con un&nbsp;<strong>cuadro cl\u00ednico m\u00e1s grave<\/strong>, y esto sucede cuando se produce una reinfecci\u00f3n. Aquellos pacientes que ya tuvieron dengue en \u00e9pocas anteriores, si ahora se infectan con el serotipo 2 tienen m\u00e1s chances de tener una infecci\u00f3n grave\u201d.<\/p>\n\n\n\n<p>Para Crudo, \u201cgeneralmente, los brotes de dengue en Argentina muestran mayor actividad entre los meses de marzo y abril, ya que es un pa\u00eds de clima templado, por lo que se considera como un modelo epid\u00e9mico. Es decir que tenemos casos en forma de brotes solo en meses c\u00e1lidos y lluviosos. En cambio, en otros pa\u00edses, el virus es end\u00e9mico y hay casos todo el a\u00f1o\u201d.<\/p>\n\n\n\n<p><img decoding=\"async\" loading=\"lazy\" alt=\"En el norte del pa\u00eds se concentra la mayor cantidad de fallecimientos por dengue (Infograf\u00eda: Marcelo Regalado)\" height=\"2359\" width=\"1920\" class=\"\" src=\"https:\/\/cloudfront-us-east-1.images.arcpublishing.com\/infobae\/6M6NIIFEHNFHXH2KGMXU7TT2WA.jpg\" srcset=\"https:\/\/www.infobae.com\/new-resizer\/d9OOy-Xt8NU7ICeVtekZDi1UFqI=\/420x560\/filters:format(webp):quality(85)\/cloudfront-us-east-1.images.arcpublishing.com\/infobae\/6M6NIIFEHNFHXH2KGMXU7TT2WA.jpg 420w,https:\/\/www.infobae.com\/new-resizer\/d_HQ6bPJU1vacH_gBWZPjfzNis4=\/768x1024\/filters:format(webp):quality(85)\/cloudfront-us-east-1.images.arcpublishing.com\/infobae\/6M6NIIFEHNFHXH2KGMXU7TT2WA.jpg 768w,https:\/\/www.infobae.com\/new-resizer\/Qay3GlkKrLMF6mhNLMxqxW3mDZU=\/992x1323\/filters:format(webp):quality(85)\/cloudfront-us-east-1.images.arcpublishing.com\/infobae\/6M6NIIFEHNFHXH2KGMXU7TT2WA.jpg 992w,https:\/\/www.infobae.com\/new-resizer\/2Nf4yqc4insWpmIRsKdH3njUpVc=\/1200x1600\/filters:format(webp):quality(85)\/cloudfront-us-east-1.images.arcpublishing.com\/infobae\/6M6NIIFEHNFHXH2KGMXU7TT2WA.jpg 1200w\">En el norte del pa\u00eds se concentra la mayor cantidad de fallecimientos por dengue (Infograf\u00eda: Marcelo Regalado)<\/p>\n\n\n\n<p>Bajo estos preceptos, Crudo analiz\u00f3: \u201cBrasil, Bolivia y Per\u00fa tuvieron muchos casos de dengue, y desde ah\u00ed llegaron a Argentina muchos turistas por viajes de fin de a\u00f1o o vacaciones.&nbsp;<strong>El virus viaja con las personas, no con el mosquito<\/strong>, y ac\u00e1 recibimos personas infectadas con el virus en la sangre de estos pa\u00edses end\u00e9micos y, si en nuestro pa\u00eds estamos en \u00e9poca de mosquitos, comienza el brote. La proliferaci\u00f3n del mosquito en s\u00ed, de todos modos, obedece a factores como la urbanizaci\u00f3n creciente y no planificada, y a cualquier recipiente que tenga agua y pueda ser un criadero. La lluvia tambi\u00e9n incidi\u00f3 en el brote, porque los casos aumentaron despu\u00e9s de algunas precipitaciones entre enero y febrero que llegaron despu\u00e9s de un verano muy seco\u201d.<\/p>\n\n\n\n<p>De acuerdo a lo informado por el Ministerio de Salud nacional, los casos de dengue que se registraron entre el 1 de agosto y el 9 de abril se encuentran 48,4% por encima de los notificados en 2020 y 27% por encima de los de 2016, los dos \u00faltimos brotes. A su vez, seg\u00fan pudo relevar&nbsp;<strong>Infobae<\/strong>, los 39 fallecimientos de la temporada actual ocurrieron en nueve jurisdicciones: provincia de Buenos Aires 1, Ciudad de Buenos Aires 2, Jujuy 6, Salta 10, Santa Fe 7, Santiago del Estero 1, Tucum\u00e1n 9, Entre R\u00edos 1 y C\u00f3rdoba 2.<\/p>\n\n\n\n<p>Actualmente, el&nbsp;<strong>DENV-2&nbsp;<\/strong>es el serotipo predominante, pero con una dispersi\u00f3n que alcanza al menos a 10 jurisdicciones de las 15 afectadas hasta el momento. En todas las muestras estudiadas de DENV-2 se detect\u00f3 el Genotipo II-Cosmopolita, informaron desde la cartera sanitaria, y explicaron en di\u00e1logo con&nbsp;<strong>Infobae&nbsp;<\/strong>que esta variante&nbsp;<strong>no circulaba en Argentina, sino en Brasil y en Per\u00fa<\/strong>. \u201cSe est\u00e1 investigando a\u00fan su impacto cl\u00ednico y epidemiol\u00f3gico\u201d, agregaron desde la cartera que lidera Carla Vizzotti.<\/p>\n\n\n\n<p><img decoding=\"async\" loading=\"lazy\" height=\"2727\" width=\"4096\" srcset=\"https:\/\/www.infobae.com\/new-resizer\/LL-4LVhtCmnrMeZ0SbtpoAxpimE=\/420x280\/filters:format(webp):quality(85)\/cloudfront-us-east-1.images.arcpublishing.com\/infobae\/VC4R6K3NXJA7FCKSYLXX5M4FIY.jpg 420w,https:\/\/www.infobae.com\/new-resizer\/RAGDOKAGaP5tdqr6QvOFpH4HHsM=\/768x512\/filters:format(webp):quality(85)\/cloudfront-us-east-1.images.arcpublishing.com\/infobae\/VC4R6K3NXJA7FCKSYLXX5M4FIY.jpg 768w,https:\/\/www.infobae.com\/new-resizer\/1N2U9b6cIbcUT_WfBuRs2gi0M7Q=\/992x661\/filters:format(webp):quality(85)\/cloudfront-us-east-1.images.arcpublishing.com\/infobae\/VC4R6K3NXJA7FCKSYLXX5M4FIY.jpg 992w,https:\/\/www.infobae.com\/new-resizer\/EuB46gFVHkbqc6Rr5Ah3h9EKvos=\/1200x800\/filters:format(webp):quality(85)\/cloudfront-us-east-1.images.arcpublishing.com\/infobae\/VC4R6K3NXJA7FCKSYLXX5M4FIY.jpg 1200w,https:\/\/www.infobae.com\/new-resizer\/nuJ3m2_jUzPzhb7UPgJNYfpnHG0=\/1440x960\/filters:format(webp):quality(85)\/cloudfront-us-east-1.images.arcpublishing.com\/infobae\/VC4R6K3NXJA7FCKSYLXX5M4FIY.jpg 1440w\" class=\"\" src=\"https:\/\/cloudfront-us-east-1.images.arcpublishing.com\/infobae\/VC4R6K3NXJA7FCKSYLXX5M4FIY.jpg\" alt=\"La eliminaci\u00f3n de los criaderos de mosquitos es una de las principales medidas preventivas contra el dengue \/EFE\/CHRISTIAN BRUNA\/Archivo\n\"><\/p>\n\n\n\n<p>Semanas atr\u00e1s,&nbsp;<strong>Infobae<\/strong>&nbsp;pudo saber que hay una vacuna contra el dengue que se encuentra en una etapa de evaluaci\u00f3n por parte de la Administraci\u00f3n Nacional de Medicamentos, Alimentos y Tecnolog\u00eda M\u00e9dica (ANMAT). Desde el Ministerio de Salud y desde la ANMAT se\u00f1alaron a este medio que el proceso \u201cest\u00e1 muy avanzado\u201d, aunque a\u00fan no hay una fecha definida para que se concrete. Se trata de la&nbsp;<strong>vacuna&nbsp;<\/strong><em><strong>Qdenga<\/strong><\/em>, una f\u00f3rmula tetravalente -elaborada por la farmac\u00e9utica japonesa Takeda- que est\u00e1 compuesta por los cuatro serotipos del virus que causa la enfermedad.<\/p>\n\n\n\n<p>Con una<strong>\u00a0eficacia general<\/strong>\u00a0del 80,2%,\u00a0<em>Qdenga\u00a0<\/em>consta de dos dosis que deben ser inoculadas con un intervalo de tres meses, y est\u00e1 recomendada para un p\u00fablico extenso:<strong>\u00a0desde los 4 hasta de 60 a\u00f1os.<\/strong><\/p>\n\n\n\n<p>Fuente: INFOBAE<\/p>\n","protected":false},"excerpt":{"rendered":"<div class=\"mh-excerpt\"><p>El&nbsp;brote de dengue&nbsp;en&nbsp;Argentina&nbsp;registra hasta el momento&nbsp;42 muertes&nbsp;y si bien las \u00faltimas cifras del Ministerio de Salud de la Naci\u00f3n notificaron 41.257 casos, seg\u00fan el relevamiento de Infobae con las autoridades sanitarias provinciales, la cifra actual de afectados ya supera los 54.000. Esto implica que el&nbsp;2023&nbsp;es un a\u00f1o r\u00e9cord de fallecimientos por este motivo en la historia del pa\u00eds, ya que se superaron las 26 v\u00edctimas fatales de&nbsp;2020.&nbsp;En tanto, el n\u00famero de&nbsp;afectados, seg\u00fan los \u00faltimos datos, posiciona a esta temporada como&nbsp;una de las tres m\u00e1s elevadas respecto a los contagios. Te puede interesar:Mapa del dengue porte\u00f1o: los casos llegan a 5500 <a class=\"mh-excerpt-more\" href=\"http:\/\/dsrmedios.com.ar\/diario\/archivos\/31310\" title=\"Cu\u00e1ndo terminar\u00eda el brote de dengue y qu\u00e9 factores influyen, seg\u00fan los expertos\">[Leer m\u00e1s]<\/a><\/p>\n<\/div>","protected":false},"author":6,"featured_media":10012,"comment_status":"open","ping_status":"closed","sticky":false,"template":"","format":"standard","meta":{"_jetpack_newsletter_access":""},"categories":[6],"tags":[],"jetpack_featured_media_url":"http:\/\/dsrmedios.com.ar\/diario\/wp-content\/uploads\/2018\/12\/mosquitos.jpg","jetpack_sharing_enabled":true,"jetpack_shortlink":"https:\/\/wp.me\/p9fihK-890","_links":{"self":[{"href":"http:\/\/dsrmedios.com.ar\/diario\/wp-json\/wp\/v2\/posts\/31310"}],"collection":[{"href":"http:\/\/dsrmedios.com.ar\/diario\/wp-json\/wp\/v2\/posts"}],"about":[{"href":"http:\/\/dsrmedios.com.ar\/diario\/wp-json\/wp\/v2\/types\/post"}],"author":[{"embeddable":true,"href":"http:\/\/dsrmedios.com.ar\/diario\/wp-json\/wp\/v2\/users\/6"}],"replies":[{"embeddable":true,"href":"http:\/\/dsrmedios.com.ar\/diario\/wp-json\/wp\/v2\/comments?post=31310"}],"version-history":[{"count":1,"href":"http:\/\/dsrmedios.com.ar\/diario\/wp-json\/wp\/v2\/posts\/31310\/revisions"}],"predecessor-version":[{"id":31311,"href":"http:\/\/dsrmedios.com.ar\/diario\/wp-json\/wp\/v2\/posts\/31310\/revisions\/31311"}],"wp:featuredmedia":[{"embeddable":true,"href":"http:\/\/dsrmedios.com.ar\/diario\/wp-json\/wp\/v2\/media\/10012"}],"wp:attachment":[{"href":"http:\/\/dsrmedios.com.ar\/diario\/wp-json\/wp\/v2\/media?parent=31310"}],"wp:term":[{"taxonomy":"category","embeddable":true,"href":"http:\/\/dsrmedios.com.ar\/diario\/wp-json\/wp\/v2\/categories?post=31310"},{"taxonomy":"post_tag","embeddable":true,"href":"http:\/\/dsrmedios.com.ar\/diario\/wp-json\/wp\/v2\/tags?post=31310"}],"curies":[{"name":"wp","href":"https:\/\/api.w.org\/{rel}","templated":true}]}}