{"id":31305,"date":"2023-04-20T06:46:23","date_gmt":"2023-04-20T09:46:23","guid":{"rendered":"http:\/\/dsrmedios.com.ar\/diario\/?p=31305"},"modified":"2023-04-20T06:46:27","modified_gmt":"2023-04-20T09:46:27","slug":"axel-kicillof-todavia-evalua-el-desdoblamiento-de-las-elecciones-generales-en-la-provincia-de-buenos-aires","status":"publish","type":"post","link":"http:\/\/dsrmedios.com.ar\/diario\/archivos\/31305","title":{"rendered":"Axel Kicillof todav\u00eda eval\u00faa el desdoblamiento de las elecciones generales en la provincia de Buenos Aires"},"content":{"rendered":"\n<p><strong>\u201cNo est\u00e1 descartado\u201d<\/strong>. La respuesta a la pregunta sobre si el gobernador bonaerense,<strong>&nbsp;Axel Kicillof<\/strong>, planea hacer una convocatoria a las elecciones generales -para elegir gobernador, intendentes, legisladores provinciales, concejales y consejeros escolares- en una fecha diferente a las elecciones presidenciales,&nbsp;<strong>se repite<\/strong>. En La Plata ratifican que el mandatario bonaerense tiene autonom\u00eda por ley para decidir cu\u00e1ndo convocar a elecciones.&nbsp;<strong>La discusi\u00f3n ya no es tanto de formas, sino pol\u00edtica.<\/strong><\/p>\n\n\n\n<p>Cerca de Kicillof&nbsp;<strong>se admite que hoy es un escenario posible el desdoblamiento para la elecci\u00f3n general y que su ejecuci\u00f3n real est\u00e1 atada a lo que acontezca en el orden nacional.<\/strong>&nbsp;Agregan que es dif\u00edcil, pero posible. El ex ministro de Econom\u00eda podr\u00eda jugar esa carta si la resoluci\u00f3n de candidaturas nacionales -a su entender y la del espacio- pone en riesgos sus intenciones de ir por una reelecci\u00f3n. Suele decir que se necesita una estrategia nacional fuerte y que hoy no aparece.<\/p>\n\n\n\n<p><strong>Existe, entonces, una decisi\u00f3n pol\u00edtica de ir por el camino del desdoblamiento<\/strong>. Una instancia que&nbsp;<strong>quedar\u00eda definidamente sepultada si finalmente Cristina Kirchner est\u00e1 en la boleta del peronismo<\/strong>; ya sea como candidata presidencial -que es lo que quiere Kicillof y el grupo de la mesa de Ensenada- o encabezando la candidatura a senadora nacional por la provincia de Buenos Aires, como ocurri\u00f3 en 2017 con Unidad Ciudadana.<\/p>\n\n\n\n<p>Las diferentes fuentes consultadas reconocen que es complejo para la provincia de Buenos Aires hacerse cargo de todo el operativo electoral. En ese caso ser\u00eda la Junta Electoral bonaerense la competente, con asistencia del Ejecutivo provincial y otros \u00f3rganos, como por ejemplo la Defensor\u00eda del Pueblo. El \u00faltimo antecedente de este tipo data del a\u00f1o 2003, en la elecci\u00f3n que ratific\u00f3 a<strong>&nbsp;Felipe Sol\u00e1&nbsp;<\/strong>como gobernador.&nbsp;<strong>Pasaron 20 a\u00f1os, pero el avance tecnol\u00f3gico y de mejora en la log\u00edstica hace pensar que, efectivamente, se podr\u00eda llevar adelante.<\/strong>&nbsp;Un detalle: en la elecci\u00f3n del 2003 la provincia de Buenos Aires ten\u00eda 26.834 mesas habilitadas para votar. En las \u00faltimas elecciones -las legislativas 2021- se desplegaron por el territorio bonaerense 38.766 mesas.<\/p>\n\n\n\n<p>La reuni\u00f3n del PJ nacional de este viernes podr\u00eda empezar a definir el rumbo que vaya a tomar Kicillof, que se cansa de repetir que no es una decisi\u00f3n unipersonal, sino que forma parte de la definici\u00f3n del espacio pol\u00edtico que integra. El kirchnerismo plantea, por un lado, que el Frente de Todos se encamina a ir a unas Primarias -este mi\u00e9rcoles lo volvi\u00f3 a sostener el ministro del Interior y eventual presidenciable,&nbsp;<strong>Eduardo de Pedro<\/strong>&#8211; y por el otro que no le van a presentar una interna al presidente&nbsp;<strong>Alberto Fern\u00e1ndez&nbsp;<\/strong>si finalmente decide competir. En esta foto, el gobernador buscar\u00e1 ir por la reelecci\u00f3n.<\/p>\n\n\n\n<p><img decoding=\"async\" loading=\"lazy\" alt=\"Eduardo de Pedro y Alberto Fern\u00e1ndez \" height=\"1080\" width=\"1920\" class=\"\" src=\"https:\/\/cloudfront-us-east-1.images.arcpublishing.com\/infobae\/WBBNEWGOSZAEXEYBG3VXFMNJG4.jpeg\" srcset=\"https:\/\/www.infobae.com\/new-resizer\/0RZDmUidFpSDcUAQjF49b-2e0_g=\/420x236\/filters:format(webp):quality(85)\/cloudfront-us-east-1.images.arcpublishing.com\/infobae\/WBBNEWGOSZAEXEYBG3VXFMNJG4.jpeg 420w,https:\/\/www.infobae.com\/new-resizer\/_sJkkJRVrfIcTYI1TMlWczE4lC4=\/768x432\/filters:format(webp):quality(85)\/cloudfront-us-east-1.images.arcpublishing.com\/infobae\/WBBNEWGOSZAEXEYBG3VXFMNJG4.jpeg 768w,https:\/\/www.infobae.com\/new-resizer\/AoKVRTiPfJatuo9GuqDx1cIu_Kc=\/992x558\/filters:format(webp):quality(85)\/cloudfront-us-east-1.images.arcpublishing.com\/infobae\/WBBNEWGOSZAEXEYBG3VXFMNJG4.jpeg 992w,https:\/\/www.infobae.com\/new-resizer\/D-LMZ_4ZePEXMU8-VyaHR4YpESQ=\/1200x675\/filters:format(webp):quality(85)\/cloudfront-us-east-1.images.arcpublishing.com\/infobae\/WBBNEWGOSZAEXEYBG3VXFMNJG4.jpeg 1200w,https:\/\/www.infobae.com\/new-resizer\/VwQkiUMucJYcA4Ab2JN4zEjGWOk=\/1440x810\/filters:format(webp):quality(85)\/cloudfront-us-east-1.images.arcpublishing.com\/infobae\/WBBNEWGOSZAEXEYBG3VXFMNJG4.jpeg 1440w\">Eduardo de Pedro y Alberto Fern\u00e1ndez<\/p>\n\n\n\n<p>En cuanto a plazos, seg\u00fan la ley electoral de la provincia de Buenos Aires, la decisi\u00f3n de desdoblar la elecci\u00f3n provincial de la nacional debe tomarse\u00a0<strong>\u201ccon no menos de noventa (90) d\u00edas de anticipaci\u00f3n a la fecha que disponga el Poder Ejecutivo\u201d<\/strong>\u00a0y en una fecha \u201ccomprendida entre los treinta (30) y ciento veinte (120) d\u00edas anteriores a la culminaci\u00f3n de los mandatos respectivos\u201d; es decir del 10 de diciembre. Imaginando que la elecci\u00f3n provincial sea anterior a los comicios nacionales,\u00a0<strong>el mandatario deber\u00eda fijar fecha propia antes de las elecciones Primarias que s\u00ed ser\u00e1n junto con las nacionales.<\/strong><\/p>\n\n\n\n<p><strong>La facultad que tiene Kicillof para desdoblar la elecci\u00f3n general<\/strong>&nbsp;tambi\u00e9n fracciona en la interna del Frente de Todos y como&nbsp;<em>pressing&nbsp;<\/em>hacia el jefe de Estado con el objetivo de que decline de su intenci\u00f3n reeleccionista.<strong>&nbsp;Es una bala de plata a la hora de negociar<\/strong>. As\u00ed como Fern\u00e1ndez mantiene el hermetismo de si ser\u00e1 candidato o no, el gobernador -el kirchnerismo en realidad- guarda esa carta del desdoblamiento. Es una medici\u00f3n de fuerzas dentro del peronismo y que en las pr\u00f3ximas semanas empezar\u00e1 a ponerse en juego.<\/p>\n\n\n\n<p>Seg\u00fan pudo saber este medio, cuando en el gobierno bonaerense se decidi\u00f3 que no habr\u00eda desdoblamiento de las PASO en la provincia de Buenos Aires,&nbsp;<strong>tambi\u00e9n se analiz\u00f3 si era conveniente convocar en el mismo decreto la fecha para las elecciones generales. Se defini\u00f3 no hacerlo y esperar.<\/strong><\/p>\n\n\n\n<p><img decoding=\"async\" loading=\"lazy\" alt=\"El rol de Cristina Kirchner ser\u00e1 determinante para la decisi\u00f3n de Kicillof\" height=\"1080\" width=\"1920\" class=\"\" src=\"https:\/\/cloudfront-us-east-1.images.arcpublishing.com\/infobae\/25VEZGN2V5ENRIBJ3RPWT5L7I4.jpg\" srcset=\"https:\/\/www.infobae.com\/new-resizer\/2UMdGDBH-esHdV6_BCbo8OPYJjY=\/420x236\/filters:format(webp):quality(85)\/cloudfront-us-east-1.images.arcpublishing.com\/infobae\/25VEZGN2V5ENRIBJ3RPWT5L7I4.jpg 420w,https:\/\/www.infobae.com\/new-resizer\/vsCyOo9VlQy0HIbU-NLcDpuSFjQ=\/768x432\/filters:format(webp):quality(85)\/cloudfront-us-east-1.images.arcpublishing.com\/infobae\/25VEZGN2V5ENRIBJ3RPWT5L7I4.jpg 768w,https:\/\/www.infobae.com\/new-resizer\/jXZfFcnYMyUwj8EPoyX3TrDjkxM=\/992x558\/filters:format(webp):quality(85)\/cloudfront-us-east-1.images.arcpublishing.com\/infobae\/25VEZGN2V5ENRIBJ3RPWT5L7I4.jpg 992w,https:\/\/www.infobae.com\/new-resizer\/NTdltp9MyaVoWHS941lovgynpUc=\/1200x675\/filters:format(webp):quality(85)\/cloudfront-us-east-1.images.arcpublishing.com\/infobae\/25VEZGN2V5ENRIBJ3RPWT5L7I4.jpg 1200w,https:\/\/www.infobae.com\/new-resizer\/vef7psNyDNYs83WLcO6_wLtS_WQ=\/1440x810\/filters:format(webp):quality(85)\/cloudfront-us-east-1.images.arcpublishing.com\/infobae\/25VEZGN2V5ENRIBJ3RPWT5L7I4.jpg 1440w\">El rol de Cristina Kirchner ser\u00e1 determinante para la decisi\u00f3n de Kicillof<\/p>\n\n\n\n<p>La \u00faltima provincia peronista que decidi\u00f3 separarse de la elecci\u00f3n nacional fue Formosa. El gobernador&nbsp;<strong>Gildo Insfr\u00e1n&nbsp;<\/strong>adelantar\u00e1 las elecciones en su provincia, al igual que lo hicieron la mayor\u00eda de los subestados. Este martes se confirm\u00f3 que en Formosa se elegir\u00e1n gobernador, vice, 15 diputados provinciales, intendentes y concejales casi dos meses antes que las PASO presidenciales, que tienen fecha para el 13 de agosto.<\/p>\n\n\n\n<p>Los gobernadores buscan escapar de la discusi\u00f3n macro -con una inflaci\u00f3n por arriba del 104% interanual al mes de marzo y casi el 39,2% de la poblaci\u00f3n del pa\u00eds por debajo de la l\u00ednea de pobreza- y conservar su poder territorial. Ya definieron separar fechas de la elecci\u00f3n nacional las provincias de Neuqu\u00e9n y R\u00edo Negro -que fueron a elecciones el \u00faltimo domingo\u2013 y lo har\u00e1n tambi\u00e9n San Luis, Salta, Entre R\u00edos, Jujuy, La Pampa, Mendoza, Misiones, Tierra del Fuego, Tucum\u00e1n, San Juan, Santa Fe, C\u00f3rdoba, y Santiago del Estero. La Ciudad de Buenos Aires, por su parte, va a una elecci\u00f3n recurrente.<\/p>\n\n\n\n<p>Pero el caso de la provincia de Buenos Aires es distinto. Su peso electoral en el escenario nacional -representa el 38% del padr\u00f3n del pa\u00eds- e indefectiblemente<strong>\u00a0la discusi\u00f3n nacional arrastra al gobernador cuyo margen maniobra para alentar un corte de boleta es inferior, si se quiere, al que pueden ostentar los intendentes.\u00a0<\/strong>Aunque hubo casos, cualquier opci\u00f3n presidencial dif\u00edcilmente pueda prescindir de los votos de la provincia de Buenos Aires para imponerse en las urnas. Sin embargo, con Kicillof en la elecci\u00f3n 2019 se dio una particularidad: sac\u00f3 m\u00e1s votos que los que consigui\u00f3 la f\u00f3rmula Alberto Fern\u00e1ndez-Cristina Kirchner. Kicillof gan\u00f3 con el 52% de los votos; Fern\u00e1ndez obtuvo el 51% en territorio bonaerense. Hoy esos n\u00fameros son una nostalgia. Este jueves, el presidente y el gobernador volver\u00e1n a compartir un acto p\u00fablico tras 50 d\u00edas sin coincidencias en un evento de estas caracter\u00edsticas.<\/p>\n\n\n\n<p>Fuente: Infobae<\/p>\n","protected":false},"excerpt":{"rendered":"<div class=\"mh-excerpt\"><p>\u201cNo est\u00e1 descartado\u201d. La respuesta a la pregunta sobre si el gobernador bonaerense,&nbsp;Axel Kicillof, planea hacer una convocatoria a las elecciones generales -para elegir gobernador, intendentes, legisladores provinciales, concejales y consejeros escolares- en una fecha diferente a las elecciones presidenciales,&nbsp;se repite. En La Plata ratifican que el mandatario bonaerense tiene autonom\u00eda por ley para decidir cu\u00e1ndo convocar a elecciones.&nbsp;La discusi\u00f3n ya no es tanto de formas, sino pol\u00edtica. Cerca de Kicillof&nbsp;se admite que hoy es un escenario posible el desdoblamiento para la elecci\u00f3n general y que su ejecuci\u00f3n real est\u00e1 atada a lo que acontezca en el orden nacional.&nbsp;Agregan que <a class=\"mh-excerpt-more\" href=\"http:\/\/dsrmedios.com.ar\/diario\/archivos\/31305\" title=\"Axel Kicillof todav\u00eda eval\u00faa el desdoblamiento de las elecciones generales en la provincia de Buenos Aires\">[Leer m\u00e1s]<\/a><\/p>\n<\/div>","protected":false},"author":6,"featured_media":13144,"comment_status":"open","ping_status":"closed","sticky":false,"template":"","format":"standard","meta":{"_jetpack_newsletter_access":""},"categories":[7],"tags":[],"jetpack_featured_media_url":"http:\/\/dsrmedios.com.ar\/diario\/wp-content\/uploads\/2019\/06\/axel2-1.jpg","jetpack_sharing_enabled":true,"jetpack_shortlink":"https:\/\/wp.me\/p9fihK-88V","_links":{"self":[{"href":"http:\/\/dsrmedios.com.ar\/diario\/wp-json\/wp\/v2\/posts\/31305"}],"collection":[{"href":"http:\/\/dsrmedios.com.ar\/diario\/wp-json\/wp\/v2\/posts"}],"about":[{"href":"http:\/\/dsrmedios.com.ar\/diario\/wp-json\/wp\/v2\/types\/post"}],"author":[{"embeddable":true,"href":"http:\/\/dsrmedios.com.ar\/diario\/wp-json\/wp\/v2\/users\/6"}],"replies":[{"embeddable":true,"href":"http:\/\/dsrmedios.com.ar\/diario\/wp-json\/wp\/v2\/comments?post=31305"}],"version-history":[{"count":1,"href":"http:\/\/dsrmedios.com.ar\/diario\/wp-json\/wp\/v2\/posts\/31305\/revisions"}],"predecessor-version":[{"id":31306,"href":"http:\/\/dsrmedios.com.ar\/diario\/wp-json\/wp\/v2\/posts\/31305\/revisions\/31306"}],"wp:featuredmedia":[{"embeddable":true,"href":"http:\/\/dsrmedios.com.ar\/diario\/wp-json\/wp\/v2\/media\/13144"}],"wp:attachment":[{"href":"http:\/\/dsrmedios.com.ar\/diario\/wp-json\/wp\/v2\/media?parent=31305"}],"wp:term":[{"taxonomy":"category","embeddable":true,"href":"http:\/\/dsrmedios.com.ar\/diario\/wp-json\/wp\/v2\/categories?post=31305"},{"taxonomy":"post_tag","embeddable":true,"href":"http:\/\/dsrmedios.com.ar\/diario\/wp-json\/wp\/v2\/tags?post=31305"}],"curies":[{"name":"wp","href":"https:\/\/api.w.org\/{rel}","templated":true}]}}