{"id":31297,"date":"2023-04-20T06:38:23","date_gmt":"2023-04-20T09:38:23","guid":{"rendered":"http:\/\/dsrmedios.com.ar\/diario\/?p=31297"},"modified":"2023-04-20T06:38:27","modified_gmt":"2023-04-20T09:38:27","slug":"circulo-de-riesgo-las-internas-generan-temblores-en-la-economia-y-la-crisis-aumenta-la-tension-politica","status":"publish","type":"post","link":"http:\/\/dsrmedios.com.ar\/diario\/archivos\/31297","title":{"rendered":"C\u00edrculo de riesgo: las internas generan temblores en la econom\u00eda y la crisis aumenta la tensi\u00f3n pol\u00edtica"},"content":{"rendered":"\n<p><strong>Malena Galmarini<\/strong>&nbsp;sali\u00f3 en defensa de&nbsp;<strong>Sergio Massa<\/strong>&nbsp;con una advertencia grave,&nbsp;<strong>en m\u00e1s de un sentido<\/strong>. Dijo que el \u201cfinal\u201d del ministro colocar\u00eda al Gobierno frente a su \u201cfinal\u201d, es decir, el abismo. Fue una manera de aludir a la condici\u00f3n de&nbsp;<strong>\u00faltima carta<\/strong>. El mensaje, replicado, busc\u00f3 ser crudo, realista, y tal vez lo fue m\u00e1s all\u00e1 de su intenci\u00f3n original. Alert\u00f3 sobre la&nbsp;<strong>precariedad<\/strong>&nbsp;de la situaci\u00f3n del Gobierno,&nbsp;<strong>apunt\u00f3 a Olivos<\/strong>&nbsp;y mostr\u00f3 que las internas son jugadas&nbsp;<strong>sin medir consecuencias pol\u00edticas y econ\u00f3micas<\/strong>. Un c\u00edrculo de riesgo, en el que la crisis&nbsp;<strong>alimenta esas batallas<\/strong>&nbsp;y, a la vez, las peleas&nbsp;<strong>golpean sobre la econom\u00eda<\/strong>.<\/p>\n\n\n\n<p>De manera&nbsp;<strong>lineal<\/strong>, la \u00faltima trepada del precio del d\u00f3lar fue adjudicada a los rumores y operaciones sobre un posible cambio en la conducci\u00f3n de Econom\u00eda. En esa visi\u00f3n,&nbsp;<strong>no existir\u00edan otros factores<\/strong>&nbsp;-la inflaci\u00f3n, por ejemplo- y, m\u00e1s a\u00fan, la soluci\u00f3n estar\u00eda a la vista. Si el gran conspirador, aislado, fue otra vez&nbsp;<strong>Antonio Aracre<\/strong>, su salida obligada resolver\u00eda el problema. Es llamativo:&nbsp;<strong>no se trata de un caso, \u00fanico<\/strong>, sino de su condici\u00f3n como emergente de un estado de cosas. Y ese cuadro, que incluye tensiones con la oposici\u00f3n,&nbsp;<strong>fue recreado casi en simult\u00e1neo como si fueran realidades desconectadas<\/strong>.<\/p>\n\n\n\n<p>Aracre ven\u00eda&nbsp;<strong>golpeado<\/strong>,&nbsp;<strong>resistido&nbsp;<\/strong>adem\u00e1s desde el primer d\u00eda, compitiendo incluso en zonas de comunicaci\u00f3n y, sobre todo, con&nbsp;<strong>juego de relaciones<\/strong>&nbsp;que no pasaban inadvertidas en el equipo de Massa. Su breve gesti\u00f3n como jefe de asesores describe&nbsp;<strong>poco ejercicio pol\u00edtico<\/strong>&nbsp;<strong>personal<\/strong>&nbsp;y tambi\u00e9n&nbsp;<strong>debilidad de origen<\/strong>: fue sumado a la gesti\u00f3n como decisi\u00f3n exclusiva de&nbsp;<strong>Alberto Fern\u00e1ndez<\/strong>, con reparos de Econom\u00eda y rechazo del kirchnerismo.<\/p>\n\n\n\n<p>El jefe de asesores del Presidente ya hab\u00eda quedado como protagonista del anterior cap\u00edtulo de enojo entre el ministro y Olivos. Ahora, como antes, se le atribuyen&nbsp;<strong>operaciones para esmerilar al ministro.&nbsp;<\/strong>Lo \u00faltimo fue hacer correr rumores sobre su llegada al principal escritorio de Econom\u00eda, junto a repetidas especulaciones sobre&nbsp;<strong>una devaluaci\u00f3n clara<\/strong>. Eso mismo, le agreg\u00f3 acusaciones como&nbsp;<strong>causante del freno en las liquidaciones de d\u00f3lar-soja<\/strong>.<\/p>\n\n\n\n<p>La mira sobre Alberto Fern\u00e1ndez incluy\u00f3, otra vez, a&nbsp;<strong>Miguel Pesce<\/strong>, tambi\u00e9n apuntado por las referidas demoras en las liquidaciones, vitales para mejorar las reservas. El titular del Banco Central est\u00e1 enrolado en el c\u00edrculo presidencial o, a esta altura, se apoya en ese sost\u00e9n. El kirchnerismo&nbsp;<strong>lo tiene anotado desde hace rato en su lista de enemigos dom\u00e9sticos<\/strong>.<\/p>\n\n\n\n<p>Lo de Pesce es menos mencionado en esta oportunidad, aunque lo suficiente para ampliar el foco y exponer que la tensi\u00f3n&nbsp;<strong>no estuvo acotada&nbsp;<\/strong>al jefe de asesores.&nbsp;<strong>Cecilia Moreau<\/strong>, que ocup\u00f3 el lugar de Massa en la C\u00e1mara de Diputados -lo cual define por el cargo y por la sucesi\u00f3n-, habl\u00f3 sin vueltas de la&nbsp;<strong>\u201cCasa Rosada\u201d<\/strong>&nbsp;para reclamar que cesen las operaciones contra el ministro.<\/p>\n\n\n\n<p><img decoding=\"async\" loading=\"lazy\" alt=\"Malena Galmarini se sum\u00f3 a los cruces y replic\u00f3 un mensaje inquietante\" height=\"1080\" width=\"1920\" class=\"\" src=\"https:\/\/cloudfront-us-east-1.images.arcpublishing.com\/infobae\/HBN2CEAAEJFU5NNWITDWQS6AHQ.jpg\" srcset=\"https:\/\/www.infobae.com\/new-resizer\/rtjauYKVtoXtmEWz9XpRzYl95BI=\/420x236\/filters:format(webp):quality(85)\/cloudfront-us-east-1.images.arcpublishing.com\/infobae\/HBN2CEAAEJFU5NNWITDWQS6AHQ.jpg 420w,https:\/\/www.infobae.com\/new-resizer\/FFfFDmWs1p7sY29Hirv8yJ5O314=\/768x432\/filters:format(webp):quality(85)\/cloudfront-us-east-1.images.arcpublishing.com\/infobae\/HBN2CEAAEJFU5NNWITDWQS6AHQ.jpg 768w,https:\/\/www.infobae.com\/new-resizer\/i9rjOoFlIv6oQwx_1gEvb07GUyo=\/992x558\/filters:format(webp):quality(85)\/cloudfront-us-east-1.images.arcpublishing.com\/infobae\/HBN2CEAAEJFU5NNWITDWQS6AHQ.jpg 992w,https:\/\/www.infobae.com\/new-resizer\/t8cNycq5pbLijfkK_cqbSiPo6uY=\/1200x675\/filters:format(webp):quality(85)\/cloudfront-us-east-1.images.arcpublishing.com\/infobae\/HBN2CEAAEJFU5NNWITDWQS6AHQ.jpg 1200w,https:\/\/www.infobae.com\/new-resizer\/i0CdI60edLoU5iDQvOVj52t3Zso=\/1440x810\/filters:format(webp):quality(85)\/cloudfront-us-east-1.images.arcpublishing.com\/infobae\/HBN2CEAAEJFU5NNWITDWQS6AHQ.jpg 1440w\">Malena Galmarini se sum\u00f3 a los cruces y replic\u00f3 un mensaje inquietante<\/p>\n\n\n\n<p>Desde el Gobierno, las reacciones fueron r\u00e1pidas y con m\u00e1s de una lectura. Por la v\u00eda de comunicaci\u00f3n habitual, se difundi\u00f3 que el Presidente hab\u00eda reprendido con dureza a Aracre y&nbsp;<strong>no le dej\u00f3 margen para otra salida que no fuera renunciar al cargo<\/strong>. Cedi\u00f3 una pieza que complicaba antes que sumar, pero a\u00fan as\u00ed se trat\u00f3&nbsp;<strong>de una nueva expresi\u00f3n de desgaste de poder<\/strong>. En paralelo, desde la Casa Rosada se se\u00f1al\u00f3 que, en realidad, Massa habr\u00eda agrandado el problema&nbsp;<strong>para lograr un desenlace que lo fortaleciera<\/strong>&nbsp;<strong>pol\u00edticamente<\/strong>.<\/p>\n\n\n\n<p>En cualquier caso, qued\u00f3 expuesto que todo el episodio pudo crecer por la existencia del delicado cuadro que enfrenta la econom\u00eda. La marca inflacionaria de marzo, las proyecciones para este mes, el impacto en los niveles de pobreza y, en conjunto, la inquietud que genera en t\u00e9rminos electorales para el oficialismo&nbsp;<strong>dieron marco a las operaciones sobre cambios de elenco y de medidas<\/strong>.<\/p>\n\n\n\n<p><strong>Agust\u00edn Rossi<\/strong>&nbsp;ensay\u00f3 una salida cl\u00e1sica para&nbsp;<strong>correr la atenci\u00f3n o compartirla<\/strong>. El jefe de Gabinete adjudic\u00f3 a maniobras y al discurso de la oposici\u00f3n la escalada del d\u00f3lar. Dijo que desde esa vereda&nbsp;<strong>\u201cest\u00e1n propiciando\u201d<\/strong>&nbsp;una devaluaci\u00f3n. Fue una salida similar aunque menos \u00e1spero que la intentada por&nbsp;<strong>An\u00edbal Fern\u00e1ndez<\/strong>&nbsp;en relaci\u00f3n con la inseguridad.<\/p>\n\n\n\n<p>Por&nbsp;<strong>convicci\u00f3n o c\u00e1lculo<\/strong>, desde la otra vereda no hubo se\u00f1ales de trepar en la confrontaci\u00f3n en un terreno tan sensible. Se ver\u00e1 si la carga sobre Juntos por el Cambio qued\u00f3 agotada en el jefe de Gabinete y alguna chicana de La C\u00e1mpora. El kichnerismo, con matices en sus filas, est\u00e1 centrado en ver&nbsp;<strong>c\u00f3mo se moviliza a la espera de definiciones de CFK<\/strong>.<\/p>\n\n\n\n<p>En cualquier caso, la tensi\u00f3n pol\u00edtica domina las jugadas a&nbsp;<strong>contramano<\/strong>&nbsp;de la necesidad de generar un clima&nbsp;<strong>m\u00e1s distendido en general y de cierta convivencia en el interior del oficialismo<\/strong>, mientras se negocia una reconsideraci\u00f3n del acuerdo con el FMI. Esa es&nbsp;<strong>la llave<\/strong>&nbsp;que todos mencionan para llegar a las elecciones con alg\u00fan ox\u00edgeno econ\u00f3mico.<\/p>\n\n\n\n<p>Otro dato significativo: tambi\u00e9n se hab\u00eda comenzado a hablar de&nbsp;<strong>apaciguar la interna<\/strong>&nbsp;despu\u00e9s del sacud\u00f3n que produjo el IPC de marzo (<strong>7,7%<\/strong>). Las negociaciones fueron retomadas con un objetivo cercano: reunir a la mesa nacional del PJ para convocar despu\u00e9s al Congreso partidario y ratificar el Frente de Todos.<\/p>\n\n\n\n<p><strong>Eduardo \u201cWado\u201d de Pedro<\/strong>&nbsp;trajo de golpe el recuerdo del punto de quiebre m\u00e1s visible en la relaci\u00f3n de CFK y el Presidente. El ministro describi\u00f3 cu\u00e1les son a su juicio los ingredientes de un resultado de gesti\u00f3n que provoca&nbsp;<strong>\u201cdesesperanza\u201d<\/strong>: pandemia, la guerra desatada por Rusia al invadir Ucrania, la sequ\u00eda y&nbsp;<strong>\u201calgunos funcionarios que no funcionan\u201d<\/strong>.<\/p>\n\n\n\n<p>La frase de CFK se convirti\u00f3 en\u00a0<strong>la marca<\/strong>\u00a0de un proceso que precipit\u00f3 la primera crisis fuerte de gabinete. Wado de Pedro fue protagonista central de aquel episodio, pero sigui\u00f3 en el cargo. La repetici\u00f3n en boca del ministro caus\u00f3 malestar en el circuito de Olivos.\u00a0<strong>Las treguas, si existen, son fr\u00e1giles<\/strong>.<\/p>\n\n\n\n<p>Fuente: Infobae<\/p>\n","protected":false},"excerpt":{"rendered":"<div class=\"mh-excerpt\"><p>Malena Galmarini&nbsp;sali\u00f3 en defensa de&nbsp;Sergio Massa&nbsp;con una advertencia grave,&nbsp;en m\u00e1s de un sentido. Dijo que el \u201cfinal\u201d del ministro colocar\u00eda al Gobierno frente a su \u201cfinal\u201d, es decir, el abismo. Fue una manera de aludir a la condici\u00f3n de&nbsp;\u00faltima carta. El mensaje, replicado, busc\u00f3 ser crudo, realista, y tal vez lo fue m\u00e1s all\u00e1 de su intenci\u00f3n original. Alert\u00f3 sobre la&nbsp;precariedad&nbsp;de la situaci\u00f3n del Gobierno,&nbsp;apunt\u00f3 a Olivos&nbsp;y mostr\u00f3 que las internas son jugadas&nbsp;sin medir consecuencias pol\u00edticas y econ\u00f3micas. Un c\u00edrculo de riesgo, en el que la crisis&nbsp;alimenta esas batallas&nbsp;y, a la vez, las peleas&nbsp;golpean sobre la econom\u00eda. De manera&nbsp;lineal, la <a class=\"mh-excerpt-more\" href=\"http:\/\/dsrmedios.com.ar\/diario\/archivos\/31297\" title=\"C\u00edrculo de riesgo: las internas generan temblores en la econom\u00eda y la crisis aumenta la tensi\u00f3n pol\u00edtica\">[Leer m\u00e1s]<\/a><\/p>\n<\/div>","protected":false},"author":6,"featured_media":31298,"comment_status":"open","ping_status":"closed","sticky":false,"template":"","format":"standard","meta":{"_jetpack_newsletter_access":""},"categories":[6],"tags":[],"jetpack_featured_media_url":"http:\/\/dsrmedios.com.ar\/diario\/wp-content\/uploads\/2023\/04\/descarga-24.jpg","jetpack_sharing_enabled":true,"jetpack_shortlink":"https:\/\/wp.me\/p9fihK-88N","_links":{"self":[{"href":"http:\/\/dsrmedios.com.ar\/diario\/wp-json\/wp\/v2\/posts\/31297"}],"collection":[{"href":"http:\/\/dsrmedios.com.ar\/diario\/wp-json\/wp\/v2\/posts"}],"about":[{"href":"http:\/\/dsrmedios.com.ar\/diario\/wp-json\/wp\/v2\/types\/post"}],"author":[{"embeddable":true,"href":"http:\/\/dsrmedios.com.ar\/diario\/wp-json\/wp\/v2\/users\/6"}],"replies":[{"embeddable":true,"href":"http:\/\/dsrmedios.com.ar\/diario\/wp-json\/wp\/v2\/comments?post=31297"}],"version-history":[{"count":1,"href":"http:\/\/dsrmedios.com.ar\/diario\/wp-json\/wp\/v2\/posts\/31297\/revisions"}],"predecessor-version":[{"id":31299,"href":"http:\/\/dsrmedios.com.ar\/diario\/wp-json\/wp\/v2\/posts\/31297\/revisions\/31299"}],"wp:featuredmedia":[{"embeddable":true,"href":"http:\/\/dsrmedios.com.ar\/diario\/wp-json\/wp\/v2\/media\/31298"}],"wp:attachment":[{"href":"http:\/\/dsrmedios.com.ar\/diario\/wp-json\/wp\/v2\/media?parent=31297"}],"wp:term":[{"taxonomy":"category","embeddable":true,"href":"http:\/\/dsrmedios.com.ar\/diario\/wp-json\/wp\/v2\/categories?post=31297"},{"taxonomy":"post_tag","embeddable":true,"href":"http:\/\/dsrmedios.com.ar\/diario\/wp-json\/wp\/v2\/tags?post=31297"}],"curies":[{"name":"wp","href":"https:\/\/api.w.org\/{rel}","templated":true}]}}