{"id":31287,"date":"2023-04-19T15:40:10","date_gmt":"2023-04-19T18:40:10","guid":{"rendered":"http:\/\/dsrmedios.com.ar\/diario\/?p=31287"},"modified":"2023-04-19T15:40:13","modified_gmt":"2023-04-19T18:40:13","slug":"la-casa-rosada-acuso-a-los-candidatos-opositores-por-la-suba-del-dolar-blue-propician-una-devaluacion","status":"publish","type":"post","link":"http:\/\/dsrmedios.com.ar\/diario\/archivos\/31287","title":{"rendered":"La Casa Rosada acus\u00f3 a los candidatos opositores por la suba del d\u00f3lar blue: \u201cPropician una devaluaci\u00f3n\u201d"},"content":{"rendered":"\n<p>En una semana de fuerte tensi\u00f3n econ\u00f3mica en la que&nbsp;<a href=\"https:\/\/tn.com.ar\/economia\/2023\/04\/18\/precio-atrasado-pocas-reservas-y-efecto-milei-las-razones-detras-de-la-suba-del-dolar-blue\/\" target=\"_blank\" rel=\"noreferrer noopener\">el d\u00f3lar blue subi\u00f3 $18 en dos d\u00edas,&nbsp;<\/a>desde la Casa Rosada acusaron a la oposici\u00f3n de propiciar la fuerte devaluaci\u00f3n y respaldaron la gesti\u00f3n de&nbsp;<strong>Sergio Massa<\/strong>&nbsp;al frente del Ministerio de Econom\u00eda.<\/p>\n\n\n\n<p>El jefe de Gabinete de la Naci\u00f3n,\u00a0<strong>Agust\u00edn Rossi<\/strong>, responsabiliz\u00f3 a la dirigencia opositora por \u201c<strong>decir que van a hacer una devaluaci\u00f3n\u201d\u00a0<\/strong>y asegur\u00f3 que ese discurso es el que \u201cde una manera u otra propicia y genera inestabilidad\u201d la corrida cambiaria de los \u00faltimos d\u00edas.<\/p>\n\n\n\n<p>\u201cEstamos entrando en el plano final del proceso electoral, los candidatos de la oposici\u00f3n dicen que van a hacer una devaluaci\u00f3n. De una u otra manera lo est\u00e1n propiciando. Una devaluaci\u00f3n que en los primeros meses del a\u00f1o que viene<strong>&nbsp;nos dejar\u00eda con una inflaci\u00f3n duplicada y una pobreza del 60%\u201d<\/strong>, acus\u00f3 Rossi.<\/p>\n\n\n\n<p>El funcionario asegur\u00f3 que \u201cno habr\u00eda motivos para que el d\u00f3lar paralelo aumente\u201d luego de la inclusi\u00f3n del d\u00f3lar agro que&nbsp;<strong>\u201cviene recomponiendo divisas\u201d para el Banco Central.<\/strong>&nbsp;\u201cEso da una sensaci\u00f3n de manejo sobre todo lo que significa el mercado cambiario\u201d, se\u00f1al\u00f3 sobre un d\u00f3lar blue que se ubica en los $418.<\/p>\n\n\n\n<p>El Gobierno comenz\u00f3 la semana con fuertes rumores sobre una posible salida de Sergio Massa del Ministerio de Econom\u00eda, algo que Rossi se encarg\u00f3 de desmentir. El exministro de Defensa respald\u00f3 la gesti\u00f3n del actual titular de la cartera econ\u00f3mica:&nbsp;<strong>\u201cNo existe un plan para desplazar a Massa y nunca existi\u00f3.<\/strong>&nbsp;Lleg\u00f3 con el acuerdo de todos los sectores de la coalici\u00f3n, todos lo estamos acompa\u00f1ando en esta situaci\u00f3n compleja. Est\u00e1n haciendo un enorme esfuerzo para tranquilizar a la Econom\u00eda\u201d.<\/p>\n\n\n\n<p><strong>\u201cMassa asumi\u00f3 en Econom\u00eda en el medio de una presi\u00f3n devaluatoria.<\/strong>&nbsp;Est\u00e1 llevando a cabo una tarea muy importante en un momento de much\u00edsimas dificultades econ\u00f3micas, no generadas por la gesti\u00f3n del Gobierno, sino por circunstancias externas\u201d, agreg\u00f3.<\/p>\n\n\n\n<figure class=\"wp-block-image\"><img decoding=\"async\" src=\"https:\/\/tn.com.ar\/resizer\/LcW8ptJe8FIQEb93p4F2j2GmClI=\/767x0\/smart\/filters:format(webp)\/cloudfront-us-east-1.images.arcpublishing.com\/artear\/IBN7Q6JZAFGIFHCTEQZDSDLPVU.jpg\" alt=\"Sergio Massa es el nuevo ministro de Econom\u00eda de la Naci\u00f3n (Foto: REUTERS\/Matias Baglietto).\"\/><figcaption class=\"wp-element-caption\">Sergio Massa es el nuevo ministro de Econom\u00eda de la Naci\u00f3n (Foto: REUTERS\/Matias Baglietto).<\/figcaption><\/figure>\n\n\n\n<p>Rossi lament\u00f3&nbsp;<a href=\"https:\/\/tn.com.ar\/politica\/2023\/04\/18\/renuncio-antonio-aracre-el-jefe-de-asesores-de-alberto-fernandez\/\" target=\"_blank\" rel=\"noreferrer noopener\">la renuncia del jefe de asesores de Alberto Fern\u00e1ndez<\/a>, Antonio Aracre, y se refiri\u00f3 a las disputas internas que se viven dentro del Frente de Todos en la previa a las elecciones presidenciales. En ese aspecto, remarc\u00f3 la necesidad de buscar un candidato que \u201cconcentre las expectativas de la mayor\u00eda\u201d de la coalici\u00f3n oficialista.<\/p>\n\n\n\n<p>\u201cSi no hay s\u00edntesis hay PASO. Lo que yo critico es que se quiera sintetizar en alguien que no sintetiza.\u00a0<strong>Hoy no parece que haya un candidato que sea la s\u00edntesis.\u00a0<\/strong>Que se quiera forzar una s\u00edntesis es negativo, lo que hay que hacer es prepararse para unas PASO. No le encuentro el dramatismo a la situaci\u00f3n\u201d, agreg\u00f3.<\/p>\n\n\n\n<p>Por \u00faltimo, se refiri\u00f3 a una eventual candidatura presidencial:<strong>&nbsp;\u201cSi el Presidente decide ser candidato por la reelecci\u00f3n lo voy a acompa\u00f1ar<\/strong>, si no decide ser candidato evaluar\u00e9 cu\u00e1l es la situaci\u00f3n y si una eventual candidatura m\u00eda ayuda o genera expectativas en algunos sectores de nuestra coalici\u00f3n\u201d.<\/p>\n\n\n\n<p>\u201cEn dos oportunidades me prepar\u00e9 para esa posibilidad y no se dio. Hasta que el presidente no decida, no me mover\u00e9 m\u00e1s all\u00e1 de las actividades que me genera la jefatura de Gabinete.\u00a0<strong>En la evaluaci\u00f3n existe la posibilidad de una precandidatura presidencial\u201d<\/strong>, agreg\u00f3.<\/p>\n\n\n\n<p>Fuente: TN<\/p>\n","protected":false},"excerpt":{"rendered":"<div class=\"mh-excerpt\"><p>En una semana de fuerte tensi\u00f3n econ\u00f3mica en la que&nbsp;el d\u00f3lar blue subi\u00f3 $18 en dos d\u00edas,&nbsp;desde la Casa Rosada acusaron a la oposici\u00f3n de propiciar la fuerte devaluaci\u00f3n y respaldaron la gesti\u00f3n de&nbsp;Sergio Massa&nbsp;al frente del Ministerio de Econom\u00eda. El jefe de Gabinete de la Naci\u00f3n,\u00a0Agust\u00edn Rossi, responsabiliz\u00f3 a la dirigencia opositora por \u201cdecir que van a hacer una devaluaci\u00f3n\u201d\u00a0y asegur\u00f3 que ese discurso es el que \u201cde una manera u otra propicia y genera inestabilidad\u201d la corrida cambiaria de los \u00faltimos d\u00edas. \u201cEstamos entrando en el plano final del proceso electoral, los candidatos de la oposici\u00f3n dicen que <a class=\"mh-excerpt-more\" href=\"http:\/\/dsrmedios.com.ar\/diario\/archivos\/31287\" title=\"La Casa Rosada acus\u00f3 a los candidatos opositores por la suba del d\u00f3lar blue: \u201cPropician una devaluaci\u00f3n\u201d\">[Leer m\u00e1s]<\/a><\/p>\n<\/div>","protected":false},"author":6,"featured_media":31288,"comment_status":"open","ping_status":"closed","sticky":false,"template":"","format":"standard","meta":{"_jetpack_newsletter_access":""},"categories":[6],"tags":[],"jetpack_featured_media_url":"http:\/\/dsrmedios.com.ar\/diario\/wp-content\/uploads\/2023\/04\/Agustin-Rossi-828x548-1.jpg","jetpack_sharing_enabled":true,"jetpack_shortlink":"https:\/\/wp.me\/p9fihK-88D","_links":{"self":[{"href":"http:\/\/dsrmedios.com.ar\/diario\/wp-json\/wp\/v2\/posts\/31287"}],"collection":[{"href":"http:\/\/dsrmedios.com.ar\/diario\/wp-json\/wp\/v2\/posts"}],"about":[{"href":"http:\/\/dsrmedios.com.ar\/diario\/wp-json\/wp\/v2\/types\/post"}],"author":[{"embeddable":true,"href":"http:\/\/dsrmedios.com.ar\/diario\/wp-json\/wp\/v2\/users\/6"}],"replies":[{"embeddable":true,"href":"http:\/\/dsrmedios.com.ar\/diario\/wp-json\/wp\/v2\/comments?post=31287"}],"version-history":[{"count":1,"href":"http:\/\/dsrmedios.com.ar\/diario\/wp-json\/wp\/v2\/posts\/31287\/revisions"}],"predecessor-version":[{"id":31289,"href":"http:\/\/dsrmedios.com.ar\/diario\/wp-json\/wp\/v2\/posts\/31287\/revisions\/31289"}],"wp:featuredmedia":[{"embeddable":true,"href":"http:\/\/dsrmedios.com.ar\/diario\/wp-json\/wp\/v2\/media\/31288"}],"wp:attachment":[{"href":"http:\/\/dsrmedios.com.ar\/diario\/wp-json\/wp\/v2\/media?parent=31287"}],"wp:term":[{"taxonomy":"category","embeddable":true,"href":"http:\/\/dsrmedios.com.ar\/diario\/wp-json\/wp\/v2\/categories?post=31287"},{"taxonomy":"post_tag","embeddable":true,"href":"http:\/\/dsrmedios.com.ar\/diario\/wp-json\/wp\/v2\/tags?post=31287"}],"curies":[{"name":"wp","href":"https:\/\/api.w.org\/{rel}","templated":true}]}}