{"id":31284,"date":"2023-04-19T15:37:29","date_gmt":"2023-04-19T18:37:29","guid":{"rendered":"http:\/\/dsrmedios.com.ar\/diario\/?p=31284"},"modified":"2023-04-19T15:37:32","modified_gmt":"2023-04-19T18:37:32","slug":"tras-la-renuncia-del-jefe-de-asesores-wado-de-pedro-dijo-que-todavia-hay-funcionarios-que-no-funcionan","status":"publish","type":"post","link":"http:\/\/dsrmedios.com.ar\/diario\/archivos\/31284","title":{"rendered":"Tras la renuncia del jefe de asesores, Wado de Pedro dijo que todav\u00eda hay \u201cfuncionarios que no funcionan\u201d"},"content":{"rendered":"\n<p>En medio de la interna con Sergio Massa y luego de la&nbsp;<a href=\"https:\/\/tn.com.ar\/politica\/2023\/04\/18\/renuncio-antonio-aracre-el-jefe-de-asesores-de-alberto-fernandez\/\" target=\"_blank\" rel=\"noreferrer noopener\">renuncia del jefe de asesores<\/a>&nbsp;de Alberto Fern\u00e1ndez, Antonio Aracre, el ministro de Interior, Eduardo&nbsp;<strong>\u201cWado\u201d de Pedro, volvi\u00f3 a criticar a sus pares del Gabinete.<\/strong><\/p>\n\n\n\n<p>\u201cEl actual Gobierno, nuestro gobierno, con la pandemia, con la guerra, con la sequ\u00eda y con\u00a0<strong>algunos funcionarios que no funcionan<\/strong>, hay gente que, cuando no ven actitud y cuando ve que no se est\u00e1 haciendo todo lo que hay que hacer, tienen alg\u00fan tipo de\u00a0<strong>desesperanza<\/strong>\u201d, expres\u00f3 en di\u00e1logo con\u00a0<em>C5N<\/em>.<\/p>\n\n\n\n<p>\u201cPero a esa gente, a esos argentinos y argentinas desesperanzados, les vamos a ofrecer unas PASO, les vamos a ofrecer una alternativa en esta elecci\u00f3n para poder&nbsp;<strong>recuperar el esp\u00edritu del peronismo, para poder recuperar el esp\u00edritu de los gobiernos de N\u00e9stor y de Cristina<\/strong>\u201d, concluy\u00f3.<\/p>\n\n\n\n<p>Ante la repregunta, el funcionario nacional reafirm\u00f3 sus dichos:&nbsp;<strong>\u201cTodav\u00eda estamos con deudas con un sector de la sociedad, as\u00ed que para mi s\u00ed\u201d.&nbsp;<\/strong>Aunque evit\u00f3 precisar respecto a qu\u00e9 funcionario hac\u00eda alusi\u00f3n, se puede especular que hac\u00eda referencia al ala alineada con el presidente Alberto Fern\u00e1ndez, como los ministros de Seguridad y Desarrollo Social, An\u00edbal Fern\u00e1ndez y Victoria Tolosa Paz.<\/p>\n\n\n\n<figure class=\"wp-block-image\"><img decoding=\"async\" src=\"https:\/\/tn.com.ar\/resizer\/JxOZ7vw1zxKurisE-YmbYsonN1o=\/767x0\/smart\/filters:format(webp)\/cloudfront-us-east-1.images.arcpublishing.com\/artear\/NYYBN3M3NFDPNOOIE7AXRG4IO4.webp\" alt=\"El presidente de la Naci\u00f3n junto a Antonio Aracre, el ahora exjefe de asesores Presidencial. (Foto: Presidencia de la Naci\u00f3n).\"\/><figcaption class=\"wp-element-caption\">El presidente de la Naci\u00f3n junto a Antonio Aracre, el ahora exjefe de asesores Presidencial. (Foto: Presidencia de la Naci\u00f3n).<\/figcaption><\/figure>\n\n\n\n<p>As\u00ed, parafrase\u00f3 lo que dijo la vicepresidenta Cristina Kirchner en la carta difundida en 2020 donde se refiri\u00f3 a la cr\u00edtica situaci\u00f3n del pa\u00eds y&nbsp;<a href=\"https:\/\/tn.com.ar\/politica\/2020\/10\/26\/a-10-anos-de-la-muerte-de-nestor-kirchner-cristina-recordo-a-su-marido-y-adelanto-que-no-participara-de-ninguna-actividad\/\" target=\"_blank\" rel=\"noreferrer noopener\">cuestion\u00f3 a los \u201cfuncionarios que no funcionan\u201d.<\/a><\/p>\n\n\n\n<p>Las declaraciones de De Pedro suceden luego de que el jefe de asesores de Alberto Fern\u00e1ndez, Antonio Aracre, presentara la renuncia al cargo.<\/p>\n\n\n\n<p>El anuncio sucedi\u00f3 a tres meses de su llegada al Gobierno en un d\u00eda marcado por la tensi\u00f3n cambiaria y en medio de rumores que indicaban que el ahora exasesor presidencial<strong>\u00a0podr\u00eda reemplazar al ministro de Econom\u00eda, Sergio Massa<\/strong>.<\/p>\n\n\n\n<p>\u201cA ra\u00edz de los rumores que circularon desde anoche y a los&nbsp;<strong>efectos de desactivar cualquier operaci\u00f3n tendiente a intranquilizar los mercados&nbsp;<\/strong>le he presentado al Presidente mi renuncia indeclinable como Jefe de Asesores de manera inmediata\u201d, escribi\u00f3 en sus redes sociales.<\/p>\n\n\n\n<h2>\u201cFuncionarios que no funcionan\u201d<\/h2>\n\n\n\n<p>En octubre del 2020,&nbsp;<strong>Cristina Kirchner&nbsp;<\/strong>escribi\u00f3 una carta para recordar a N\u00e9stor Kirchner a 10 a\u00f1os de su muerte. En un escrito compartido en sus redes sociales, hizo un recorrido por la historia de los 12 a\u00f1os de gobierno kirchnerista,critic\u00f3 la gesti\u00f3n de Mauricio Macri y no ahorr\u00f3 cr\u00edticas contra el Gabinete de Alberto Fern\u00e1ndez.<\/p>\n\n\n\n<p>\u201c<strong>M\u00e1s all\u00e1 de funcionarios o funcionarias que no funcionan<\/strong>\u00a0y m\u00e1s all\u00e1 de aciertos o desaciertos, no tiene ninguno de los \u2018defectos\u2019 que me atribu\u00edan\u201d, remarc\u00f3.<\/p>\n\n\n\n<p>Fuente: TN<\/p>\n","protected":false},"excerpt":{"rendered":"<div class=\"mh-excerpt\"><p>En medio de la interna con Sergio Massa y luego de la&nbsp;renuncia del jefe de asesores&nbsp;de Alberto Fern\u00e1ndez, Antonio Aracre, el ministro de Interior, Eduardo&nbsp;\u201cWado\u201d de Pedro, volvi\u00f3 a criticar a sus pares del Gabinete. \u201cEl actual Gobierno, nuestro gobierno, con la pandemia, con la guerra, con la sequ\u00eda y con\u00a0algunos funcionarios que no funcionan, hay gente que, cuando no ven actitud y cuando ve que no se est\u00e1 haciendo todo lo que hay que hacer, tienen alg\u00fan tipo de\u00a0desesperanza\u201d, expres\u00f3 en di\u00e1logo con\u00a0C5N. \u201cPero a esa gente, a esos argentinos y argentinas desesperanzados, les vamos a ofrecer unas PASO, <a class=\"mh-excerpt-more\" href=\"http:\/\/dsrmedios.com.ar\/diario\/archivos\/31284\" title=\"Tras la renuncia del jefe de asesores, Wado de Pedro dijo que todav\u00eda hay \u201cfuncionarios que no funcionan\u201d\">[Leer m\u00e1s]<\/a><\/p>\n<\/div>","protected":false},"author":6,"featured_media":31285,"comment_status":"open","ping_status":"closed","sticky":false,"template":"","format":"standard","meta":{"_jetpack_newsletter_access":""},"categories":[6],"tags":[],"jetpack_featured_media_url":"http:\/\/dsrmedios.com.ar\/diario\/wp-content\/uploads\/2023\/04\/images-12.jpg","jetpack_sharing_enabled":true,"jetpack_shortlink":"https:\/\/wp.me\/p9fihK-88A","_links":{"self":[{"href":"http:\/\/dsrmedios.com.ar\/diario\/wp-json\/wp\/v2\/posts\/31284"}],"collection":[{"href":"http:\/\/dsrmedios.com.ar\/diario\/wp-json\/wp\/v2\/posts"}],"about":[{"href":"http:\/\/dsrmedios.com.ar\/diario\/wp-json\/wp\/v2\/types\/post"}],"author":[{"embeddable":true,"href":"http:\/\/dsrmedios.com.ar\/diario\/wp-json\/wp\/v2\/users\/6"}],"replies":[{"embeddable":true,"href":"http:\/\/dsrmedios.com.ar\/diario\/wp-json\/wp\/v2\/comments?post=31284"}],"version-history":[{"count":1,"href":"http:\/\/dsrmedios.com.ar\/diario\/wp-json\/wp\/v2\/posts\/31284\/revisions"}],"predecessor-version":[{"id":31286,"href":"http:\/\/dsrmedios.com.ar\/diario\/wp-json\/wp\/v2\/posts\/31284\/revisions\/31286"}],"wp:featuredmedia":[{"embeddable":true,"href":"http:\/\/dsrmedios.com.ar\/diario\/wp-json\/wp\/v2\/media\/31285"}],"wp:attachment":[{"href":"http:\/\/dsrmedios.com.ar\/diario\/wp-json\/wp\/v2\/media?parent=31284"}],"wp:term":[{"taxonomy":"category","embeddable":true,"href":"http:\/\/dsrmedios.com.ar\/diario\/wp-json\/wp\/v2\/categories?post=31284"},{"taxonomy":"post_tag","embeddable":true,"href":"http:\/\/dsrmedios.com.ar\/diario\/wp-json\/wp\/v2\/tags?post=31284"}],"curies":[{"name":"wp","href":"https:\/\/api.w.org\/{rel}","templated":true}]}}