{"id":31281,"date":"2023-04-19T15:33:22","date_gmt":"2023-04-19T18:33:22","guid":{"rendered":"http:\/\/dsrmedios.com.ar\/diario\/?p=31281"},"modified":"2023-04-19T15:33:24","modified_gmt":"2023-04-19T18:33:24","slug":"la-oposicion-prepara-el-lanzamiento-de-un-megafrente-electoral-para-competir-con-el-peronismo-en-santa-fe","status":"publish","type":"post","link":"http:\/\/dsrmedios.com.ar\/diario\/archivos\/31281","title":{"rendered":"La oposici\u00f3n prepara el lanzamiento de un megafrente electoral para competir con el peronismo en Santa Fe"},"content":{"rendered":"\n<p>La oposici\u00f3n lanzar\u00e1 el martes pr\u00f3ximo&nbsp;<strong>Unidos para Cambiar Santa Fe,&nbsp;<\/strong>el frente electoral con el que se propone desbancar del poder al peronismo provincial y que incluye a la UCR, el Partido Socialista, el PRO, la Democracia Progresista y Encuentro Republicano, entre otras fuerzas. De esa megaalianza, de la que no participar\u00e1 la Coalici\u00f3n C\u00edvica, habr\u00e1<strong>&nbsp;tres f\u00f3rmulas para la gobernaci\u00f3n<\/strong>&nbsp;que competir\u00e1n en las PASO que tendr\u00e1n lugar el 16 de julio:&nbsp;<strong>dos del radicalismo y una del socialismo.<\/strong><\/p>\n\n\n\n<p>Las principales candidaturas ya se est\u00e1n definiendo: la senadora nacional de la UCR&nbsp;<strong>Carolina Losada&nbsp;<\/strong>anunciar\u00eda en los pr\u00f3ximos d\u00edas que buscar\u00e1 convertirse en&nbsp;<strong>gobernadora,<\/strong>&nbsp;acompa\u00f1ada por&nbsp;<strong>Federico Angelini,<\/strong>&nbsp;el flamante titular del PRO, y se enfrentar\u00e1 con otro radical,&nbsp;<strong>Maximiliano Pullaro,<\/strong>&nbsp;del sector Evoluci\u00f3n, que lidera Mart\u00edn Lousteau, y a la candidata del socialismo,&nbsp;<strong>Clara Garc\u00eda.<\/strong><\/p>\n\n\n\n<p>La presentaci\u00f3n en sociedad del llamado<strong>&nbsp;\u201cfrente de frentes\u201d<\/strong>&nbsp;se realizar\u00e1 el martes pr\u00f3ximo en&nbsp;<strong>Cayast\u00e1<\/strong>, una localidad que simboliza la identidad provincial porque all\u00ed se fund\u00f3 la ciudad de Santa Fe en 1573: estar\u00e1n los principales dirigentes de los partidos que integran la flamante coalici\u00f3n y se difundir\u00e1 un&nbsp;<strong>documento&nbsp;<\/strong>con las principales propuestas de gobierno que consensuaron sus equipos.<\/p>\n\n\n\n<p><\/p>\n\n\n\n<p><img decoding=\"async\" loading=\"lazy\" alt=\"Carolina Losada y Federico Angelini integrar\u00edan una de las f\u00f3rmulas opositoras que competir\u00e1 en las PASO de Santa Fe\" height=\"1080\" width=\"1920\" class=\"\" src=\"https:\/\/cloudfront-us-east-1.images.arcpublishing.com\/infobae\/47KAI4F7JZBHHJWMFSJT7OXLLY.jpg\" srcset=\"https:\/\/www.infobae.com\/new-resizer\/t2Gdt--aXQjvUmo6qZ4Z6icCdLg=\/420x236\/filters:format(webp):quality(85)\/cloudfront-us-east-1.images.arcpublishing.com\/infobae\/47KAI4F7JZBHHJWMFSJT7OXLLY.jpg 420w,https:\/\/www.infobae.com\/new-resizer\/XcQIf6C512XDY94gqpnTzGzBxyU=\/768x432\/filters:format(webp):quality(85)\/cloudfront-us-east-1.images.arcpublishing.com\/infobae\/47KAI4F7JZBHHJWMFSJT7OXLLY.jpg 768w,https:\/\/www.infobae.com\/new-resizer\/-_9yPeUVe_1Eks6h_ZbuL6SGafU=\/992x558\/filters:format(webp):quality(85)\/cloudfront-us-east-1.images.arcpublishing.com\/infobae\/47KAI4F7JZBHHJWMFSJT7OXLLY.jpg 992w,https:\/\/www.infobae.com\/new-resizer\/B5fWP5-oBfQOHEx_aC-phUH4078=\/1200x675\/filters:format(webp):quality(85)\/cloudfront-us-east-1.images.arcpublishing.com\/infobae\/47KAI4F7JZBHHJWMFSJT7OXLLY.jpg 1200w,https:\/\/www.infobae.com\/new-resizer\/CJBroJqN5jQC-dyflty_yFSZfcA=\/1440x810\/filters:format(webp):quality(85)\/cloudfront-us-east-1.images.arcpublishing.com\/infobae\/47KAI4F7JZBHHJWMFSJT7OXLLY.jpg 1440w\">Carolina Losada y Federico Angelini integrar\u00edan una de las f\u00f3rmulas opositoras que competir\u00e1 en las PASO de Santa Fe<\/p>\n\n\n\n<p>Para la oposici\u00f3n santafesina, ser\u00e1 un avance clave luego del&nbsp;<strong>cimbronazo&nbsp;<\/strong>que provoc\u00f3&nbsp;<strong>Elisa Carri\u00f3<\/strong>&nbsp;hace un mes con su anuncio de que no avalar\u00eda el frente de frentes porque \u201chay muchas personas&nbsp;<strong>vinculadas al narco<\/strong>, que entran a las c\u00e1rceles y que han fracasado en esa lucha\u201d. La fundadora de la Coalici\u00f3n C\u00edvica (CC) lo dijo luego de un almuerzo que comparti\u00f3 en su casa de Exaltaci\u00f3n de la Cruz con la presidenta del partido en Santa Fe,&nbsp;<strong>Lucila Lehmann<\/strong>. \u201cHay que limpiar Santa Fe, que est\u00e1 tomada por el narco y el lavado de dinero -afirm\u00f3 Carri\u00f3-. Si no se cambia su sistema pol\u00edtico en serio por la complicidad con el narco y fuerzas policiales. Es&nbsp;<strong>imposible&nbsp;<\/strong>integrar el frente de frentes y mantener una&nbsp;<strong>vieja complicidad<\/strong>&nbsp;que destruy\u00f3 a Santa Fe, m\u00e1s all\u00e1 del costo pol\u00edtico que haya que asumir\u201d.<\/p>\n\n\n\n<p>Pese a que sus ex aliados avanzaron en la conformaci\u00f3n de una gran alianza opositora, en la Coalici\u00f3n C\u00edvica ratifican que no integrar\u00e1n ese armado:&nbsp;<strong>\u201cEstamos lejos de ese frente\u201d,<\/strong>&nbsp;resaltaron allegados a Carri\u00f3, que viene de un traspi\u00e9 electoral en Neuqu\u00e9n: el candidato a gobernador que apoyaban la UCR y la CC, Pablo Cervi, qued\u00f3&nbsp;<strong>quinto&nbsp;<\/strong>en los comicios provinciales del domingo pasado, con el&nbsp;<strong>3,75%&nbsp;<\/strong>de los votos. All\u00ed, el ganador fue&nbsp;<strong>Rolando Figueroa,<\/strong>&nbsp;del frente Comunidad, quien fue apoyado por el PRO y que rompi\u00f3 60 a\u00f1os de hegemon\u00eda pol\u00edtica del Movimiento Popular Neuquino (MPN).<\/p>\n\n\n\n<p>Lo cierto es que la postura de Carri\u00f3&nbsp;<strong>no afect\u00f3<\/strong>&nbsp;las negociaciones de unas 10 fuerzas pol\u00edticas de Santa Fe para conformar un frente electoral que pudiera competir en las PASO e intentar desplazar al PJ de la gobernaci\u00f3n. Losada, la revelaci\u00f3n de los comicios legislativos de 2021, sigue siendo sondeada por&nbsp;<strong>Horacio Rodr\u00edguez Larreta<\/strong>&nbsp;y&nbsp;<strong>Patricia Bullrich<\/strong>&nbsp;como compa\u00f1era de f\u00f3rmula, pero la senadora de la UCR estar\u00eda&nbsp;<strong>a punto&nbsp;<\/strong>de lanzarse como candidata a gobernadora. Si se confirma su postulaci\u00f3n, ser\u00e1 secundada por Angelini, el diputado nacional del PRO alineado con&nbsp;<strong>Mauricio Macri<\/strong>&nbsp;que est\u00e1 a punto de reemplazar a Bullrich en la presidencia del partido y que es un operador clave del bullrichismo.<\/p>\n\n\n\n<p><img decoding=\"async\" loading=\"lazy\" alt=\"Maximiliano Pullaro, de la UCR, lanzar\u00e1 este jueves su candidatura a gobernador de Santa Fe\" height=\"1080\" width=\"1920\" class=\"\" src=\"https:\/\/cloudfront-us-east-1.images.arcpublishing.com\/infobae\/I6IRHUY4OFGEZIQVFLTDZAJMGQ.jpg\" srcset=\"https:\/\/www.infobae.com\/new-resizer\/mv5kElC2cu4EXR2oGRKLLu8rEz0=\/420x236\/filters:format(webp):quality(85)\/cloudfront-us-east-1.images.arcpublishing.com\/infobae\/I6IRHUY4OFGEZIQVFLTDZAJMGQ.jpg 420w,https:\/\/www.infobae.com\/new-resizer\/ekPAR_fp0d1z5w-QCKcufOYSr20=\/768x432\/filters:format(webp):quality(85)\/cloudfront-us-east-1.images.arcpublishing.com\/infobae\/I6IRHUY4OFGEZIQVFLTDZAJMGQ.jpg 768w,https:\/\/www.infobae.com\/new-resizer\/jUWeB6kRKSzobbD9whI_SkBjxB8=\/992x558\/filters:format(webp):quality(85)\/cloudfront-us-east-1.images.arcpublishing.com\/infobae\/I6IRHUY4OFGEZIQVFLTDZAJMGQ.jpg 992w,https:\/\/www.infobae.com\/new-resizer\/4kF_qv33s0SUpjuWS9ZwZ0OVsuY=\/1200x675\/filters:format(webp):quality(85)\/cloudfront-us-east-1.images.arcpublishing.com\/infobae\/I6IRHUY4OFGEZIQVFLTDZAJMGQ.jpg 1200w,https:\/\/www.infobae.com\/new-resizer\/y_XJBnOVEQuUMb4-KXFaBPvdVgg=\/1440x810\/filters:format(webp):quality(85)\/cloudfront-us-east-1.images.arcpublishing.com\/infobae\/I6IRHUY4OFGEZIQVFLTDZAJMGQ.jpg 1440w\">Maximiliano Pullaro, de la UCR, lanzar\u00e1 este jueves su candidatura a gobernador de Santa Fe<\/p>\n\n\n\n<p>El binomio Losada-Angelini representar\u00e1 al radicalismo&nbsp;<strong>m\u00e1s cercano a Bullrich:&nbsp;<\/strong>la senadora forma parte del&nbsp;<strong>\u201cGrupo Malbec\u201d<\/strong>, integrado por dirigentes de la UCR que en la \u00faltima Fiesta de la Vendimia posaron con la candidata presidencial del PRO y que se oponen al jefe radical,&nbsp;<strong>Gerardo Morales.<\/strong>&nbsp;En ese sector tambi\u00e9n est\u00e1n Alfredo Cornejo, Gustavo Vald\u00e9s, Rodolfo Su\u00e1rez y Luis Naidenoff, entre otros.<\/p>\n\n\n\n<p>La&nbsp;<strong>Convenci\u00f3n de la UCR&nbsp;<\/strong>de Santa Fe deliberar\u00e1 este mi\u00e9rcoles por la tarde para&nbsp;<strong>aprobar&nbsp;<\/strong>la integraci\u00f3n del partido al megafrente. \u201cNo es un amontonamiento de partidos sino una confluencia de fuerzas en un proyecto pol\u00edtico que tiene un denominador com\u00fan que es un programa de gobierno\u201d, dijo el titular del radicalismo provincial, Felipe Michlig, al diario El Litoral. Adem\u00e1s de Losada, la UCR presentar\u00e1 una f\u00f3rmula encabezada por&nbsp;<strong>Pullaro,<\/strong>&nbsp;diputado provincial alineado con Lousteau, cuya postulaci\u00f3n se lanzar\u00e1 este jueves en un acto que se realizar\u00e1 en la ciudad de Esperanza.<\/p>\n\n\n\n<p><img decoding=\"async\" loading=\"lazy\" alt=\"Clara Garc\u00eda ser\u00e1 candidata a gobernadora de Santa Fe por el Partido Socialista\" height=\"1080\" width=\"1920\" class=\"\" src=\"https:\/\/cloudfront-us-east-1.images.arcpublishing.com\/infobae\/4GJOYN67OJASNLWSD545QOQRDY.jpg\" srcset=\"https:\/\/www.infobae.com\/new-resizer\/UX-QgW46gzQgR0KSapwer-OB9o8=\/420x236\/filters:format(webp):quality(85)\/cloudfront-us-east-1.images.arcpublishing.com\/infobae\/4GJOYN67OJASNLWSD545QOQRDY.jpg 420w,https:\/\/www.infobae.com\/new-resizer\/-iDRJAy9255_gSuWJSN_xLraOpM=\/768x432\/filters:format(webp):quality(85)\/cloudfront-us-east-1.images.arcpublishing.com\/infobae\/4GJOYN67OJASNLWSD545QOQRDY.jpg 768w,https:\/\/www.infobae.com\/new-resizer\/uwwvgKsTBtWIAwPbDCxateWs-tI=\/992x558\/filters:format(webp):quality(85)\/cloudfront-us-east-1.images.arcpublishing.com\/infobae\/4GJOYN67OJASNLWSD545QOQRDY.jpg 992w,https:\/\/www.infobae.com\/new-resizer\/Vm0Bs6kxP5bbxoldvWdV3yTQ2Uc=\/1200x675\/filters:format(webp):quality(85)\/cloudfront-us-east-1.images.arcpublishing.com\/infobae\/4GJOYN67OJASNLWSD545QOQRDY.jpg 1200w,https:\/\/www.infobae.com\/new-resizer\/gx5f4fIPcCfe-dUVfp-OklURils=\/1440x810\/filters:format(webp):quality(85)\/cloudfront-us-east-1.images.arcpublishing.com\/infobae\/4GJOYN67OJASNLWSD545QOQRDY.jpg 1440w\">Clara Garc\u00eda ser\u00e1 candidata a gobernadora de Santa Fe por el Partido Socialista<\/p>\n\n\n\n<p>Por su parte, el<strong>&nbsp;Partido Socialista<\/strong>&nbsp;definir\u00e1 mayoritariamente el pr\u00f3ximo fin de semana sumarse a Unidos para Cambiar Santa Fe y presentar\u00e1 la candidatura a gobernador de<strong>&nbsp;Clara Garc\u00eda,<\/strong>&nbsp;actual diputada provincial del Frente Progresista C\u00edvico y Social. El socialismo, conducido a nivel nacional por&nbsp;<strong>M\u00f3nica Fein,&nbsp;<\/strong>tuvo un fuerte protagonismo en la provincia a trav\u00e9s de las gobernaciones encabezadas por Hermes Binner, Antonio Bonfatti y Miguel Lifschitz. Garc\u00eda, quien fue esposa de Lifschitz, competir\u00e1 en las PASO para intentar convertirse en la&nbsp;<strong>cuarta mandataria<\/strong>&nbsp;del Partido Socialista en la provincia.<\/p>\n\n\n\n<p>El justicialismo de Santa Fe, que gobierna la provincia a trav\u00e9s de&nbsp;<strong>Omar Perotti,&nbsp;<\/strong>har\u00e1 el s\u00e1bado pr\u00f3ximo su congreso provincial para definir la pol\u00edticas de alianzas y frentes electorales. El candidato a gobernador que mejor mide en las encuestas es el senador nacional Marcelo&nbsp;<strong>Lewandowski&nbsp;<\/strong>y en la pulseada tambi\u00e9n aparece el diputado nacional&nbsp;<strong>Roberto Mirabella,<\/strong>&nbsp;a quien apoya Perotti.<\/p>\n\n\n\n<p>En Santa Fe, el 7 de mayo vencer\u00e1 el plazo para la presentaci\u00f3n de\u00a0<strong>alianzas\u00a0<\/strong>y el 12, para oficializar las\u00a0<strong>candidaturas<\/strong>. El 30 de ese mes deber\u00e1n oficializarse las\u00a0<strong>n\u00f3minas\u00a0<\/strong>electorales y las\u00a0<strong>PASO\u00a0<\/strong>tendr\u00e1n lugar el 16 de julio. Las\u00a0<strong>elecciones generales\u00a0<\/strong>se realizar\u00e1n el 10 de septiembre. Desde la semana pr\u00f3xima, la oposici\u00f3n pondr\u00e1 en marcha su proyecto para gobernar una provincia signada por la\u00a0<strong>violencia narco.<\/strong><\/p>\n\n\n\n<p>Fuente: Infobae<\/p>\n","protected":false},"excerpt":{"rendered":"<div class=\"mh-excerpt\"><p>La oposici\u00f3n lanzar\u00e1 el martes pr\u00f3ximo&nbsp;Unidos para Cambiar Santa Fe,&nbsp;el frente electoral con el que se propone desbancar del poder al peronismo provincial y que incluye a la UCR, el Partido Socialista, el PRO, la Democracia Progresista y Encuentro Republicano, entre otras fuerzas. De esa megaalianza, de la que no participar\u00e1 la Coalici\u00f3n C\u00edvica, habr\u00e1&nbsp;tres f\u00f3rmulas para la gobernaci\u00f3n&nbsp;que competir\u00e1n en las PASO que tendr\u00e1n lugar el 16 de julio:&nbsp;dos del radicalismo y una del socialismo. Las principales candidaturas ya se est\u00e1n definiendo: la senadora nacional de la UCR&nbsp;Carolina Losada&nbsp;anunciar\u00eda en los pr\u00f3ximos d\u00edas que buscar\u00e1 convertirse en&nbsp;gobernadora,&nbsp;acompa\u00f1ada por&nbsp;Federico Angelini,&nbsp;el <a class=\"mh-excerpt-more\" href=\"http:\/\/dsrmedios.com.ar\/diario\/archivos\/31281\" title=\"La oposici\u00f3n prepara el lanzamiento de un megafrente electoral para competir con el peronismo en Santa Fe\">[Leer m\u00e1s]<\/a><\/p>\n<\/div>","protected":false},"author":6,"featured_media":31282,"comment_status":"open","ping_status":"closed","sticky":false,"template":"","format":"standard","meta":{"_jetpack_newsletter_access":""},"categories":[6],"tags":[],"jetpack_featured_media_url":"http:\/\/dsrmedios.com.ar\/diario\/wp-content\/uploads\/2023\/04\/G5256YG6C5HB3KVOE7XP5MPR7M.jpg","jetpack_sharing_enabled":true,"jetpack_shortlink":"https:\/\/wp.me\/p9fihK-88x","_links":{"self":[{"href":"http:\/\/dsrmedios.com.ar\/diario\/wp-json\/wp\/v2\/posts\/31281"}],"collection":[{"href":"http:\/\/dsrmedios.com.ar\/diario\/wp-json\/wp\/v2\/posts"}],"about":[{"href":"http:\/\/dsrmedios.com.ar\/diario\/wp-json\/wp\/v2\/types\/post"}],"author":[{"embeddable":true,"href":"http:\/\/dsrmedios.com.ar\/diario\/wp-json\/wp\/v2\/users\/6"}],"replies":[{"embeddable":true,"href":"http:\/\/dsrmedios.com.ar\/diario\/wp-json\/wp\/v2\/comments?post=31281"}],"version-history":[{"count":1,"href":"http:\/\/dsrmedios.com.ar\/diario\/wp-json\/wp\/v2\/posts\/31281\/revisions"}],"predecessor-version":[{"id":31283,"href":"http:\/\/dsrmedios.com.ar\/diario\/wp-json\/wp\/v2\/posts\/31281\/revisions\/31283"}],"wp:featuredmedia":[{"embeddable":true,"href":"http:\/\/dsrmedios.com.ar\/diario\/wp-json\/wp\/v2\/media\/31282"}],"wp:attachment":[{"href":"http:\/\/dsrmedios.com.ar\/diario\/wp-json\/wp\/v2\/media?parent=31281"}],"wp:term":[{"taxonomy":"category","embeddable":true,"href":"http:\/\/dsrmedios.com.ar\/diario\/wp-json\/wp\/v2\/categories?post=31281"},{"taxonomy":"post_tag","embeddable":true,"href":"http:\/\/dsrmedios.com.ar\/diario\/wp-json\/wp\/v2\/tags?post=31281"}],"curies":[{"name":"wp","href":"https:\/\/api.w.org\/{rel}","templated":true}]}}