{"id":31274,"date":"2023-04-19T11:29:16","date_gmt":"2023-04-19T14:29:16","guid":{"rendered":"http:\/\/dsrmedios.com.ar\/diario\/?p=31274"},"modified":"2023-04-19T11:29:20","modified_gmt":"2023-04-19T14:29:20","slug":"los-37-citados-por-mascherano-para-el-mundial-sub-20-los-diez-europibes-las-ausencias-mas-destacadas-y-la-promesa-que-jugo-para-chile","status":"publish","type":"post","link":"http:\/\/dsrmedios.com.ar\/diario\/archivos\/31274","title":{"rendered":"Los 37 citados por Mascherano para el Mundial Sub 20: los diez europibes, las ausencias m\u00e1s destacadas y la promesa que jug\u00f3 para Chile"},"content":{"rendered":"\n<p><strong>Javier Mascherano<\/strong>&nbsp;arranc\u00f3 sus tareas de cara al Mundial Sub 20 que se disputar\u00e1 a partir del s\u00e1bado 20 de mayo en Argentina y difundi\u00f3 una primera lista de 37 convocados a iniciar los entrenamientos con vistas al torneo. A la espera del sorteo de este viernes en Suiza, la FIFA debe dar a conocer las sedes elegidas en el pa\u00eds y tambi\u00e9n confirmar cu\u00e1ndo se tendr\u00e1 que presentar la lista definitiva con 21 citados para el certamen.<\/p>\n\n\n\n<figure class=\"wp-block-image\"><img decoding=\"async\" src=\"https:\/\/cloudfront-us-east-1.images.arcpublishing.com\/infobae\/EBDR2K4J55DE3DYTGHC6YVBLOQ.jpg\" alt=\"\"\/><\/figure>\n\n\n\n<p>Te puede interesar:<strong>Las ocho promesas internacionales que podr\u00edan jugar el Mundial Sub 20 para la Selecci\u00f3n tras la confirmaci\u00f3n de Argentina como sede<\/strong><\/p>\n\n\n\n<p>Mientras todo se define, el dato que marca el recambio existente en la Sub 20 es que en este llamado a los primeros entrenamientos hubo ocho futbolistas que estuvieron en el Sudamericano Sub 20 y no integraron la extensa n\u00f3mina de 37 citados por el DT. Los atacantes&nbsp;<strong>Nicol\u00e1s Vallejo<\/strong>&nbsp;(Independiente) y&nbsp;<strong>Juli\u00e1n Fern\u00e1ndez<\/strong>&nbsp;(V\u00e9lez) son tal vez dos de las ausencias m\u00e1s sobresalientes de esa n\u00f3mina que completan&nbsp;<strong>Francisco G\u00f3mez<\/strong>&nbsp;(Racing),&nbsp;<strong>Nahuel G\u00e9nez<\/strong>&nbsp;(Boca),&nbsp;<strong>Francisco Marco<\/strong>&nbsp;(Defensa y Justicia),&nbsp;<strong>Maximiliano Gonz\u00e1lez<\/strong>&nbsp;(Lan\u00fas),&nbsp;<strong>Axel Encinas<\/strong>&nbsp;(River Plate) y&nbsp;<strong>Santiago Castro<\/strong>&nbsp;(V\u00e9lez).<\/p>\n\n\n\n<p>Hay que destacar que Macherano puede colocar en el llamado preliminar hasta 55 apellidos y la FIFA exige que esa n\u00f3mina inicial tenga de m\u00ednima 35 futbolistas. El&nbsp;<em>Jefecito&nbsp;<\/em>prefiri\u00f3 no tener que hacer un corte tan grande en las pr\u00f3ximas semanas para llegar a los 21 definitivos que representar\u00e1n al pa\u00eds en el Mundial y apenas uni\u00f3 dos nombres m\u00e1s al plantel para superar el trazo m\u00ednimo.<\/p>\n\n\n\n<p><img decoding=\"async\" loading=\"lazy\" alt=\"Nicol\u00e1s Vallejo, uno de los que estuvo en el Sudamericano Sub 20 y no fue citado\" height=\"1080\" width=\"1920\" class=\"\" src=\"https:\/\/cloudfront-us-east-1.images.arcpublishing.com\/infobae\/FP56EQRL55HJRPXDUHCXCXOH5E.jpg\" srcset=\"https:\/\/www.infobae.com\/new-resizer\/QEGfREjDZyERztDulrw9hZcc5TA=\/420x236\/filters:format(webp):quality(85)\/cloudfront-us-east-1.images.arcpublishing.com\/infobae\/FP56EQRL55HJRPXDUHCXCXOH5E.jpg 420w,https:\/\/www.infobae.com\/new-resizer\/8LD2UxMbxSI8ePvQ7jdqQAB5vdA=\/768x432\/filters:format(webp):quality(85)\/cloudfront-us-east-1.images.arcpublishing.com\/infobae\/FP56EQRL55HJRPXDUHCXCXOH5E.jpg 768w,https:\/\/www.infobae.com\/new-resizer\/Sa3d3e61cZ9pWQoj8FJiHEyb8PU=\/992x558\/filters:format(webp):quality(85)\/cloudfront-us-east-1.images.arcpublishing.com\/infobae\/FP56EQRL55HJRPXDUHCXCXOH5E.jpg 992w,https:\/\/www.infobae.com\/new-resizer\/NgQvCEfRzCTr7r6GQh-KVLjfKh0=\/1200x675\/filters:format(webp):quality(85)\/cloudfront-us-east-1.images.arcpublishing.com\/infobae\/FP56EQRL55HJRPXDUHCXCXOH5E.jpg 1200w,https:\/\/www.infobae.com\/new-resizer\/qR5Tdm51GgmL5BXHshdb85RZUUM=\/1440x810\/filters:format(webp):quality(85)\/cloudfront-us-east-1.images.arcpublishing.com\/infobae\/FP56EQRL55HJRPXDUHCXCXOH5E.jpg 1440w\">Nicol\u00e1s Vallejo, uno de los que estuvo en el Sudamericano Sub 20 y no fue citado<\/p>\n\n\n\n<p>M\u00e1s all\u00e1 de las diferencias entre el llamado mundialista y el del Sudamericano, el DT tuvo que tomar decisiones de peso para dejar afuera a nombres con proyecci\u00f3n en los papeles como los de&nbsp;<strong>Thiago Geralnik<\/strong>&nbsp;(Villarreal, Espa\u00f1a),&nbsp;<strong>Lucas&nbsp;<\/strong><em><strong>Pocho<\/strong><\/em><strong>&nbsp;Rom\u00e1n<\/strong>&nbsp;(Barcelona, Espa\u00f1a),&nbsp;<strong>Benjam\u00edn Cremaschi<\/strong>&nbsp;(Inter Miami, MLS),&nbsp;<strong>Rafael Pfauser<\/strong>&nbsp;(Friburgo, Alemania) o los arqueros&nbsp;<strong>\u00c1lvaro Killane<\/strong>&nbsp;(Las Palmas, Italia) y&nbsp;<strong>Juli\u00e1n Kadijevic<\/strong>&nbsp;(Modena, Italia). Tambi\u00e9n evit\u00f3 quemar etapas con proyectos locales que est\u00e1n haciendo ruido en la actualidad a pesar que tienen 17 a\u00f1os:&nbsp;<strong>Gianluca Prestianni<\/strong>&nbsp;(V\u00e9lez) y&nbsp;<strong>Claudio&nbsp;<\/strong><em><strong>Diablito<\/strong><\/em><strong>&nbsp;Echeverri<\/strong>&nbsp;(River) son los casos m\u00e1s significativos.<\/p>\n\n\n\n<p>Te puede interesar:<strong>FIFA est\u00e1 en Argentina e inspecciona las sedes del Mundial Sub 20: el estadio que se sum\u00f3 a la lista<\/strong><\/p>\n\n\n\n<p>Entre los 37 convocados, el l\u00edder de la Sub 20 sum\u00f3 a diez de los denominados&nbsp;<a href=\"https:\/\/www.infobae.com\/deportes\/2023\/04\/12\/los-nueve-europibes-que-tendra-mascherano-en-el-mundial-sub-20-de-la-lesion-preocupante-de-garnacho-al-promisorio-presente-de-romero-soule-y-carboni\/\" target=\"_blank\" rel=\"noreferrer noopener\"><em>europibes<\/em><\/a>:&nbsp;<strong>Alejandro Garnacho<\/strong>&nbsp;(Manchester United),&nbsp;<strong>Luka Romero<\/strong>&nbsp;(Lazio),&nbsp;<strong>Rom\u00e1n Vega&nbsp;<\/strong>(Barcelona),&nbsp;<strong>Franco Carboni<\/strong>&nbsp;(Monza),&nbsp;<strong>M\u00e1ximo Perrone<\/strong>&nbsp;(Manchester City),&nbsp;<strong>Mateo Tanlongo<\/strong>&nbsp;(Sporting Lisboa),&nbsp;<strong>Nicol\u00e1s Paz<\/strong>&nbsp;(Real Madrid),&nbsp;<strong>Valent\u00edn Carboni<\/strong>&nbsp;(Inter),&nbsp;<strong>Facundo Buonanotte<\/strong>&nbsp;(Brighton &amp; Hove Albion) y&nbsp;<strong>Mat\u00edas Soul\u00e9<\/strong>&nbsp;(Juventus).<\/p>\n\n\n\n<p><img decoding=\"async\" loading=\"lazy\" alt=\"Tom\u00e1s Avil\u00e9s jug\u00f3 el Sudamericano para Chile y ahora fue citado para Argentina\" height=\"1080\" width=\"1920\" class=\"\" src=\"https:\/\/cloudfront-us-east-1.images.arcpublishing.com\/infobae\/RJF75JJCAZDOBFURKZVZUMCFNE.jpg\" srcset=\"https:\/\/www.infobae.com\/new-resizer\/fOyRaliywUioXqyn08cZra-XXLA=\/420x236\/filters:format(webp):quality(85)\/cloudfront-us-east-1.images.arcpublishing.com\/infobae\/RJF75JJCAZDOBFURKZVZUMCFNE.jpg 420w,https:\/\/www.infobae.com\/new-resizer\/eALV7wjmD3xMJsm67DCLIj7nDAA=\/768x432\/filters:format(webp):quality(85)\/cloudfront-us-east-1.images.arcpublishing.com\/infobae\/RJF75JJCAZDOBFURKZVZUMCFNE.jpg 768w,https:\/\/www.infobae.com\/new-resizer\/y1APdNHljauOjKvyE3hEGMPVqEc=\/992x558\/filters:format(webp):quality(85)\/cloudfront-us-east-1.images.arcpublishing.com\/infobae\/RJF75JJCAZDOBFURKZVZUMCFNE.jpg 992w,https:\/\/www.infobae.com\/new-resizer\/xKlvCCvkvYrsl9mbFvgLDWZQQWY=\/1200x675\/filters:format(webp):quality(85)\/cloudfront-us-east-1.images.arcpublishing.com\/infobae\/RJF75JJCAZDOBFURKZVZUMCFNE.jpg 1200w,https:\/\/www.infobae.com\/new-resizer\/35TW_D7AoZpCnU7IfOTWtyFxTG8=\/1440x810\/filters:format(webp):quality(85)\/cloudfront-us-east-1.images.arcpublishing.com\/infobae\/RJF75JJCAZDOBFURKZVZUMCFNE.jpg 1440w\">Tom\u00e1s Avil\u00e9s jug\u00f3 el Sudamericano para Chile y ahora fue citado para Argentina<\/p>\n\n\n\n<p>A los que se desempe\u00f1an en el exterior hay que sumar al ex lateral izquierdo de Lan\u00fas&nbsp;<strong>Juli\u00e1n Aude<\/strong>&nbsp;(Los Angeles Galaxy de la MLS) y al defensor&nbsp;<strong>Renzo Malanca<\/strong>, que se inici\u00f3 en Independiente Rivadavia de Mendoza pero con 19 a\u00f1os ya es titular en Huachipato de Chile. Precisamente en ese pa\u00eds hay preocupaci\u00f3n por el caso de&nbsp;<strong>Tom\u00e1s Aviles<\/strong>, que con 19 a\u00f1os ya suma minutos en Racing y est\u00e1 en pleno debate sobre la selecci\u00f3n que elegir\u00e1.<\/p>\n\n\n\n<p>El mediocampista nacido en R\u00edo Gallegos (Santa Cruz) disput\u00f3 el Sudamericano para la selecci\u00f3n chilena gracias a que posee la doble nacionalidad. La&nbsp;<em>Roja<\/em>&nbsp;qued\u00f3 afuera del Mundial \u2013al igual que Argentina inicialmente\u2013 y Mascherano finalmente opt\u00f3 por incluirlo entre los 37 que estar\u00e1n entrenando en Ezeiza. Hay que tener en cuenta que esto no descarta a los futbolistas para ser parte de selecciones mayores de otros pa\u00edses en el futuro, teniendo en cuenta el&nbsp;<a href=\"https:\/\/www.infobae.com\/deportes\/2023\/03\/03\/alejandro-garnacho-podria-debutar-para-la-seleccion-argentina-en-la-fiesta-de-los-campeones-del-mundo-espana-ya-no-podra-citarlo\/\" target=\"_blank\" rel=\"noreferrer noopener\">cambio que existe en la reglamentaci\u00f3n FIFA<\/a>&nbsp;sobre ese tema.<\/p>\n\n\n\n<p>Tampoco hay que pasar por alto la presencia de apellidos que sobresalen en el campeonato local como el mediocampista central de Argentinos Juniors&nbsp;<strong>Federico Redondo<\/strong>&nbsp;o el lateral izquierdo de Boca Juniors&nbsp;<strong>Valent\u00edn Barco<\/strong>, que viene de tener una actuaci\u00f3n descollante por Copa Libertadores que corona con su retorno a las juveniles de la Selecci\u00f3n.<\/p>\n\n\n\n<p><img decoding=\"async\" loading=\"lazy\" alt=\"Federico Redondo ya tuvo entrenamientos en las juveniles de Argentina en el pasado (Foto: @fede.redondo)\" height=\"1080\" width=\"1920\" class=\"\" src=\"https:\/\/cloudfront-us-east-1.images.arcpublishing.com\/infobae\/UVFOPEIOVBDLRLPWA7REBZFGHA.jpg\" srcset=\"https:\/\/www.infobae.com\/new-resizer\/1KqOcBQvEA3EdA21xijrDX3mgCE=\/420x236\/filters:format(webp):quality(85)\/cloudfront-us-east-1.images.arcpublishing.com\/infobae\/UVFOPEIOVBDLRLPWA7REBZFGHA.jpg 420w,https:\/\/www.infobae.com\/new-resizer\/vXVP8igFPOcFKtF7yvgL8wWlUA4=\/768x432\/filters:format(webp):quality(85)\/cloudfront-us-east-1.images.arcpublishing.com\/infobae\/UVFOPEIOVBDLRLPWA7REBZFGHA.jpg 768w,https:\/\/www.infobae.com\/new-resizer\/NQqZJmYANRQ60kFgv67OfCCapOs=\/992x558\/filters:format(webp):quality(85)\/cloudfront-us-east-1.images.arcpublishing.com\/infobae\/UVFOPEIOVBDLRLPWA7REBZFGHA.jpg 992w,https:\/\/www.infobae.com\/new-resizer\/CwUAps4PPjOS3k-quorrHlJ67AE=\/1200x675\/filters:format(webp):quality(85)\/cloudfront-us-east-1.images.arcpublishing.com\/infobae\/UVFOPEIOVBDLRLPWA7REBZFGHA.jpg 1200w,https:\/\/www.infobae.com\/new-resizer\/VZv44KDMXiKo3do2SY859rkhTlU=\/1440x810\/filters:format(webp):quality(85)\/cloudfront-us-east-1.images.arcpublishing.com\/infobae\/UVFOPEIOVBDLRLPWA7REBZFGHA.jpg 1440w\">Federico Redondo ya tuvo entrenamientos en las juveniles de Argentina en el pasado (Foto: @fede.redondo)<\/p>\n\n\n\n<p>Adem\u00e1s est\u00e1n el arquero de Tigre&nbsp;<strong>Federico Gomes Gerth<\/strong>&nbsp;(\u00fanico sparring del equipo campe\u00f3n del mundo en Qatar), el defensor de V\u00e9lez&nbsp;<strong>Valent\u00edn G\u00f3mez<\/strong>, el futbolista de San Lorenzo&nbsp;<strong>Agust\u00edn Giay<\/strong>, el mediocampista de Rosario Central&nbsp;<strong>Gino Infantino<\/strong>&nbsp;y la promesa de Hurac\u00e1n&nbsp;<strong>Juan Gauto<\/strong>.<\/p>\n\n\n\n<p>Te puede interesar:<strong>La FIFA confirm\u00f3 los bombos del Mundial Sub 20 y explic\u00f3 c\u00f3mo se har\u00e1 el sorteo<\/strong><\/p>\n\n\n\n<p>Si bien el reglamento FIFA no exige que los clubes presten a sus futbolistas para la Copa del Mundo Sub 20 al no estar dentro del calendario de competencias oficiales de la entidad m\u00e1xima del f\u00fatbol, las autoridades de AFA llegado el caso s\u00f3lo tendr\u00e1n que negociar por los 12 futbolistas que se desempe\u00f1an en el exterior. \u00bfEl motivo?&nbsp;<strong>Los dirigentes del f\u00fatbol argentino acordaron meses atr\u00e1s ceder a sus jugadores por Estatuto<\/strong>.<\/p>\n\n\n\n<p>\u201cTodo jugador con edad para participar en el respectivo torneo oficial debidamente designado y convocado que sin causa justificada no concurra a cualquier citaci\u00f3n dispuesta por el Director T\u00e9cnico de dicha Selecci\u00f3n o por la autoridad u organismo competente de la AFA, para entrenamientos, concentraciones, cotejos concertados, pr\u00e1cticas, etc. quedar\u00e1 autom\u00e1ticamente inhabilitado para integrar equipos de cualquier disciplina y categor\u00eda y de cualquier club por todo el lapso que perduren las actividades y partidos del Seleccionado para el cual hab\u00eda sido citado\u201d, indica el art\u00edculo 85 del Estatuto que se actualiz\u00f3 en diciembre del 2022, donde adem\u00e1s indica que habr\u00e1 sanciones si sucede esto.<\/p>\n\n\n\n<p><img decoding=\"async\" loading=\"lazy\" alt=\"El art\u00edculo 85 del Estatuto de AFA habla sobre las citaciones \" height=\"647\" width=\"802\" class=\"\" src=\"https:\/\/cloudfront-us-east-1.images.arcpublishing.com\/infobae\/MY6QUM4VSNCYFJ23FN7Y47YENQ.jpg\" srcset=\"https:\/\/www.infobae.com\/new-resizer\/cXMSTEN2mHkJ9YtFcMPIMrm0VOg=\/420x315\/filters:format(webp):quality(85)\/cloudfront-us-east-1.images.arcpublishing.com\/infobae\/MY6QUM4VSNCYFJ23FN7Y47YENQ.jpg 420w,https:\/\/www.infobae.com\/new-resizer\/nmQqJPlqY0HZxKiZ58d0dEDQCDY=\/768x576\/filters:format(webp):quality(85)\/cloudfront-us-east-1.images.arcpublishing.com\/infobae\/MY6QUM4VSNCYFJ23FN7Y47YENQ.jpg 768w,https:\/\/www.infobae.com\/new-resizer\/pRcMnmfdzR-EBdOsqfZf6hFNwGw=\/992x744\/filters:format(webp):quality(85)\/cloudfront-us-east-1.images.arcpublishing.com\/infobae\/MY6QUM4VSNCYFJ23FN7Y47YENQ.jpg 992w,https:\/\/www.infobae.com\/new-resizer\/wgntCl2Qal84FWxBXkoN2bpexcQ=\/1200x900\/filters:format(webp):quality(85)\/cloudfront-us-east-1.images.arcpublishing.com\/infobae\/MY6QUM4VSNCYFJ23FN7Y47YENQ.jpg 1200w,https:\/\/www.infobae.com\/new-resizer\/ePtnGeMDJKqLb88u3U-4wrQdJrc=\/1440x1080\/filters:format(webp):quality(85)\/cloudfront-us-east-1.images.arcpublishing.com\/infobae\/MY6QUM4VSNCYFJ23FN7Y47YENQ.jpg 1440w\">El art\u00edculo 85 del Estatuto de AFA habla sobre las citaciones<\/p>\n\n\n\n<p><strong>LOS 37 CONVOCADOS POR MASCHERANO<\/strong><\/p>\n\n\n\n<p><strong>ARQUEROS<\/strong><\/p>\n\n\n\n<p>Federico Gomes Gerth (Tigre)<\/p>\n\n\n\n<p>Nicol\u00e1s Claa (Lan\u00fas)<\/p>\n\n\n\n<p>Franco Herrera (Barracas Central)<\/p>\n\n\n\n<p>Lucas Lavagnino (River Plate)<\/p>\n\n\n\n<p><strong>DEFENSORES<\/strong><\/p>\n\n\n\n<p>Rom\u00e1n Vega (Barcelona, Espa\u00f1a)<\/p>\n\n\n\n<p>Franco Carboni (Monza, Italia)<\/p>\n\n\n\n<p>Juli\u00e1n Aude (Los \u00c1ngeles Galaxy, Estados Unidos)<\/p>\n\n\n\n<p>Renzo Malanca (Huachipato, Chile)<\/p>\n\n\n\n<p>Brian Aguilar (Lan\u00fas)<\/p>\n\n\n\n<p>Agust\u00edn Giay (San Lorenzo)<\/p>\n\n\n\n<p>Nahuel Arias (San Lorenzo)<\/p>\n\n\n\n<p>Lautaro Di Lollo (Boca Juniors)<\/p>\n\n\n\n<p>Valent\u00edn Barco (Boca Juniors)<\/p>\n\n\n\n<p>Ulises Ciccioli (Rosario Central)<\/p>\n\n\n\n<p>Valent\u00edn G\u00f3mez (V\u00e9lez Sarsfield)<\/p>\n\n\n\n<p>Felipe S\u00e1nchez (Gimnasia de La Plata)<\/p>\n\n\n\n<p>Esteban Lucero (Defensa y Justicia)<\/p>\n\n\n\n<p>Tiago Palacios (Talleres)<\/p>\n\n\n\n<p><strong>MEDIOCAMPISTAS<\/strong><\/p>\n\n\n\n<p>M\u00e1ximo Perrone (Manchester City, Inglaterra)<\/p>\n\n\n\n<p>Mateo Tanlongo (Sporting Lisboa, Portugal)<\/p>\n\n\n\n<p>Nicol\u00e1s Paz (Real Madrid, Espa\u00f1a)<\/p>\n\n\n\n<p>Valent\u00edn Carboni (Inter, Italia)<\/p>\n\n\n\n<p>Facundo Buonanotte (Brighton &amp; Hove Albion, Inglaterra)<\/p>\n\n\n\n<p>Gino Infantino (Rosario Central)<\/p>\n\n\n\n<p>Christian Ord\u00f3\u00f1ez (V\u00e9lez)<\/p>\n\n\n\n<p>Ignacio Miram\u00f3n (Gimnasia de La Plata)<\/p>\n\n\n\n<p>Federico Redondo (Argentinos)<\/p>\n\n\n\n<p>Tom\u00e1s Avil\u00e9s (Racing)<\/p>\n\n\n\n<p><strong>DELANTEROS<\/strong><\/p>\n\n\n\n<p>Alejandro Garnacho (Manchester United)<\/p>\n\n\n\n<p>Luka Romero (Lazio)<\/p>\n\n\n\n<p>Mat\u00edas Soul\u00e9 (Juventus)<\/p>\n\n\n\n<p>Alejo V\u00e9liz (Rosario Central)<\/p>\n\n\n\n<p>Benjam\u00edn Dom\u00ednguez (Gimnasia de La Plata)<\/p>\n\n\n\n<p>Brian Aguirre (Newell\u2019s)<\/p>\n\n\n\n<p>Lucas Besozzi (Central C\u00f3rdoba)<\/p>\n\n\n\n<p>Ignacio Maestro Puch (Atl\u00e9tico Tucum\u00e1n)<\/p>\n\n\n\n<p>Juan Gauto (Hurac\u00e1n)<\/p>\n\n\n\n<p><img decoding=\"async\" loading=\"lazy\" height=\"1280\" width=\"853\" srcset=\"https:\/\/www.infobae.com\/new-resizer\/ZHwAZrh_2ConOesdeQrc0NlPG5E=\/420x630\/filters:format(webp):quality(85)\/cloudfront-us-east-1.images.arcpublishing.com\/infobae\/YFHOUX3KOBBV3N5X3AVJ2MFJJI.jpg 420w,https:\/\/www.infobae.com\/new-resizer\/-I1mCWptURhtAUc-7-sQYDVcaqo=\/768x1152\/filters:format(webp):quality(85)\/cloudfront-us-east-1.images.arcpublishing.com\/infobae\/YFHOUX3KOBBV3N5X3AVJ2MFJJI.jpg 768w,https:\/\/www.infobae.com\/new-resizer\/9iyXDz44lTbf6F-Q8CIF8lDMauA=\/992x1488\/filters:format(webp):quality(85)\/cloudfront-us-east-1.images.arcpublishing.com\/infobae\/YFHOUX3KOBBV3N5X3AVJ2MFJJI.jpg 992w,https:\/\/www.infobae.com\/new-resizer\/sddYavZaos7U7C57aFxcTi1zuFI=\/1200x1800\/filters:format(webp):quality(85)\/cloudfront-us-east-1.images.arcpublishing.com\/infobae\/YFHOUX3KOBBV3N5X3AVJ2MFJJI.jpg 1200w\" class=\"\" src=\"https:\/\/cloudfront-us-east-1.images.arcpublishing.com\/infobae\/YFHOUX3KOBBV3N5X3AVJ2MFJJI.jpg\" alt=\"La lista de Mascherano para iniciar los entrenamientos\">La lista de Mascherano para iniciar los entrenamientos<\/p>\n\n\n\n<p>Fuente: Infobae<\/p>\n","protected":false},"excerpt":{"rendered":"<div class=\"mh-excerpt\"><p>Javier Mascherano&nbsp;arranc\u00f3 sus tareas de cara al Mundial Sub 20 que se disputar\u00e1 a partir del s\u00e1bado 20 de mayo en Argentina y difundi\u00f3 una primera lista de 37 convocados a iniciar los entrenamientos con vistas al torneo. A la espera del sorteo de este viernes en Suiza, la FIFA debe dar a conocer las sedes elegidas en el pa\u00eds y tambi\u00e9n confirmar cu\u00e1ndo se tendr\u00e1 que presentar la lista definitiva con 21 citados para el certamen. Te puede interesar:Las ocho promesas internacionales que podr\u00edan jugar el Mundial Sub 20 para la Selecci\u00f3n tras la confirmaci\u00f3n de Argentina como sede <a class=\"mh-excerpt-more\" href=\"http:\/\/dsrmedios.com.ar\/diario\/archivos\/31274\" title=\"Los 37 citados por Mascherano para el Mundial Sub 20: los diez europibes, las ausencias m\u00e1s destacadas y la promesa que jug\u00f3 para Chile\">[Leer m\u00e1s]<\/a><\/p>\n<\/div>","protected":false},"author":6,"featured_media":31275,"comment_status":"open","ping_status":"closed","sticky":false,"template":"","format":"standard","meta":{"_jetpack_newsletter_access":""},"categories":[2],"tags":[],"jetpack_featured_media_url":"http:\/\/dsrmedios.com.ar\/diario\/wp-content\/uploads\/2023\/04\/descarga-23.jpg","jetpack_sharing_enabled":true,"jetpack_shortlink":"https:\/\/wp.me\/p9fihK-88q","_links":{"self":[{"href":"http:\/\/dsrmedios.com.ar\/diario\/wp-json\/wp\/v2\/posts\/31274"}],"collection":[{"href":"http:\/\/dsrmedios.com.ar\/diario\/wp-json\/wp\/v2\/posts"}],"about":[{"href":"http:\/\/dsrmedios.com.ar\/diario\/wp-json\/wp\/v2\/types\/post"}],"author":[{"embeddable":true,"href":"http:\/\/dsrmedios.com.ar\/diario\/wp-json\/wp\/v2\/users\/6"}],"replies":[{"embeddable":true,"href":"http:\/\/dsrmedios.com.ar\/diario\/wp-json\/wp\/v2\/comments?post=31274"}],"version-history":[{"count":1,"href":"http:\/\/dsrmedios.com.ar\/diario\/wp-json\/wp\/v2\/posts\/31274\/revisions"}],"predecessor-version":[{"id":31276,"href":"http:\/\/dsrmedios.com.ar\/diario\/wp-json\/wp\/v2\/posts\/31274\/revisions\/31276"}],"wp:featuredmedia":[{"embeddable":true,"href":"http:\/\/dsrmedios.com.ar\/diario\/wp-json\/wp\/v2\/media\/31275"}],"wp:attachment":[{"href":"http:\/\/dsrmedios.com.ar\/diario\/wp-json\/wp\/v2\/media?parent=31274"}],"wp:term":[{"taxonomy":"category","embeddable":true,"href":"http:\/\/dsrmedios.com.ar\/diario\/wp-json\/wp\/v2\/categories?post=31274"},{"taxonomy":"post_tag","embeddable":true,"href":"http:\/\/dsrmedios.com.ar\/diario\/wp-json\/wp\/v2\/tags?post=31274"}],"curies":[{"name":"wp","href":"https:\/\/api.w.org\/{rel}","templated":true}]}}