{"id":31240,"date":"2023-04-19T07:12:14","date_gmt":"2023-04-19T10:12:14","guid":{"rendered":"http:\/\/dsrmedios.com.ar\/diario\/?p=31240"},"modified":"2023-04-19T07:12:18","modified_gmt":"2023-04-19T10:12:18","slug":"inseguridad-en-la-matanza-construyen-una-nueva-base-de-operaciones-de-gendarmeria-y-llegan-fuerzas-federales","status":"publish","type":"post","link":"http:\/\/dsrmedios.com.ar\/diario\/archivos\/31240","title":{"rendered":"Inseguridad en La Matanza: construyen una nueva base de operaciones de Gendarmer\u00eda y llegan fuerzas federales"},"content":{"rendered":"\n<p>Los graves hechos de inseguridad que se registraron en el municipio bonaerense de La Matanza motorizaron una serie de medidas que involucran de manera directa al gobierno nacional, a trav\u00e9s del Ministerio de Seguridad, a cargo de&nbsp;<strong>An\u00edbal Fern\u00e1ndez<\/strong>&nbsp;y al intendente local,&nbsp;<strong>Fernando Espinoza<\/strong>. En primer lugar, al distrito llegar\u00e1n en los pr\u00f3ximos d\u00edas&nbsp;<strong>300 gendarmes<\/strong>,que se sumar\u00e1n a los&nbsp;<strong>700 que ya recorrer las calles y barrios<\/strong>; tambi\u00e9n se seguir\u00e1n incorporando efectivos de la Polic\u00eda Federal Argentina para reforzar la vigilancia en las estaciones de trenes. El segundo punto es el inicio de la construcci\u00f3n la nueva base de operaciones de<strong>&nbsp;Gendarmer\u00eda Nacional&nbsp;<\/strong>en Ciudad Evita, en la que funcionar\u00e1n los mil uniformados con presencia permanente.<\/p>\n\n\n\n<p>La inversi\u00f3n es de unos&nbsp;<strong>200 millones de pesos<\/strong>, correspondientes a fondos mixtos -municipales y nacionales-. Las instalaciones estar\u00e1n emplazadas en el predio donde actualmente funciona la Escuela de Gendarmer\u00eda y tendr\u00e1 una extensi\u00f3n de aproximadamente dos hect\u00e1reas.<\/p>\n\n\n\n<p>Seg\u00fan pudo saber&nbsp;<strong>Infobae&nbsp;<\/strong>de fuentes ministeriales y municipales, la&nbsp;<strong>Base de Coordinaci\u00f3n de Gendarmer\u00eda<\/strong>&nbsp;\u201ccomprende de una construcci\u00f3n por medio de m\u00f3dulos que poseen una estructura arquitect\u00f3nica espec\u00edfica orientada a su aplicaci\u00f3n en terrenos y escenarios diversos\u201d. En este caso estar\u00e1n destinados a \u201cdiversas funciones operativas, log\u00edsticas, administrativas y comunicacionales; con la finalidad de coordinar, organizar y planificar estrategias conjuntas en todas las localidades del distrito\u201d.<\/p>\n\n\n\n<p><img decoding=\"async\" loading=\"lazy\" alt=\"El crimen del colectivero Daniel Barrientos en Virrey del Pino deriv\u00f3 en protestas por mayor seguridad y la agresi\u00f3n al ministro de Seguridad bonaerense, Sergio Berni  (Photo by Andres Pelozo \/ AFP)\" height=\"1080\" width=\"1920\" class=\"\" src=\"https:\/\/cloudfront-us-east-1.images.arcpublishing.com\/infobae\/GESZHDGGFNF3ZDTPJLLUBSJTQA.jpg\" srcset=\"https:\/\/www.infobae.com\/new-resizer\/Ux9TYg5I5dF_t0CbvzcW1BydFbw=\/420x236\/filters:format(webp):quality(85)\/cloudfront-us-east-1.images.arcpublishing.com\/infobae\/GESZHDGGFNF3ZDTPJLLUBSJTQA.jpg 420w,https:\/\/www.infobae.com\/new-resizer\/RP3xbR4QnfWPrbkE_sWz9hrj4Eg=\/768x432\/filters:format(webp):quality(85)\/cloudfront-us-east-1.images.arcpublishing.com\/infobae\/GESZHDGGFNF3ZDTPJLLUBSJTQA.jpg 768w,https:\/\/www.infobae.com\/new-resizer\/9NOWcPyh4KvU5BXMLJJdMiKdVLg=\/992x558\/filters:format(webp):quality(85)\/cloudfront-us-east-1.images.arcpublishing.com\/infobae\/GESZHDGGFNF3ZDTPJLLUBSJTQA.jpg 992w,https:\/\/www.infobae.com\/new-resizer\/QeCMjQQ3ZS9mwL5jYU8cwXZ-Two=\/1200x675\/filters:format(webp):quality(85)\/cloudfront-us-east-1.images.arcpublishing.com\/infobae\/GESZHDGGFNF3ZDTPJLLUBSJTQA.jpg 1200w,https:\/\/www.infobae.com\/new-resizer\/-tmQhLKVZFll0l4P-uHjWHuGv2I=\/1440x810\/filters:format(webp):quality(85)\/cloudfront-us-east-1.images.arcpublishing.com\/infobae\/GESZHDGGFNF3ZDTPJLLUBSJTQA.jpg 1440w\">El crimen del colectivero Daniel Barrientos en Virrey del Pino deriv\u00f3 en protestas por mayor seguridad y la agresi\u00f3n al ministro de Seguridad bonaerense, Sergio Berni (Photo by Andres Pelozo \/ AFP)<\/p>\n\n\n\n<p>Desde el entorno de Fern\u00e1ndez destacaron que el emplazamiento \u201cser\u00e1 una de las bases m\u00e1s importantes de la provincia de Buenos Aires\u201d y que parte de los otros mil oficiales y suboficiales que la cartera de seguridad destinar\u00e1 al Gran Buenos Aires tambi\u00e9n desarrollar\u00e1n actividades en el distrito m\u00e1s poblado del territorio bonaerense, aunque no de manera permanente.<\/p>\n\n\n\n<p>Este medio pudo reconstruir que de las gestiones para el refuerzo de seguridad en la comuna&nbsp;<strong>no particip\u00f3 el ministro bonaerense del \u00e1rea, Sergio Berni<\/strong>.Fueron realizadas por el propio Espinoza, de manera directa con el gobernador&nbsp;<strong>Axel Kicillof&nbsp;<\/strong>y el presidente&nbsp;<strong>Alberto Fern\u00e1ndez<\/strong>, ya que, a pesar de las \u00faltimas im\u00e1genes de camarader\u00eda entre An\u00edbal y Berni, la coordinaci\u00f3n entre las fuerzas federales y provinciales no ser\u00edan fluidas. Tanto es as\u00ed que a\u00fan&nbsp;<strong>no se conform\u00f3<\/strong>&nbsp;la anunciada&nbsp;<strong>sala de situaci\u00f3n<\/strong>&nbsp;que funcionar\u00e1 en Puente 12, espacio donde funciona el puesto de comando de Berni, y de la cual participar\u00e1 Gendarmer\u00eda, Polic\u00eda Federal y la polic\u00eda bonaerense, junto con funcionarios nacionales, provinciales y municipales.<\/p>\n\n\n\n<p>Las urgencias por mostrar celeridad y un refuerzo en la seguridad en La Matanza y otras comunas del conurbano surgieron despu\u00e9s del violento asesinato del colectivero de la l\u00ednea 620,&nbsp;<strong>Daniel Barrientos<\/strong>, en la madrugada del pasado 3 de abril en el barrio Virrey del Pino.<\/p>\n\n\n\n<p>El certero disparo en el pecho del trabajador deriv\u00f3 en fuertes cuestionamientos de la oposici\u00f3n y cr\u00edticas dentro del mismo Frente de Todos.<\/p>\n\n\n\n<p><img decoding=\"async\" loading=\"lazy\" alt=\"Despu\u00e9s del crimen del colectivero de la l\u00ednea 620 la polic\u00eda bonaerense retom\u00f3 los cacheos y controles en el transporte p\u00fablico\" height=\"1080\" width=\"1920\" class=\"\" src=\"https:\/\/cloudfront-us-east-1.images.arcpublishing.com\/infobae\/ORZHSGKXBJF6LJ4WH3EPYU7RWQ.jpg\" srcset=\"https:\/\/www.infobae.com\/new-resizer\/OWaTNCiTviqN4s259EN2EnOqfTI=\/420x236\/filters:format(webp):quality(85)\/cloudfront-us-east-1.images.arcpublishing.com\/infobae\/ORZHSGKXBJF6LJ4WH3EPYU7RWQ.jpg 420w,https:\/\/www.infobae.com\/new-resizer\/QoWg1cMU0qYMlIAVCWJ_nu-qC1s=\/768x432\/filters:format(webp):quality(85)\/cloudfront-us-east-1.images.arcpublishing.com\/infobae\/ORZHSGKXBJF6LJ4WH3EPYU7RWQ.jpg 768w,https:\/\/www.infobae.com\/new-resizer\/UbIGtGMtQJVfctktbubZeOVGcJs=\/992x558\/filters:format(webp):quality(85)\/cloudfront-us-east-1.images.arcpublishing.com\/infobae\/ORZHSGKXBJF6LJ4WH3EPYU7RWQ.jpg 992w,https:\/\/www.infobae.com\/new-resizer\/ilohY0XNQcMr3eyBDbZqId82yOo=\/1200x675\/filters:format(webp):quality(85)\/cloudfront-us-east-1.images.arcpublishing.com\/infobae\/ORZHSGKXBJF6LJ4WH3EPYU7RWQ.jpg 1200w,https:\/\/www.infobae.com\/new-resizer\/zE-Gc7ANy24NE2KS-CJ8B-WFtZo=\/1440x810\/filters:format(webp):quality(85)\/cloudfront-us-east-1.images.arcpublishing.com\/infobae\/ORZHSGKXBJF6LJ4WH3EPYU7RWQ.jpg 1440w\">Despu\u00e9s del crimen del colectivero de la l\u00ednea 620 la polic\u00eda bonaerense retom\u00f3 los cacheos y controles en el transporte p\u00fablico<\/p>\n\n\n\n<p>Las protestas de los compa\u00f1eros de Barrientos derivaron en golpes, patadas y piedrazos sobre la humanidad del ministro de Seguridad de Kicillof que se hab\u00eda acercado hasta el corte de ruta que protagonizaban los choferes. Berni termin\u00f3 con contusiones e internado en el Hospital Churruca.<\/p>\n\n\n\n<p>Siete d\u00edas despu\u00e9s, Fern\u00e1ndez y titular de la cartera de seguridad bonaerense se reunieron en las oficinas del primero, supuestamente, para coordinar tareas en conjunto.<\/p>\n\n\n\n<p>An\u00edbal Fern\u00e1ndez aprovech\u00f3 las c\u00e1maras para desmentir que su relaci\u00f3n con Sergio Berni estuviese da\u00f1ada y aclar\u00f3 que \u201c<strong>nunca tuvo tensi\u00f3n<\/strong>\u201d con su par bonaerense.<\/p>\n\n\n\n<p><img decoding=\"async\" loading=\"lazy\" alt=\"El intendente Fernando Espinoza acord\u00f3 con el gobernador Axel Kicillof y el presidente Alberto Fern\u00e1ndez la construcci\u00f3n de una nueva base de Gendarmer\u00eda Nacional en La Matanza y e arribo de nuevos efectivos federales\" height=\"1080\" width=\"1920\" class=\"\" src=\"https:\/\/cloudfront-us-east-1.images.arcpublishing.com\/infobae\/FVG2FUDEWRDATHXQBZ4VUAVBIM.jpg\" srcset=\"https:\/\/www.infobae.com\/new-resizer\/SGu-ebVU8KILcLVLr9qphwcphRg=\/420x236\/filters:format(webp):quality(85)\/cloudfront-us-east-1.images.arcpublishing.com\/infobae\/FVG2FUDEWRDATHXQBZ4VUAVBIM.jpg 420w,https:\/\/www.infobae.com\/new-resizer\/du1jwuHeOHXmtFBPyxZvNPRVNBA=\/768x432\/filters:format(webp):quality(85)\/cloudfront-us-east-1.images.arcpublishing.com\/infobae\/FVG2FUDEWRDATHXQBZ4VUAVBIM.jpg 768w,https:\/\/www.infobae.com\/new-resizer\/bdk33zuLxpD0sUQwHOvq7Q52Hao=\/992x558\/filters:format(webp):quality(85)\/cloudfront-us-east-1.images.arcpublishing.com\/infobae\/FVG2FUDEWRDATHXQBZ4VUAVBIM.jpg 992w,https:\/\/www.infobae.com\/new-resizer\/sE6S3hVFbc0tFy4M8S3r1rW166I=\/1200x675\/filters:format(webp):quality(85)\/cloudfront-us-east-1.images.arcpublishing.com\/infobae\/FVG2FUDEWRDATHXQBZ4VUAVBIM.jpg 1200w,https:\/\/www.infobae.com\/new-resizer\/b2pU2Ixsd1NrobHhnEH6z6YMWBM=\/1440x810\/filters:format(webp):quality(85)\/cloudfront-us-east-1.images.arcpublishing.com\/infobae\/FVG2FUDEWRDATHXQBZ4VUAVBIM.jpg 1440w\">El intendente Fernando Espinoza acord\u00f3 con el gobernador Axel Kicillof y el presidente Alberto Fern\u00e1ndez la construcci\u00f3n de una nueva base de Gendarmer\u00eda Nacional en La Matanza y e arribo de nuevos efectivos federales<\/p>\n\n\n\n<p>Tambi\u00e9n hizo referencia a los dichos de&nbsp;<strong>Carlos Bianco<\/strong>, el jefe de asesores de Axel Kicillof, quien pregunt\u00f3 \u201cd\u00f3nde est\u00e1n esos gendarmes\u201d que el ministro mencion\u00f3 \u201crepartidos en todos los distritos\u201d. \u201cEn alg\u00fan momento alguien hizo opiniones respecto a cu\u00e1nta gente est\u00e1 trabajando en provincia y el n\u00famero que reclama es el que ya est\u00e1 trabajando -unos 3.000-. Yo no hice nada m\u00e1s que llamar la atenci\u00f3n de ese n\u00famero\u201d, aclar\u00f3 Fern\u00e1ndez.<\/p>\n\n\n\n<p>Fernando Espinoza, el intendente de La Matanza, decidi\u00f3&nbsp;<strong>no involucrarse<\/strong>&nbsp;de manera personal en las discusiones p\u00fablicas, ni opinar sobre cuestiones de seguridad de su propio distrito. S\u00ed hizo menci\u00f3n a la necesidad de recuperar los m\u00e1s de dos mil gendarmes que patrullaban el municipio durante la presidencia de&nbsp;<strong>Cristina Fern\u00e1ndez de Kirchner<\/strong>&nbsp;y que fueron retirados con la llegada de&nbsp;<strong>Mauricio Macri<\/strong>&nbsp;a la Casa Rosada y&nbsp;<strong>Mar\u00eda Eugenia Vidal<\/strong>&nbsp;a la provincia. En ese contexto, plante\u00f3 completar los mil gendarmes que les hab\u00edan prometido desde Naci\u00f3n y un refuerzo de la Polic\u00eda Federal.<\/p>\n\n\n\n<p><img decoding=\"async\" loading=\"lazy\" alt=\"Los  ministros de Seguridad An\u00edbal Fern\u00e1ndez y Sergio Berni se reunieron para coordinar acciones entre las fuerzas federales y provinciales\" height=\"1080\" width=\"1920\" class=\"\" src=\"https:\/\/cloudfront-us-east-1.images.arcpublishing.com\/infobae\/A5KQV644CRC3NAZMPMTED3AI3M.jpg\" srcset=\"https:\/\/www.infobae.com\/new-resizer\/0Aoj0atZRrErE1Mt6p9m4ZCP8iA=\/420x236\/filters:format(webp):quality(85)\/cloudfront-us-east-1.images.arcpublishing.com\/infobae\/A5KQV644CRC3NAZMPMTED3AI3M.jpg 420w,https:\/\/www.infobae.com\/new-resizer\/SWMKM44YsGfiRRSTqIzHGmixDxs=\/768x432\/filters:format(webp):quality(85)\/cloudfront-us-east-1.images.arcpublishing.com\/infobae\/A5KQV644CRC3NAZMPMTED3AI3M.jpg 768w,https:\/\/www.infobae.com\/new-resizer\/xMvY14oZbrP_ZSseP_IDOEnM-6g=\/992x558\/filters:format(webp):quality(85)\/cloudfront-us-east-1.images.arcpublishing.com\/infobae\/A5KQV644CRC3NAZMPMTED3AI3M.jpg 992w,https:\/\/www.infobae.com\/new-resizer\/aGdqpT9r3Ri0zIESJn5pDHdlt0Y=\/1200x675\/filters:format(webp):quality(85)\/cloudfront-us-east-1.images.arcpublishing.com\/infobae\/A5KQV644CRC3NAZMPMTED3AI3M.jpg 1200w,https:\/\/www.infobae.com\/new-resizer\/TbvkoNFDY69zX8PButnykZP8EDk=\/1440x810\/filters:format(webp):quality(85)\/cloudfront-us-east-1.images.arcpublishing.com\/infobae\/A5KQV644CRC3NAZMPMTED3AI3M.jpg 1440w\">Los ministros de Seguridad An\u00edbal Fern\u00e1ndez y Sergio Berni se reunieron para coordinar acciones entre las fuerzas federales y provinciales<\/p>\n\n\n\n<p>Tambi\u00e9n anunci\u00f3 una \u201cmega inversi\u00f3n en infraestructura de \u00faltima generaci\u00f3n\u201d que contempla, para los pr\u00f3ximos meses, la instalaci\u00f3n de 2 mil c\u00e1maras de seguridad en el espacio p\u00fablico, lectores de patentes en los principales accesos del partido, c\u00e1maras de reconocimiento facial, 70 t\u00f3tems de emergencia dotados con c\u00e1mara de seguridad y botones antip\u00e1nico instalados en las principales plazas y puntos estrat\u00e9gicos del distrito y la formaci\u00f3n, en la universidad local de 1.300 cadetes.<\/p>\n\n\n\n<p>En La Matanza, pero tambi\u00e9n en otros distritos tanto gobernados por alcaldes oficialistas u opositores como Moreno, Jos\u00e9 C. Paz, Berazategui, Quilmes, Tres de Febrero, La Plata o Lan\u00fas, solo por citar algunos, el tema de seguridad es uno de los m\u00e1s relevantes entre los vecinos que, entre agosto y octubre, decidir\u00e1n con su voto castigar o premiar a sus gobernantes.<\/p>\n\n\n\n<p>Fuente: Infobae<\/p>\n","protected":false},"excerpt":{"rendered":"<div class=\"mh-excerpt\"><p>Los graves hechos de inseguridad que se registraron en el municipio bonaerense de La Matanza motorizaron una serie de medidas que involucran de manera directa al gobierno nacional, a trav\u00e9s del Ministerio de Seguridad, a cargo de&nbsp;An\u00edbal Fern\u00e1ndez&nbsp;y al intendente local,&nbsp;Fernando Espinoza. En primer lugar, al distrito llegar\u00e1n en los pr\u00f3ximos d\u00edas&nbsp;300 gendarmes,que se sumar\u00e1n a los&nbsp;700 que ya recorrer las calles y barrios; tambi\u00e9n se seguir\u00e1n incorporando efectivos de la Polic\u00eda Federal Argentina para reforzar la vigilancia en las estaciones de trenes. El segundo punto es el inicio de la construcci\u00f3n la nueva base de operaciones de&nbsp;Gendarmer\u00eda Nacional&nbsp;en Ciudad <a class=\"mh-excerpt-more\" href=\"http:\/\/dsrmedios.com.ar\/diario\/archivos\/31240\" title=\"Inseguridad en La Matanza: construyen una nueva base de operaciones de Gendarmer\u00eda y llegan fuerzas federales\">[Leer m\u00e1s]<\/a><\/p>\n<\/div>","protected":false},"author":6,"featured_media":31241,"comment_status":"open","ping_status":"closed","sticky":false,"template":"","format":"standard","meta":{"_jetpack_newsletter_access":""},"categories":[6],"tags":[],"jetpack_featured_media_url":"http:\/\/dsrmedios.com.ar\/diario\/wp-content\/uploads\/2023\/04\/707116-gendarmeri-cc-81a-20nac-20la-20matanza-203.jpg","jetpack_sharing_enabled":true,"jetpack_shortlink":"https:\/\/wp.me\/p9fihK-87S","_links":{"self":[{"href":"http:\/\/dsrmedios.com.ar\/diario\/wp-json\/wp\/v2\/posts\/31240"}],"collection":[{"href":"http:\/\/dsrmedios.com.ar\/diario\/wp-json\/wp\/v2\/posts"}],"about":[{"href":"http:\/\/dsrmedios.com.ar\/diario\/wp-json\/wp\/v2\/types\/post"}],"author":[{"embeddable":true,"href":"http:\/\/dsrmedios.com.ar\/diario\/wp-json\/wp\/v2\/users\/6"}],"replies":[{"embeddable":true,"href":"http:\/\/dsrmedios.com.ar\/diario\/wp-json\/wp\/v2\/comments?post=31240"}],"version-history":[{"count":1,"href":"http:\/\/dsrmedios.com.ar\/diario\/wp-json\/wp\/v2\/posts\/31240\/revisions"}],"predecessor-version":[{"id":31242,"href":"http:\/\/dsrmedios.com.ar\/diario\/wp-json\/wp\/v2\/posts\/31240\/revisions\/31242"}],"wp:featuredmedia":[{"embeddable":true,"href":"http:\/\/dsrmedios.com.ar\/diario\/wp-json\/wp\/v2\/media\/31241"}],"wp:attachment":[{"href":"http:\/\/dsrmedios.com.ar\/diario\/wp-json\/wp\/v2\/media?parent=31240"}],"wp:term":[{"taxonomy":"category","embeddable":true,"href":"http:\/\/dsrmedios.com.ar\/diario\/wp-json\/wp\/v2\/categories?post=31240"},{"taxonomy":"post_tag","embeddable":true,"href":"http:\/\/dsrmedios.com.ar\/diario\/wp-json\/wp\/v2\/tags?post=31240"}],"curies":[{"name":"wp","href":"https:\/\/api.w.org\/{rel}","templated":true}]}}