{"id":31205,"date":"2023-04-18T18:58:03","date_gmt":"2023-04-18T21:58:03","guid":{"rendered":"http:\/\/dsrmedios.com.ar\/diario\/?p=31205"},"modified":"2023-04-18T18:58:07","modified_gmt":"2023-04-18T21:58:07","slug":"transito-pesado-horarios-de-circulacion-ingreso-y-egreso-a-la-zona-urbana-de-carhue","status":"publish","type":"post","link":"http:\/\/dsrmedios.com.ar\/diario\/archivos\/31205","title":{"rendered":"<strong>Tr\u00e1nsito Pesado: horarios de circulaci\u00f3n, ingreso y egreso a la \u00a0Zona Urbana de Carhu\u00e9<\/strong>"},"content":{"rendered":"\n<h1>La Municipalidad de Adolfo Alsina trabaja en el reordenamiento de la circulaci\u00f3n del Tr\u00e1nsito Pesado en la Zona Urbana de la ciudad de Carhu\u00e9.<\/h1>\n\n\n\n<h1>El Secretario de Seguridad, Facundo Olavarr\u00eda, expres\u00f3: \u201cLa inauguraci\u00f3n de la Playa de Estacionamiento de Camiones es un gran paso y el inicio de un proceso de reordenamiento del tr\u00e1nsito pesado que, como todo h\u00e1bito que debe ser cambiado, va a llevar tiempo. Junto con la Ordenanza, ahora contamos con las herramientas para controlar y hacer cumplir la debida circulaci\u00f3n y, tambi\u00e9n, para trabajar en forma conjunta con casos especiales como aquellas empresas que tienen sus dep\u00f3sitos de camiones en la zona urbana y deber\u00e1n, en un plazo estipulado, trasladar sus estacionamientos; entre otras medidas que iremos tomando hasta cumplir los objetivos que son, en primera instancia, maximizar la seguridad de los ciudadanos y garantizar el cuidado de los veh\u00edculos brindando tranquilidad a los transportistas.\u201d &nbsp;<\/h1>\n\n\n\n<h1>PorOrdenanza N\u00b0 4.759\/22 del H.C.D. de Adolfo Alsina, y luego de la inauguraci\u00f3n de la Playa de Estacionamiento de Camiones, sita en el predio de la Sociedad Rural de Adolfo Alsina, sumado al Desv\u00edo de Tr\u00e1nsito pesado en la ciudad de Carhu\u00e9, la reglamentaci\u00f3n de circulaci\u00f3n, ingreso y egreso en y a la &nbsp;Zona Urbana establece horarios, portes de veh\u00edculos, hojas de ruta, custodia durante la circulaci\u00f3n de veh\u00edculos de servicios de transportes de carga y descargaque por excepci\u00f3n deban realizarla, y penalidades por incumplimiento de la mencionada Ordenanza.<\/h1>\n\n\n\n<h1><strong>En la reglamentaci\u00f3n se autoriza a los veh\u00edculos de transporte de carga de sustancias alimenticias y los veh\u00edculos de transporte de carga de bajo porte, a la circulaci\u00f3n en los horarios determinados para la carga y descarga de 20:00 a 11:00 horas, permiti\u00e9ndose el estacionamiento de los mismos al s\u00f3lo efecto de la carga y descarga de mercader\u00eda.<\/strong><\/h1>\n\n\n\n<h1>Tambi\u00e9n podr\u00e1n estacionar y circular con la debida autorizaci\u00f3n y conocimiento de las autoridades municipales mediante Hoja de Ruta: Maquinaria Especial, Transporte de Carga derivados de obras civiles, construcciones, reparaci\u00f3n de servicios, carga o descarga de equipos o instalaciones pesadas para comercios, o similares; que deban maniobrar dentro del radio de prohibici\u00f3n, y los que por razones de reparaci\u00f3n deban ingresar a la misma.<\/h1>\n\n\n\n<h1>As\u00ed mismo queda permitido el estacionamiento de micros de larga, media y corta distancia en el predio de la Terminal de \u00d3mnibus, habilitado al efecto. Los \u00d3mnibus y Micro-\u00d3mnibus afectados a Servicios Tur\u00edsticos y Deportivos podr\u00e1n circular y estacionar por la Zona Urbana, sin poder pernoctar en la misma.<\/h1>\n\n\n\n<h1>Los propietarios de playas privadas de estacionamiento de camiones y maquinarias pesadas, emplazadas dentro de los l\u00edmites establecidos, deber\u00e1n solicitar autorizaci\u00f3n de ingreso y egreso en Inspecci\u00f3n Municipal, quien fijar\u00e1 la hoja de ruta y horarios para este fin, hasta tanto sean reubicadas.<\/h1>\n","protected":false},"excerpt":{"rendered":"<div class=\"mh-excerpt\"><p>La Municipalidad de Adolfo Alsina trabaja en el reordenamiento de la circulaci\u00f3n del Tr\u00e1nsito Pesado en la Zona Urbana de la ciudad de Carhu\u00e9. El Secretario de Seguridad, Facundo Olavarr\u00eda, expres\u00f3: \u201cLa inauguraci\u00f3n de la Playa de Estacionamiento de Camiones es un gran paso y el inicio de un proceso de reordenamiento del tr\u00e1nsito pesado que, como todo h\u00e1bito que debe ser cambiado, va a llevar tiempo. Junto con la Ordenanza, ahora contamos con las herramientas para controlar y hacer cumplir la debida circulaci\u00f3n y, tambi\u00e9n, para trabajar en forma conjunta con casos especiales como aquellas empresas que tienen sus <a class=\"mh-excerpt-more\" href=\"http:\/\/dsrmedios.com.ar\/diario\/archivos\/31205\" title=\"Tr\u00e1nsito Pesado: horarios de circulaci\u00f3n, ingreso y egreso a la \u00a0Zona Urbana de Carhu\u00e9\">[Leer m\u00e1s]<\/a><\/p>\n<\/div>","protected":false},"author":6,"featured_media":31206,"comment_status":"open","ping_status":"closed","sticky":false,"template":"","format":"standard","meta":{"_jetpack_newsletter_access":""},"categories":[31,5],"tags":[],"jetpack_featured_media_url":"http:\/\/dsrmedios.com.ar\/diario\/wp-content\/uploads\/2023\/04\/WhatsApp-Image-2023-04-18-at-12.12.10.jpeg","jetpack_sharing_enabled":true,"jetpack_shortlink":"https:\/\/wp.me\/p9fihK-87j","_links":{"self":[{"href":"http:\/\/dsrmedios.com.ar\/diario\/wp-json\/wp\/v2\/posts\/31205"}],"collection":[{"href":"http:\/\/dsrmedios.com.ar\/diario\/wp-json\/wp\/v2\/posts"}],"about":[{"href":"http:\/\/dsrmedios.com.ar\/diario\/wp-json\/wp\/v2\/types\/post"}],"author":[{"embeddable":true,"href":"http:\/\/dsrmedios.com.ar\/diario\/wp-json\/wp\/v2\/users\/6"}],"replies":[{"embeddable":true,"href":"http:\/\/dsrmedios.com.ar\/diario\/wp-json\/wp\/v2\/comments?post=31205"}],"version-history":[{"count":1,"href":"http:\/\/dsrmedios.com.ar\/diario\/wp-json\/wp\/v2\/posts\/31205\/revisions"}],"predecessor-version":[{"id":31207,"href":"http:\/\/dsrmedios.com.ar\/diario\/wp-json\/wp\/v2\/posts\/31205\/revisions\/31207"}],"wp:featuredmedia":[{"embeddable":true,"href":"http:\/\/dsrmedios.com.ar\/diario\/wp-json\/wp\/v2\/media\/31206"}],"wp:attachment":[{"href":"http:\/\/dsrmedios.com.ar\/diario\/wp-json\/wp\/v2\/media?parent=31205"}],"wp:term":[{"taxonomy":"category","embeddable":true,"href":"http:\/\/dsrmedios.com.ar\/diario\/wp-json\/wp\/v2\/categories?post=31205"},{"taxonomy":"post_tag","embeddable":true,"href":"http:\/\/dsrmedios.com.ar\/diario\/wp-json\/wp\/v2\/tags?post=31205"}],"curies":[{"name":"wp","href":"https:\/\/api.w.org\/{rel}","templated":true}]}}