{"id":31195,"date":"2023-04-18T18:23:06","date_gmt":"2023-04-18T21:23:06","guid":{"rendered":"http:\/\/dsrmedios.com.ar\/diario\/?p=31195"},"modified":"2023-04-18T18:23:09","modified_gmt":"2023-04-18T21:23:09","slug":"renuncio-antonio-aracre-jefe-de-asesores-de-alberto-fernandez","status":"publish","type":"post","link":"http:\/\/dsrmedios.com.ar\/diario\/archivos\/31195","title":{"rendered":"Renunci\u00f3 Antonio Aracre, jefe de Asesores de Alberto Fern\u00e1ndez"},"content":{"rendered":"\n<p>Sorpresivamente, el jefe de Asesores de Alberto Fern\u00e1ndez anunci\u00f3 que le present\u00f3 su renuncia al Presidente.<strong>&nbsp;\u201cA ra\u00edz de los rumores que circularon desde anoche y a los efectos de desactivar cualquier operaci\u00f3n tendiente a intranquilizar los mercados<\/strong>&nbsp;le he presentado al Presidente mi renuncia indeclinable como Jefe de Asesores de manera inmediata\u201d, public\u00f3 en sus redes sociales.<\/p>\n\n\n\n<p>A continuaci\u00f3n, en el cierre de un breve hilo de Twitter, complet\u00f3: \u201cAprovecho este medio para agradecerle al Presidente por haberme honrado con este cargo y sabe que puede contar conmigo para lo que necesite\u201d.<\/p>\n\n\n\n<p><img decoding=\"async\" loading=\"lazy\" height=\"219\" width=\"644\" class=\"\" src=\"https:\/\/cloudfront-us-east-1.images.arcpublishing.com\/infobae\/O7PG6OJ4X5HR7FPO5CSD6IZJF4.PNG\" alt=\"Aracle anunci\u00f3 su decisi\u00f3n a trav\u00e9s de redes sociales\"><\/p>\n\n\n\n<p>Aracle anunci\u00f3 su decisi\u00f3n a trav\u00e9s de redes sociales<\/p>\n\n\n\n<p>Casi dos horas despu\u00e9s de comunicar la decisi\u00f3n, el Presidente de la Naci\u00f3n respondi\u00f3 de manera p\u00fablica al posteo de Aracle. \u201cGracias querido amigo por tu valiosa participaci\u00f3n en nuestro Gobierno. S\u00e9 que ambos&nbsp;<strong>so\u00f1amos&nbsp;<\/strong>con un pa\u00eds m\u00e1s justo y seguiremos&nbsp;<strong>trabajando&nbsp;<\/strong>para conseguirlo\u201d, se\u00f1al\u00f3 el jefe de Estado a trav\u00e9s de su cuenta oficial en la misma red social.<\/p>\n\n\n\n<p>Vale recordar que si bien la llegada del ex CEO de Syngenta a la Casa Rosada fue anunciada en los primeros d\u00edas de&nbsp;<strong>enero&nbsp;<\/strong>de este a\u00f1o, finalmente el Gobierno oficializ\u00f3 su arribo en la primera semana de&nbsp;<strong>febrero<\/strong>. Este martes,&nbsp;<strong>76 d\u00edas despu\u00e9s&nbsp;<\/strong>de que aquella designaci\u00f3n se confirmara, el funcionario present\u00f3 su&nbsp;<strong>renuncia indeclinable&nbsp;<\/strong>al cargo.<\/p>\n\n\n\n<p>En aquel contexto, el lunes 6 de febrero pasado y a trav\u00e9s del Decreto 61\/2023 publicado en el Bolet\u00edn Oficial, Aracle fue confirmado como jefe de asesores de Gabinete.\u00a0<strong>\u201cDase por designado, a partir del 1\u00ba de febrero de 2023, en el cargo de Jefe de Gabinete de Asesores del se\u00f1or PRESIDENTE DE LA NACI\u00d3N, al contador p\u00fablico y mag\u00edster en Administraci\u00f3n Estrat\u00e9gica Antonio Ra\u00fal ARACRE\u201d<\/strong>, precis\u00f3 el art\u00edculo 1\u00b0 del decreto que llev\u00f3 la firma del Presidente y del \u2014entonces\u2014 jefe de Gabinete de Ministros,<strong>\u00a0Juan Manzur \u2014p<\/strong>oco despu\u00e9s, en otro cambio dentro de la gesti\u00f3n de Alberto Fern\u00e1ndez,\u00a0<strong>Agust\u00edn Rossi<\/strong>\u00a0asumi\u00f3 en lugar de Manzur<\/p>\n\n\n\n<p><img decoding=\"async\" loading=\"lazy\" alt=\"La segunda parte del breve hilo publicado por Aracle en Twitter\" height=\"207\" width=\"649\" class=\"\" src=\"https:\/\/cloudfront-us-east-1.images.arcpublishing.com\/infobae\/466KP2MS3FBRLATNMAZYON3D6A.PNG\">La segunda parte del breve hilo publicado por Aracle en Twitter<\/p>\n\n\n\n<p>En octubre pasado, Aracre hab\u00eda anunciado su incursi\u00f3n a la pol\u00edtica tras renunciar al m\u00e1ximo cargo ejecutivo para&nbsp;<strong>Am\u00e9rica Latina de Syngenta<\/strong>, una empresa l\u00edder en la&nbsp;<strong>agroindustria<\/strong>. La firma, de origen suizo y capitales chinos, tiene como principal negocio la producci\u00f3n y comercializaci\u00f3n de insumos como agroqu\u00edmicos y semillas, y con una importante trayectoria y presencia en el mercado en lo relacionado a la protecci\u00f3n de cultivos.<\/p>\n\n\n\n<p>En los \u00faltimos meses antes de asumir en el cargo, el reconocido empresario hab\u00eda visitado varias veces la Quinta de Olivos, donde supo registrar reuniones con el presidente\u00a0<strong>Alberto Fern\u00e1ndez.<\/strong><\/p>\n\n\n\n<p><img decoding=\"async\" loading=\"lazy\" alt=\"Antonio Aracre llega a la explanada de la Casa Rosada para reunirse con el presidente Alberto Fern\u00e1ndez (Archivo)\n\" height=\"1362\" width=\"1920\" class=\"\" src=\"https:\/\/cloudfront-us-east-1.images.arcpublishing.com\/infobae\/GHENVJKNV5AIXMKMZKSDKWOORU.jpg\" srcset=\"https:\/\/www.infobae.com\/new-resizer\/tKu6XKnevOCEd0U6ruA4oBc3CFY=\/420x280\/filters:format(webp):quality(85)\/cloudfront-us-east-1.images.arcpublishing.com\/infobae\/GHENVJKNV5AIXMKMZKSDKWOORU.jpg 420w,https:\/\/www.infobae.com\/new-resizer\/rnQ23BYRmn1nnz-mlF2shw3fbws=\/768x512\/filters:format(webp):quality(85)\/cloudfront-us-east-1.images.arcpublishing.com\/infobae\/GHENVJKNV5AIXMKMZKSDKWOORU.jpg 768w,https:\/\/www.infobae.com\/new-resizer\/JCvGf-0vypotXgRjgDYv-coOWBI=\/992x661\/filters:format(webp):quality(85)\/cloudfront-us-east-1.images.arcpublishing.com\/infobae\/GHENVJKNV5AIXMKMZKSDKWOORU.jpg 992w,https:\/\/www.infobae.com\/new-resizer\/phKECSCzqB1QCfuOYmeCgSTz6KQ=\/1200x800\/filters:format(webp):quality(85)\/cloudfront-us-east-1.images.arcpublishing.com\/infobae\/GHENVJKNV5AIXMKMZKSDKWOORU.jpg 1200w,https:\/\/www.infobae.com\/new-resizer\/h77E7mQBah7yOI0HHp_mB1qxesE=\/1440x960\/filters:format(webp):quality(85)\/cloudfront-us-east-1.images.arcpublishing.com\/infobae\/GHENVJKNV5AIXMKMZKSDKWOORU.jpg 1440w\">Antonio Aracre llega a la explanada de la Casa Rosada para reunirse con el presidente Alberto Fern\u00e1ndez (Archivo)<\/p>\n\n\n\n<p>En febrero, el ex CEO de Syngenta asumi\u00f3 el cargo de jefe de Asesores del Gabinete de la Naci\u00f3n en reemplazo de<strong>&nbsp;Juli\u00e1n Leunda<\/strong>, quien hab\u00eda dejado ese rol a principios de diciembre luego de quedar envuelto en una pol\u00e9mica por ser mencionado en un supuesto chat de jueces, funcionarios porte\u00f1os y empresarios que hicieron un viaje conjunto a la estancia del magnate Joe Lewis en Lago Escondido, provincia de R\u00edo Negro.<\/p>\n\n\n\n<p><img decoding=\"async\" loading=\"lazy\" alt=\"Antonio Aracre y Alberto Fern\u00e1ndez (Archivo)\" height=\"1080\" width=\"1920\" class=\"\" src=\"https:\/\/cloudfront-us-east-1.images.arcpublishing.com\/infobae\/QNLAXU24JBB4RMSYUSGEJGZ36I.jpg\" srcset=\"https:\/\/www.infobae.com\/new-resizer\/CvhQ81SvuoYcUvf9IYUxCne1aQU=\/420x236\/filters:format(webp):quality(85)\/cloudfront-us-east-1.images.arcpublishing.com\/infobae\/QNLAXU24JBB4RMSYUSGEJGZ36I.jpg 420w,https:\/\/www.infobae.com\/new-resizer\/kMVfasxXLbHlKcYWjMZ_DyYxads=\/768x432\/filters:format(webp):quality(85)\/cloudfront-us-east-1.images.arcpublishing.com\/infobae\/QNLAXU24JBB4RMSYUSGEJGZ36I.jpg 768w,https:\/\/www.infobae.com\/new-resizer\/B4Ex82igU8CRTeIXurkRYxipd2M=\/992x558\/filters:format(webp):quality(85)\/cloudfront-us-east-1.images.arcpublishing.com\/infobae\/QNLAXU24JBB4RMSYUSGEJGZ36I.jpg 992w,https:\/\/www.infobae.com\/new-resizer\/d8TKYM9Z5epqz1XjUTjpG39Bs5A=\/1200x675\/filters:format(webp):quality(85)\/cloudfront-us-east-1.images.arcpublishing.com\/infobae\/QNLAXU24JBB4RMSYUSGEJGZ36I.jpg 1200w,https:\/\/www.infobae.com\/new-resizer\/wOxr_4QLCVg_f1O8H3TkErM_Jfg=\/1440x810\/filters:format(webp):quality(85)\/cloudfront-us-east-1.images.arcpublishing.com\/infobae\/QNLAXU24JBB4RMSYUSGEJGZ36I.jpg 1440w\">Antonio Aracre y Alberto Fern\u00e1ndez (Archivo)<\/p>\n\n\n\n<p>Antes de haber llegado al Gobierno, su v\u00ednculo con el oficialismo tuvo su costo con el sector agropecuario. Por entonces, algunos referentes de la producci\u00f3n y sociedades rurales del norte bonaerense cuestionaron la figura de Aracre por el apoyo que hab\u00eda hecho el CEO a medidas que impuls\u00f3 el Gobierno hacia el campo, en medio de la tensi\u00f3n entre el Poder Ejecutivo y las organizaciones representativas de la actividad agropecuaria.<\/p>\n\n\n\n<p>Este martes fue otro d\u00eda agitado. Uno m\u00e1s en la golpeada econom\u00eda argentina, pero no por eso menos impactante. Y hubo r\u00e9cord, adem\u00e1s: el d\u00f3lar libre toc\u00f3 los 421 pesos, para cerrar en $428, y las cotizaciones financieras escalaron, con el contado con liqui que fue hasta los 425 pesos.<\/p>\n\n\n\n<p>Demasiado para tan fr\u00e1gil contexto. Pero desde los despachos oficiales y el mercado hay versiones sobre lo que pas\u00f3 hoy. Quiz\u00e1s una punta de lo que podr\u00eda venir en un a\u00f1o electoral que ya arranc\u00f3.<\/p>\n\n\n\n<p>As\u00ed, los rumores y el ruido estuvieron a la orden del d\u00eda. Primero, que<a href=\"https:\/\/www.infobae.com\/economia\/2023\/04\/18\/los-rumores-de-renuncia-de-sergio-massa-impactaron-en-el-mercado-y-el-dolar-libre-marco-otro-record\/\" target=\"_blank\" rel=\"noreferrer noopener\">&nbsp;<strong>Sergio Massa&nbsp;<\/strong>renunciaba impulsado por la idea del Presidente&nbsp;<strong>Alberto Fern\u00e1ndez<\/strong>&nbsp;de que quien ten\u00eda que comandar el Palacio de Hacienda era&nbsp;<strong>Antonio Aracre<\/strong><\/a>, su jefe de asesores desde hace un par de meses. Aracre, que trabaj\u00f3 m\u00e1s de 20 a\u00f1os en la semillera biotecnol\u00f3gica Syngenta, desembarc\u00f3 en la pol\u00edtica este a\u00f1o. Y dur\u00f3 poco: renunci\u00f3 a su cargo pasadas las 18.<\/p>\n\n\n\n<p><\/p>\n\n\n\n<p><\/p>\n\n\n\n<p><img decoding=\"async\" loading=\"lazy\" height=\"155\" width=\"617\" class=\"\" src=\"https:\/\/cloudfront-us-east-1.images.arcpublishing.com\/infobae\/LB5IP6R4PJA4HJT3VO2YZ6XVIE.PNG\" alt=\"El mensaje del Presidente tras la renuncia de Aracle\"><\/p>\n\n\n\n<p>Fuente: Infocielo<\/p>\n","protected":false},"excerpt":{"rendered":"<div class=\"mh-excerpt\"><p>Sorpresivamente, el jefe de Asesores de Alberto Fern\u00e1ndez anunci\u00f3 que le present\u00f3 su renuncia al Presidente.&nbsp;\u201cA ra\u00edz de los rumores que circularon desde anoche y a los efectos de desactivar cualquier operaci\u00f3n tendiente a intranquilizar los mercados&nbsp;le he presentado al Presidente mi renuncia indeclinable como Jefe de Asesores de manera inmediata\u201d, public\u00f3 en sus redes sociales. A continuaci\u00f3n, en el cierre de un breve hilo de Twitter, complet\u00f3: \u201cAprovecho este medio para agradecerle al Presidente por haberme honrado con este cargo y sabe que puede contar conmigo para lo que necesite\u201d. Aracle anunci\u00f3 su decisi\u00f3n a trav\u00e9s de redes sociales <a class=\"mh-excerpt-more\" href=\"http:\/\/dsrmedios.com.ar\/diario\/archivos\/31195\" title=\"Renunci\u00f3 Antonio Aracre, jefe de Asesores de Alberto Fern\u00e1ndez\">[Leer m\u00e1s]<\/a><\/p>\n<\/div>","protected":false},"author":6,"featured_media":31196,"comment_status":"open","ping_status":"closed","sticky":false,"template":"","format":"standard","meta":{"_jetpack_newsletter_access":""},"categories":[6],"tags":[],"jetpack_featured_media_url":"http:\/\/dsrmedios.com.ar\/diario\/wp-content\/uploads\/2023\/04\/descarga-19.jpg","jetpack_sharing_enabled":true,"jetpack_shortlink":"https:\/\/wp.me\/p9fihK-879","_links":{"self":[{"href":"http:\/\/dsrmedios.com.ar\/diario\/wp-json\/wp\/v2\/posts\/31195"}],"collection":[{"href":"http:\/\/dsrmedios.com.ar\/diario\/wp-json\/wp\/v2\/posts"}],"about":[{"href":"http:\/\/dsrmedios.com.ar\/diario\/wp-json\/wp\/v2\/types\/post"}],"author":[{"embeddable":true,"href":"http:\/\/dsrmedios.com.ar\/diario\/wp-json\/wp\/v2\/users\/6"}],"replies":[{"embeddable":true,"href":"http:\/\/dsrmedios.com.ar\/diario\/wp-json\/wp\/v2\/comments?post=31195"}],"version-history":[{"count":1,"href":"http:\/\/dsrmedios.com.ar\/diario\/wp-json\/wp\/v2\/posts\/31195\/revisions"}],"predecessor-version":[{"id":31197,"href":"http:\/\/dsrmedios.com.ar\/diario\/wp-json\/wp\/v2\/posts\/31195\/revisions\/31197"}],"wp:featuredmedia":[{"embeddable":true,"href":"http:\/\/dsrmedios.com.ar\/diario\/wp-json\/wp\/v2\/media\/31196"}],"wp:attachment":[{"href":"http:\/\/dsrmedios.com.ar\/diario\/wp-json\/wp\/v2\/media?parent=31195"}],"wp:term":[{"taxonomy":"category","embeddable":true,"href":"http:\/\/dsrmedios.com.ar\/diario\/wp-json\/wp\/v2\/categories?post=31195"},{"taxonomy":"post_tag","embeddable":true,"href":"http:\/\/dsrmedios.com.ar\/diario\/wp-json\/wp\/v2\/tags?post=31195"}],"curies":[{"name":"wp","href":"https:\/\/api.w.org\/{rel}","templated":true}]}}