{"id":31190,"date":"2023-04-18T16:09:46","date_gmt":"2023-04-18T19:09:46","guid":{"rendered":"http:\/\/dsrmedios.com.ar\/diario\/?p=31190"},"modified":"2023-04-18T16:09:49","modified_gmt":"2023-04-18T19:09:49","slug":"santiago-cafiero-la-presencia-militar-britanica-en-el-atlantico-sur-es-inaceptable","status":"publish","type":"post","link":"http:\/\/dsrmedios.com.ar\/diario\/archivos\/31190","title":{"rendered":"Santiago Cafiero:\u00a0&#8220;La presencia militar brit\u00e1nica en el Atl\u00e1ntico Sur es inaceptable&#8221;"},"content":{"rendered":"\n<p>El canciller Santiago&nbsp;<strong>Cafiero<\/strong>&nbsp;afirm\u00f3 este martes, en un foro bicontinental que se desarrolla en \u00c1frica, que&nbsp;<strong>resulta &#8220;inaceptable la presencia militar&#8221; en el Atl\u00e1ntico Sur de potencias extra regionales,<\/strong>&nbsp;como el Reino Unido, cuya actitud &#8220;no se condice con los tiempos y las pr\u00e1cticas vigentes del multilateralismo y del derecho internacional&#8221;.<\/p>\n\n\n\n<p>As\u00ed lo afirm\u00f3 al participar en la ciudad de Cabo Verde de la VIII Reuni\u00f3n Ministerial de la Zona de Paz y Cooperaci\u00f3n del Atl\u00e1ntico Sur (ZPCAS), foro que nuclea a 24 estados ribere\u00f1os de Sudam\u00e9rica y \u00c1frica, que&nbsp;<strong>debate temas relacionados con defensa, seguridad, conservaci\u00f3n, medioambiente y cooperaci\u00f3n entre ambas regiones, entre ellos la cuesti\u00f3n Malvinas.<\/strong><\/p>\n\n\n\n<p>En su discurso, Cafiero remarc\u00f3:<strong>&nbsp;&#8220;Es inaceptable la presencia en el Atl\u00e1ntico Sur de potencias militares extra regionales,<\/strong>&nbsp;cuya actitud no se condice con los tiempos y las pr\u00e1cticas vigentes del multilateralismo y del derecho internacional&#8221;, en clara alusi\u00f3n al Reino Unido, que mantiene usurpadas las Malvinas, donde ha desplegado una base militar.<\/p>\n\n\n\n<p><strong>&#8220;Desde 1833 mi pa\u00eds sufre la ocupaci\u00f3n ilegal de parte de su territorio por el Reino Unido de Gran Breta\u00f1a<\/strong>&nbsp;e Irlanda del Norte&#8221;, record\u00f3 el canciller.<\/p>\n\n\n\n<p>En tal sentido, manifest\u00f3 su &#8220;agradecimiento especialmente el constante respaldo de los Miembros de la Zona al llamado a reanudar las negociaciones bilaterales de soberan\u00eda sobre las Islas Malvinas, Georgias del Sur, Sandwich del Sur y los espacios mar\u00edtimos circundantes, de conformidad con la resoluci\u00f3n 2065(XX) y otras resoluciones relevantes de la Asamblea General&#8221;.<\/p>\n\n\n\n<p>Al respecto, Cafiero asegur\u00f3 que &#8220;la Argentina estuvo, est\u00e1 y estar\u00e1 siempre dispuesta a entablar otra vez<strong>&nbsp;tratativas diplom\u00e1ticas con el Reino Unido sobre la cuesti\u00f3n Malvinas&#8221;.<\/strong><\/p>\n\n\n\n<p>&#8220;Somos -puntualiz\u00f3- un pueblo pac\u00edfico y digno.&nbsp;<strong>Valoramos much\u00edsimo el pronunciamiento en contra de las acciones unilaterales brit\u00e1nicas en el \u00e1rea en disputa.<\/strong>&nbsp;Representan una contravenci\u00f3n de la resoluci\u00f3n 31\/49, que incluye el desarrollo de actividades ileg\u00edtimas de exploraci\u00f3n y explotaci\u00f3n de recursos naturales renovables y no renovables&#8221;.<\/p>\n\n\n\n<p>En otro tramo de su discurso, el titular del Palacio San Mart\u00edn dijo &#8220;compartir la preocupaci\u00f3n de los integrantes de la Zona por la presencia militar brit\u00e1nica en el Atl\u00e1ntico Sur&#8221;.<\/p>\n\n\n\n<p>&#8220;Es por ello -apunt\u00f3- que deseamos llamar la atenci\u00f3n sobre el reciente despliegue en las Islas Malvinas de integrantes de las denominadas &#8220;Fuerzas de Seguridad de Kosovo&#8221;.<\/p>\n\n\n\n<p>&#8220;Esto constituye una ilegal y desproporcionada demostraci\u00f3n de fuerza de parte del Reino Unido. Supone la introducci\u00f3n en el Atl\u00e1ntico Sur de actores extra regionales ajenos a la disputa de soberan\u00eda&#8221;, enfatiz\u00f3 Cafiero ante sus pares.<\/p>\n\n\n\n<p>Luego de una d\u00e9cada de que no se realizaron reuniones ministeriales de la ZPCAS,&nbsp;<strong>los cancilleres y altas autoridades de los pa\u00edses miembros se congregan en la ciudad caboverdiana de Mindelo con el objetivo de lograr la reactivaci\u00f3n de la Zona,<\/strong>&nbsp;el traspaso de la Presidencia Pro T\u00e9mpore de Uruguay a Cabo Verde, y la adopci\u00f3n de una Declaraci\u00f3n Pol\u00edtica y un nuevo Plan de Acci\u00f3n.<\/p>\n\n\n\n<p>Para la Argentina,&nbsp;<strong>constituye una &#8220;oportuna plataforma de relacionamiento&#8221; con \u00c1frica, y reviste tambi\u00e9n &#8220;especial relevancia&#8221;<\/strong>&nbsp;en el marco de la cuesti\u00f3n Malvinas y la importancia geopol\u00edtica y estrat\u00e9gica del Atl\u00e1ntico Sur, dijeron a T\u00e9lam fuentes de la Canciller\u00eda.<\/p>\n\n\n\n<p>Cafiero asiste al encuentro acompa\u00f1ado por la jefa de Gabinete de la Canciller\u00eda, Luciana Tito, y por el secretario de Malvinas, Ant\u00e1rtida y Atl\u00e1ntico Sur, Guillermo Carmona.<\/p>\n\n\n\n<p>Fuente: Cadena26<\/p>\n","protected":false},"excerpt":{"rendered":"<div class=\"mh-excerpt\"><p>El canciller Santiago&nbsp;Cafiero&nbsp;afirm\u00f3 este martes, en un foro bicontinental que se desarrolla en \u00c1frica, que&nbsp;resulta &#8220;inaceptable la presencia militar&#8221; en el Atl\u00e1ntico Sur de potencias extra regionales,&nbsp;como el Reino Unido, cuya actitud &#8220;no se condice con los tiempos y las pr\u00e1cticas vigentes del multilateralismo y del derecho internacional&#8221;. As\u00ed lo afirm\u00f3 al participar en la ciudad de Cabo Verde de la VIII Reuni\u00f3n Ministerial de la Zona de Paz y Cooperaci\u00f3n del Atl\u00e1ntico Sur (ZPCAS), foro que nuclea a 24 estados ribere\u00f1os de Sudam\u00e9rica y \u00c1frica, que&nbsp;debate temas relacionados con defensa, seguridad, conservaci\u00f3n, medioambiente y cooperaci\u00f3n entre ambas regiones, entre <a class=\"mh-excerpt-more\" href=\"http:\/\/dsrmedios.com.ar\/diario\/archivos\/31190\" title=\"Santiago Cafiero:\u00a0&#8220;La presencia militar brit\u00e1nica en el Atl\u00e1ntico Sur es inaceptable&#8221;\">[Leer m\u00e1s]<\/a><\/p>\n<\/div>","protected":false},"author":6,"featured_media":31191,"comment_status":"open","ping_status":"closed","sticky":false,"template":"","format":"standard","meta":{"_jetpack_newsletter_access":""},"categories":[6],"tags":[],"jetpack_featured_media_url":"http:\/\/dsrmedios.com.ar\/diario\/wp-content\/uploads\/2023\/04\/descarga-18.jpg","jetpack_sharing_enabled":true,"jetpack_shortlink":"https:\/\/wp.me\/p9fihK-874","_links":{"self":[{"href":"http:\/\/dsrmedios.com.ar\/diario\/wp-json\/wp\/v2\/posts\/31190"}],"collection":[{"href":"http:\/\/dsrmedios.com.ar\/diario\/wp-json\/wp\/v2\/posts"}],"about":[{"href":"http:\/\/dsrmedios.com.ar\/diario\/wp-json\/wp\/v2\/types\/post"}],"author":[{"embeddable":true,"href":"http:\/\/dsrmedios.com.ar\/diario\/wp-json\/wp\/v2\/users\/6"}],"replies":[{"embeddable":true,"href":"http:\/\/dsrmedios.com.ar\/diario\/wp-json\/wp\/v2\/comments?post=31190"}],"version-history":[{"count":1,"href":"http:\/\/dsrmedios.com.ar\/diario\/wp-json\/wp\/v2\/posts\/31190\/revisions"}],"predecessor-version":[{"id":31192,"href":"http:\/\/dsrmedios.com.ar\/diario\/wp-json\/wp\/v2\/posts\/31190\/revisions\/31192"}],"wp:featuredmedia":[{"embeddable":true,"href":"http:\/\/dsrmedios.com.ar\/diario\/wp-json\/wp\/v2\/media\/31191"}],"wp:attachment":[{"href":"http:\/\/dsrmedios.com.ar\/diario\/wp-json\/wp\/v2\/media?parent=31190"}],"wp:term":[{"taxonomy":"category","embeddable":true,"href":"http:\/\/dsrmedios.com.ar\/diario\/wp-json\/wp\/v2\/categories?post=31190"},{"taxonomy":"post_tag","embeddable":true,"href":"http:\/\/dsrmedios.com.ar\/diario\/wp-json\/wp\/v2\/tags?post=31190"}],"curies":[{"name":"wp","href":"https:\/\/api.w.org\/{rel}","templated":true}]}}