{"id":31164,"date":"2023-04-18T07:46:38","date_gmt":"2023-04-18T10:46:38","guid":{"rendered":"http:\/\/dsrmedios.com.ar\/diario\/?p=31164"},"modified":"2023-04-18T07:46:42","modified_gmt":"2023-04-18T10:46:42","slug":"aumento-de-la-tarjeta-alimentar-uno-por-uno-lo-nuevos-montos-y-desde-cuando-impactan","status":"publish","type":"post","link":"http:\/\/dsrmedios.com.ar\/diario\/archivos\/31164","title":{"rendered":"Aumento de la Tarjeta Alimentar:\u00a0uno por uno, lo nuevos montos y desde cu\u00e1ndo impactan"},"content":{"rendered":"\n<p>Aumento de la Tarjeta Alimentar:\u00a0uno por uno, lo nuevos montos y desde cu\u00e1ndo impactan<\/p>\n\n\n\n<p>El&nbsp;<strong>aumento del 35%<\/strong>&nbsp;en el monto de la&nbsp;<a href=\"https:\/\/www.canal26.com\/economia\/tarjeta-alimentar-cuando-se-cobra-con-el-aumento-del-35--339894\" target=\"_blank\" rel=\"noreferrer noopener\">Tarjeta Alimentar<\/a>&nbsp;para aquellos beneficicarios del&nbsp;<strong>\u201cPlan Argentina contra el hambre\u201d<\/strong>&nbsp;qued\u00f3 formalmente anunciado por el&nbsp;<strong>Gobierno Nacional<\/strong>&nbsp;y as\u00ed ha quedado publicado a trav\u00e9s de la&nbsp;<strong>Resoluci\u00f3n 700\/2023<\/strong>&nbsp;del&nbsp;<strong>Bolet\u00edn Oficial.<\/strong><\/p>\n\n\n\n<p>As\u00ed, desde la&nbsp;<strong>Administraci\u00f3n del presidente Alberto Fern\u00e1ndez<\/strong>&nbsp;se confirma finalmente lo que previamente hab\u00edan anunciado el&nbsp;<strong>ministro de Econom\u00eda, Sergio Massa<\/strong>; y su par de&nbsp;<strong>Desarrollo Social, Victoria Tolosa Paz<\/strong>, el pasado&nbsp;<strong>11 de abril.<\/strong><\/p>\n\n\n\n<p>El texto del anuncio indica: Estos \u201caumentos en las prestaciones sufragadas a trav\u00e9s de la&nbsp;<strong>Tarjeta Alimentar<\/strong>, destinada a&nbsp;<strong>familias en situaci\u00f3n de vulnerabilidad social<\/strong>\u201d comenzar\u00e1n a liquidarse \u201ca partir de la liquidaci\u00f3n a efectivizarse en el mes de mayo de 2023\u201d.<\/p>\n\n\n\n<p><strong>La iniciativa agrega $121 mil millones<\/strong>&nbsp;a la inversi\u00f3n ya dispuesta del Estado nacional para garantizar la seguridad alimentaria de ni\u00f1os, ni\u00f1as y adolescentes. Previo a este aumento, el Gobierno Nacional hab\u00eda procedido a una actualizaci\u00f3n del&nbsp;<strong>40%<\/strong>&nbsp;en&nbsp;<strong>noviembre del a\u00f1o pasado<\/strong>. As\u00ed, este es el primer incremento del a\u00f1o.<\/p>\n\n\n\n<h2>Los nuevos montos de la Tarjeta Alimentar para mayo de 2023 son:<\/h2>\n\n\n\n<ul>\n<li><strong>$17.000<\/strong>&nbsp;para las familias con un hijo\/a de 0 a 14 a\u00f1os que accedan a la Asignaci\u00f3n Universal por Hijo, Asignaci\u00f3n Universal por Hijo con Discapacidad, Asignaci\u00f3n por Embarazo o Pensi\u00f3n para madre de 7 o m\u00e1s hijos\/as.<\/li>\n\n\n\n<li><strong>$26.000<\/strong>&nbsp;para familias con dos hijos\/as de 0 a 14 a\u00f1os con la Asignaci\u00f3n Universal por Hijo, Asignaci\u00f3n Universal por Hijo con Discapacidad o Pensi\u00f3n para madre de 7 o m\u00e1s hijos\/as.<\/li>\n\n\n\n<li><strong>$34.000<\/strong>&nbsp;para familias con tres hijos o m\u00e1s de 0 a 14 a\u00f1os de edad que cobren la Asignaci\u00f3n Universal por Hijo, Asignaci\u00f3n Universal por Hijo con Discapacidad o Pensi\u00f3n para madre de 7 o m\u00e1s hijos\/as.<\/li>\n<\/ul>\n\n\n\n<h2>Pueden acceder aquellos beneficiarios de las siguientes prestaciones:<\/h2>\n\n\n\n<ul>\n<li>Asignaci\u00f3n Universal por Hija\/o con hijas\/os de hasta 14 a\u00f1os inclusive.<\/li>\n\n\n\n<li>Asignaci\u00f3n Universal por Embarazo.<\/li>\n\n\n\n<li>Asignaci\u00f3n Universal por Hija\/o, sin l\u00edmite de edad.<\/li>\n\n\n\n<li>Pensi\u00f3n No Contributiva para Madre de 7 hijas\/os.<\/li>\n<\/ul>\n\n\n\n<p>Fuente: cadena26<\/p>\n","protected":false},"excerpt":{"rendered":"<div class=\"mh-excerpt\"><p>Aumento de la Tarjeta Alimentar:\u00a0uno por uno, lo nuevos montos y desde cu\u00e1ndo impactan El&nbsp;aumento del 35%&nbsp;en el monto de la&nbsp;Tarjeta Alimentar&nbsp;para aquellos beneficicarios del&nbsp;\u201cPlan Argentina contra el hambre\u201d&nbsp;qued\u00f3 formalmente anunciado por el&nbsp;Gobierno Nacional&nbsp;y as\u00ed ha quedado publicado a trav\u00e9s de la&nbsp;Resoluci\u00f3n 700\/2023&nbsp;del&nbsp;Bolet\u00edn Oficial. As\u00ed, desde la&nbsp;Administraci\u00f3n del presidente Alberto Fern\u00e1ndez&nbsp;se confirma finalmente lo que previamente hab\u00edan anunciado el&nbsp;ministro de Econom\u00eda, Sergio Massa; y su par de&nbsp;Desarrollo Social, Victoria Tolosa Paz, el pasado&nbsp;11 de abril. El texto del anuncio indica: Estos \u201caumentos en las prestaciones sufragadas a trav\u00e9s de la&nbsp;Tarjeta Alimentar, destinada a&nbsp;familias en situaci\u00f3n de vulnerabilidad social\u201d comenzar\u00e1n a <a class=\"mh-excerpt-more\" href=\"http:\/\/dsrmedios.com.ar\/diario\/archivos\/31164\" title=\"Aumento de la Tarjeta Alimentar:\u00a0uno por uno, lo nuevos montos y desde cu\u00e1ndo impactan\">[Leer m\u00e1s]<\/a><\/p>\n<\/div>","protected":false},"author":6,"featured_media":17745,"comment_status":"open","ping_status":"closed","sticky":false,"template":"","format":"standard","meta":{"_jetpack_newsletter_access":""},"categories":[6,7],"tags":[],"jetpack_featured_media_url":"http:\/\/dsrmedios.com.ar\/diario\/wp-content\/uploads\/2020\/03\/Tarjeta-Alimentar-1.jpg","jetpack_sharing_enabled":true,"jetpack_shortlink":"https:\/\/wp.me\/p9fihK-86E","_links":{"self":[{"href":"http:\/\/dsrmedios.com.ar\/diario\/wp-json\/wp\/v2\/posts\/31164"}],"collection":[{"href":"http:\/\/dsrmedios.com.ar\/diario\/wp-json\/wp\/v2\/posts"}],"about":[{"href":"http:\/\/dsrmedios.com.ar\/diario\/wp-json\/wp\/v2\/types\/post"}],"author":[{"embeddable":true,"href":"http:\/\/dsrmedios.com.ar\/diario\/wp-json\/wp\/v2\/users\/6"}],"replies":[{"embeddable":true,"href":"http:\/\/dsrmedios.com.ar\/diario\/wp-json\/wp\/v2\/comments?post=31164"}],"version-history":[{"count":1,"href":"http:\/\/dsrmedios.com.ar\/diario\/wp-json\/wp\/v2\/posts\/31164\/revisions"}],"predecessor-version":[{"id":31165,"href":"http:\/\/dsrmedios.com.ar\/diario\/wp-json\/wp\/v2\/posts\/31164\/revisions\/31165"}],"wp:featuredmedia":[{"embeddable":true,"href":"http:\/\/dsrmedios.com.ar\/diario\/wp-json\/wp\/v2\/media\/17745"}],"wp:attachment":[{"href":"http:\/\/dsrmedios.com.ar\/diario\/wp-json\/wp\/v2\/media?parent=31164"}],"wp:term":[{"taxonomy":"category","embeddable":true,"href":"http:\/\/dsrmedios.com.ar\/diario\/wp-json\/wp\/v2\/categories?post=31164"},{"taxonomy":"post_tag","embeddable":true,"href":"http:\/\/dsrmedios.com.ar\/diario\/wp-json\/wp\/v2\/tags?post=31164"}],"curies":[{"name":"wp","href":"https:\/\/api.w.org\/{rel}","templated":true}]}}