{"id":31159,"date":"2023-04-18T07:40:43","date_gmt":"2023-04-18T10:40:43","guid":{"rendered":"http:\/\/dsrmedios.com.ar\/diario\/?p=31159"},"modified":"2023-04-18T07:40:47","modified_gmt":"2023-04-18T10:40:47","slug":"crisis-en-el-pro-macri-no-descarta-reunirse-con-larreta-y-angelini-el-nuevo-jefe-del-partido-pedira-una-tregua-interna","status":"publish","type":"post","link":"http:\/\/dsrmedios.com.ar\/diario\/archivos\/31159","title":{"rendered":"Crisis en el PRO: Macri no descarta reunirse con Larreta y Angelini, el nuevo jefe del partido, pedir\u00e1 una tregua interna"},"content":{"rendered":"\n<p><strong>Mauricio Macri&nbsp;<\/strong>viaj\u00f3 anoche a Rep\u00fablica Dominicana para dar una charla junto con otros ex presidentes latinoamericanos, pero su agenda internacional no le impide seguir&nbsp;<strong>monitoreando<\/strong>&nbsp;la crisis en el PRO. El ex mandatario fue el primero que se enter\u00f3 de la propuesta de&nbsp;<strong>Mar\u00eda Eugenia Vidal<\/strong>&nbsp;para que los candidatos del partido&nbsp;<strong>bajen&nbsp;<\/strong>sus candidaturas y \u201cvuelvan a empezar\u201d la discusi\u00f3n electoral. \u00bfQu\u00e9 piensa sobre esa idea?&nbsp;<strong>\u201cQue es algo de Mar\u00eda Eugenia y sus buenas intenciones\u201d,<\/strong>&nbsp;dijeron en su entorno. Cuando este jueves regrese al pa\u00eds comenzar\u00e1 una serie de contactos para ayudar a destrabar el conflicto del PRO: se ver\u00e1 con&nbsp;<strong>Federico Angelini,<\/strong>&nbsp;quien asumir\u00e1 esta semana como jefe del partido en reemplazo de Patricia Bullrich, y buscar\u00e1 reunirse con&nbsp;<strong>Horacio Rodr\u00edguez Larreta.<\/strong><\/p>\n\n\n\n<p>Aunque se mostr\u00f3&nbsp;<strong>furioso&nbsp;<\/strong>con el alcalde porte\u00f1o por su anuncio electoral, Macri sabe que tarde o temprano deber\u00e1&nbsp;<strong>acercarse&nbsp;<\/strong>a Larreta para definir, entre otros temas, un solo candidato del PRO a jefe de Gobierno:&nbsp;<strong>\u201cYa me sentar\u00e9 a conversar con Horacio\u201d,&nbsp;<\/strong>admiti\u00f3 en su c\u00edrculo \u00edntimo.<\/p>\n\n\n\n<p>Para el larretismo, Macri estuvo&nbsp;<strong>detr\u00e1s&nbsp;<\/strong>de la iniciativa de Vidal, que fue&nbsp;<strong>rechazada&nbsp;<\/strong>por el jefe de Gobierno y por la ex ministra de Seguridad. Ambos dirigentes consideran que&nbsp;<strong>no puede haber marcha atr\u00e1s<\/strong>&nbsp;con sus postulaciones. Los bullrichistas creen que el ex mandatario&nbsp;<strong>ya hizo un gesto<\/strong>&nbsp;con su renunciamiento electoral y que su jefa pol\u00edtica tambi\u00e9n lo produjo al pedir licencia por 90 d\u00edas como titular del PRO.<strong>&nbsp;\u201cAhora los gestos los tienen que hacer los otros\u201d,&nbsp;<\/strong>dijeron en alusi\u00f3n a Larreta.<\/p>\n\n\n\n<p><\/p>\n\n\n\n<p><img decoding=\"async\" loading=\"lazy\" alt=\"Patricia Bullrich y Federico Angelini \" height=\"576\" width=\"1024\" class=\"\" src=\"https:\/\/cloudfront-us-east-1.images.arcpublishing.com\/infobae\/XIIWNBK55RBCHLNOCTEFPVABNE.jpeg\" srcset=\"https:\/\/www.infobae.com\/new-resizer\/GOI-mdxbZE5IclHGS-XEqECxD1M=\/420x236\/filters:format(webp):quality(85)\/cloudfront-us-east-1.images.arcpublishing.com\/infobae\/XIIWNBK55RBCHLNOCTEFPVABNE.jpeg 420w,https:\/\/www.infobae.com\/new-resizer\/x5FGkylSH4v_8nPoyhZtL3eERLg=\/768x432\/filters:format(webp):quality(85)\/cloudfront-us-east-1.images.arcpublishing.com\/infobae\/XIIWNBK55RBCHLNOCTEFPVABNE.jpeg 768w,https:\/\/www.infobae.com\/new-resizer\/pd8ayL4eygyNSE6lxMtWJfHe1BY=\/992x558\/filters:format(webp):quality(85)\/cloudfront-us-east-1.images.arcpublishing.com\/infobae\/XIIWNBK55RBCHLNOCTEFPVABNE.jpeg 992w,https:\/\/www.infobae.com\/new-resizer\/mxfMLla1aMZgCHCPIJYqOlTBLIE=\/1200x675\/filters:format(webp):quality(85)\/cloudfront-us-east-1.images.arcpublishing.com\/infobae\/XIIWNBK55RBCHLNOCTEFPVABNE.jpeg 1200w,https:\/\/www.infobae.com\/new-resizer\/uKpmYFIZnCof_AkqSR56kNepPCo=\/1440x810\/filters:format(webp):quality(85)\/cloudfront-us-east-1.images.arcpublishing.com\/infobae\/XIIWNBK55RBCHLNOCTEFPVABNE.jpeg 1440w\">Patricia Bullrich y Federico Angelini<\/p>\n\n\n\n<p>La pelea que se desat\u00f3 en el PRO por el anuncio de Rodr\u00edguez Larreta de que los porte\u00f1os votar\u00e1n con el sistema de&nbsp;<strong>elecciones concurrentes,&nbsp;<\/strong>con doble urna, dej\u00f3 m\u00e1s en evidencia las&nbsp;<strong>diferencias irreconciliables&nbsp;<\/strong>que mantienen sus principales l\u00edderes. Macri qued\u00f3&nbsp;<strong>desilusionado&nbsp;<\/strong>por la decisi\u00f3n inconsulta y solitaria que tom\u00f3 el jefe de Gobierno. La mayor\u00eda de la dirigencia del partido tambi\u00e9n rechaz\u00f3 la resoluci\u00f3n de Larreta al considerar que \u201cmanipul\u00f3\u201d las reglas electorales, mientras que el alcalde porte\u00f1o replic\u00f3 que&nbsp;<strong>se hab\u00eda limitado a cumplir la ley:&nbsp;<\/strong>\u201cEn la ciudad, el C\u00f3digo Electoral es claro: fue modificado en 2018 y est\u00e1 vigente desde 2020, y dice que se vota con boleta \u00fanica\u201d.<\/p>\n\n\n\n<p>En el fondo, las diferencias esconden el enfrentamiento entre Macri y Rodr\u00edguez Larreta por el&nbsp;<strong>liderazgo&nbsp;<\/strong>opositor y, adem\u00e1s, en un punto clave: el anuncio electoral porte\u00f1o&nbsp;<strong>empareja&nbsp;<\/strong>las chances electorales del candidato a sucederlo en el PRO (el ex presidente impulsa a su primo, Jorge Macri) y del radical Mart\u00edn Lousteau, lo que dio pie en las filas macristas y bullrichistas a dar por probado un presunto pacto entre el jefe de Gobierno y el senador de la UCR para&nbsp;<strong>apoyar&nbsp;<\/strong>sus planes pol\u00edticos.<\/p>\n\n\n\n<p>En medio de un clima de tensi\u00f3n, Bullrich decidi\u00f3&nbsp;<strong>alejarse&nbsp;<\/strong>durante 90 d\u00edas de la presidencia del PRO para dedicarse de lleno a la campa\u00f1a. En su lugar quedar\u00e1 el actual vicepresidente del partido,<strong>&nbsp;Federico Angelini,&nbsp;<\/strong>un hombre de Macri que se convirti\u00f3 en un operador clave del bullrichismo. Con el pedido de licencia, Bullrich apunt\u00f3 a incomodar a Larreta. Al fundamentar su resoluci\u00f3n, dijo: \u201cDebemos hacer todos los esfuerzos para&nbsp;<strong>separar n\u00edtidamente cada instituci\u00f3n<\/strong>, dando pasos en un sentido correcto que afiance la Rep\u00fablica,&nbsp;<strong>sin aprovecharnos de los cargos p\u00fablicos o partidarios\u201d.&nbsp;<\/strong>Es decir, el jefe de Gobierno deber\u00eda pedir una licencia para no sacar provecho del aparato porte\u00f1o.<\/p>\n\n\n\n<p><img decoding=\"async\" loading=\"lazy\" alt=\"Mar\u00eda Eugenia Vidal propuso a la dirigencia del PRO que baje sus candidaturas\" height=\"636\" width=\"1024\" class=\"\" src=\"https:\/\/cloudfront-us-east-1.images.arcpublishing.com\/infobae\/YJ5COZIBZFAJ5J5MU6QVKQISA4.jpg\" srcset=\"https:\/\/www.infobae.com\/new-resizer\/vkuL-E5q4R1zXmBO-otRTr3QNZw=\/992x606\/filters:format(webp):quality(85)\/cloudfront-us-east-1.images.arcpublishing.com\/infobae\/YJ5COZIBZFAJ5J5MU6QVKQISA4.jpg 992w\">Mar\u00eda Eugenia Vidal propuso a la dirigencia del PRO que baje sus candidaturas<\/p>\n\n\n\n<p>Pese a su condici\u00f3n de macrista-bullrichista, Angelini asumir\u00e1&nbsp;<strong>esta semana<\/strong>&nbsp;la presidencia del PRO con una serie de decisiones para intentar que toda la dirigencia baje los decibeles de la pelea interna: les pedir\u00e1<strong>&nbsp;acordar una tregua<\/strong>&nbsp;para que los enfrentamientos no afecten electoralmente al partido. Para eso quiere&nbsp;<strong>reunirse con Macri, Larreta, Bullrich y Vidal&nbsp;<\/strong>en las pr\u00f3ximas semanas, adem\u00e1s de meterse en el armado de algunos&nbsp;<strong>distritos del interior<\/strong>&nbsp;en donde hay divisiones en Juntos por el Cambio.<\/p>\n\n\n\n<p>Angelini acompa\u00f1\u00f3 este lunes a Bullrich a San Carlos de Bariloche, donde la candidata presidencial habl\u00f3 ante los&nbsp;<strong>empresarios&nbsp;<\/strong>del c\u00edrculo rojo en el&nbsp;<strong>Foro Llao Llao<\/strong>. Pocas horas antes se hab\u00eda mostrado muy duro contra&nbsp;<strong>Elisa Carri\u00f3,&nbsp;<\/strong>quien dijo que Macri quiere romper JxC para acercarse a Javier Milei: \u201cNo hay nada m\u00e1s&nbsp;<strong>funcional al kirchnerismo&nbsp;<\/strong>que criticar a Juntos por el Cambio como lo hace Carri\u00f3\u201d.<\/p>\n\n\n\n<p>Bullrich&nbsp;<strong>no se cruzar\u00e1&nbsp;<\/strong>en el Foro Llao Llao con Rodr\u00edguez Larreta, quien viajar\u00e1 esta ma\u00f1ana a Tierra del Fuego y llegar\u00e1 a las 18 a Bariloche para presentar por la noche sus ideas econ\u00f3micas ante el empresariado. Milei&nbsp;<strong>tampoco coincidir\u00e1&nbsp;<\/strong>con sus rivales del PRO: el libertario hablar\u00e1 este mediod\u00eda.<\/p>\n\n\n\n<p><img decoding=\"async\" loading=\"lazy\" alt=\"Mauricio Macri, en el zoom del Grupo Libertad y Democracia\" height=\"606\" width=\"946\" class=\"\" src=\"https:\/\/cloudfront-us-east-1.images.arcpublishing.com\/infobae\/X4DVL5GM5BEDLAJHOFFOUGHXOA.jpg\" srcset=\"https:\/\/www.infobae.com\/new-resizer\/_vu1ac9EOXT1r1_ap9pU2EGjqdM=\/992x614\/filters:format(webp):quality(85)\/cloudfront-us-east-1.images.arcpublishing.com\/infobae\/X4DVL5GM5BEDLAJHOFFOUGHXOA.jpg 992w\">Mauricio Macri, en el zoom del Grupo Libertad y Democracia<\/p>\n\n\n\n<p>Mientras Vidal hac\u00eda su propuesta de que se bajen todas las candidaturas del PRO, Macri participaba de manera virtual de la segunda reuni\u00f3n del&nbsp;<strong>Grupo Libertad y Democracia<\/strong>&nbsp;junto a presidentes latinoamericanos como Sebasti\u00e1n Pi\u00f1era (Chile), Iv\u00e1n Duque (Colombia), Andr\u00e9s Pastrana (Colombia), Jorge Quiroga (Bolivia) y Felipe Calder\u00f3n (M\u00e9xico). Poco despu\u00e9s parti\u00f3 a Rep\u00fablica Dominicana.<\/p>\n\n\n\n<p>La ex gobernadora le&nbsp;<strong>anticip\u00f3&nbsp;<\/strong>por tel\u00e9fono su idea. Macri&nbsp;<strong>valor\u00f3&nbsp;<\/strong>la iniciativa, aunque luego, antes sus allegados m\u00e1s estrechos, tom\u00f3 distancia:&nbsp;<strong>\u201cEs algo de Mar\u00eda Eugenia y sus buenas intenciones\u201d,<\/strong>&nbsp;les coment\u00f3. Vidal tiene previsto&nbsp;<strong>anunciar a fines de mes<\/strong>&nbsp;si ser\u00e1 o no candidata presidencial. Para sus rivales internos, su jugada tiene un componente de<strong>&nbsp;\u201cconveniencia personal\u201d&nbsp;<\/strong>y es \u201cimpracticable\u201d. Es m\u00e1s: algunos la ven como el&nbsp;<strong>pre\u00e1mbulo&nbsp;<\/strong>de una posible postulaci\u00f3n a jefe de Gobierno porte\u00f1o, que permitir\u00eda superar la grieta entre Jorge Macri y los candidatos larretistas Fern\u00e1n Quir\u00f3s y Soledad Acu\u00f1a. En el vidalismo lo&nbsp;<strong>descartan&nbsp;<\/strong>de plano:&nbsp;<strong>\u201cNo le interesa.<\/strong>&nbsp;Ser\u00eda una contradicci\u00f3n con lo que viene diciendo Mar\u00eda Eugenia contra la discusi\u00f3n alejada de la gente por los cargos y las candidaturas\u201d.<\/p>\n\n\n\n<p>Rodr\u00edguez Larreta&nbsp;<strong>conf\u00eda&nbsp;<\/strong>en las encuestas propias que afirman que podr\u00eda ganar las PASO gracias al&nbsp;<strong>voto moderado e independiente,<\/strong>&nbsp;resignado a su p\u00e9rdida de espacio en el electorado duro del PRO en favor de Bullrich. Apuesta a hacer valer su condici\u00f3n de<strong>&nbsp;l\u00edder del espacio en la ciudad&nbsp;<\/strong>con la ratificaci\u00f3n&nbsp;<strong>hasta \u00faltimo momento<\/strong>&nbsp;de las candidaturas de Quir\u00f3s y Acu\u00f1a. Sus estrategas creen que as\u00ed podr\u00e1&nbsp;<strong>obligar&nbsp;<\/strong>a negociar a Macri y Bullrich desde una posici\u00f3n de fuerza porque si se presenta m\u00e1s de un candidato del PRO en las primarias&nbsp;<strong>aumentan&nbsp;<\/strong>las posibilidades de una victoria de Lousteau.<\/p>\n\n\n\n<p><img decoding=\"async\" loading=\"lazy\" alt=\"Fern\u00e1n Quir\u00f3s y Horacio Rodr\u00edguez Larreta\" height=\"751\" width=\"1335\" class=\"\" src=\"https:\/\/cloudfront-us-east-1.images.arcpublishing.com\/infobae\/ISKUJHTOVNE45GBJPP4LJK2FAQ.jpg\" srcset=\"https:\/\/www.infobae.com\/new-resizer\/2b3EHFk3UALNoIhlA0ITpEdFSGI=\/420x236\/filters:format(webp):quality(85)\/cloudfront-us-east-1.images.arcpublishing.com\/infobae\/ISKUJHTOVNE45GBJPP4LJK2FAQ.jpg 420w,https:\/\/www.infobae.com\/new-resizer\/JLKYgWCJDuyh5jCqFD4-i5Zlxao=\/768x432\/filters:format(webp):quality(85)\/cloudfront-us-east-1.images.arcpublishing.com\/infobae\/ISKUJHTOVNE45GBJPP4LJK2FAQ.jpg 768w,https:\/\/www.infobae.com\/new-resizer\/1_8QLU_gbQaLzNpEZj9oWsZd7C0=\/992x558\/filters:format(webp):quality(85)\/cloudfront-us-east-1.images.arcpublishing.com\/infobae\/ISKUJHTOVNE45GBJPP4LJK2FAQ.jpg 992w,https:\/\/www.infobae.com\/new-resizer\/ROdoRmh-w1YYyZ3qZdqe4xMfO7A=\/1200x675\/filters:format(webp):quality(85)\/cloudfront-us-east-1.images.arcpublishing.com\/infobae\/ISKUJHTOVNE45GBJPP4LJK2FAQ.jpg 1200w,https:\/\/www.infobae.com\/new-resizer\/yWJIxwTJznQ6fyusAEyr5c4Epd4=\/1440x810\/filters:format(webp):quality(85)\/cloudfront-us-east-1.images.arcpublishing.com\/infobae\/ISKUJHTOVNE45GBJPP4LJK2FAQ.jpg 1440w\">Fern\u00e1n Quir\u00f3s y Horacio Rodr\u00edguez Larreta<\/p>\n\n\n\n<p>La disputa en el PRO ya contamina cada tema pol\u00edtico y cada elecci\u00f3n. En las \u00faltimas horas, por ejemplo, los m\u00e1ximos l\u00edderes del partido procuraron sacar&nbsp;<strong>r\u00e9dito pol\u00edtico<\/strong>&nbsp;del triunfo de&nbsp;<strong>Rolando Figueroa&nbsp;<\/strong>en las elecciones a gobernador de Neuqu\u00e9n,que puso fin a60 a\u00f1os de predominio del Movimiento Popular Neuquino (MPN). Su candidatura fue&nbsp;<strong>respaldada firmemente por Rodr\u00edguez Larreta&nbsp;<\/strong>y tambi\u00e9n por Macri, pero Bullrich no pareci\u00f3 tan entusiasta. Juntos por el Cambio se&nbsp;<strong>rompi\u00f3&nbsp;<\/strong>en esa provincia: mientras el PRO apoy\u00f3 a Figueroa, la UCR y la Coalici\u00f3n C\u00edvica impulsaron la postulaci\u00f3n de Pablo Cervi, quien qued\u00f3 quinto en los comicios, con el<strong>&nbsp;3,86%<\/strong>&nbsp;de los votos.<\/p>\n\n\n\n<p>Los esfuerzos de cada referente del PRO por aprovechar la victoria de Figueroa mostraron una&nbsp;<strong>fisura&nbsp;<\/strong>en el caso de Bullrich: la diputada provincial&nbsp;<strong>Leticia Esteves<\/strong>, que figuraba primera en la lista del gobernador electo, sali\u00f3 al cruce de la felicitaci\u00f3n de la jefa partidaria.&nbsp;<strong>\u201cPatricia, no apoyaste al PRO<\/strong>&nbsp;y tus referentes fueron&nbsp;<strong>funcionales&nbsp;<\/strong>a los que gobiernan Neuqu\u00e9n hace 60 a\u00f1os. Los hechos dicen m\u00e1s que las palabras\u201d, public\u00f3 en Twitter. Y, para que no queden dudas de su alineamiento, agreg\u00f3:&nbsp;<strong>\u201cGracias Horacio<\/strong>&nbsp;(Rodr\u00edguez Larreta)! Sin tu acompa\u00f1amiento esto no hubiera sido posible\u201d.<\/p>\n\n\n\n<p>Otro punto de&nbsp;<strong>discordia&nbsp;<\/strong>que qued\u00f3 al desnudo fue la reacci\u00f3n de Carri\u00f3 ante el \u201ccoqueteo\u201d de Macri y Bullrich con&nbsp;<strong>Milei&nbsp;<\/strong>y las expresiones en favor de un acuerdo electoral entre JxC y el l\u00edder libertario. \u201c<strong>El problema de la oposici\u00f3n es que Mauricio no quiere estar en JxC<\/strong>. \u00c9l no quiere estar con el radicalismo ni con la Coalici\u00f3n C\u00edvica; lo dijo,&nbsp;<strong>quiere estar con Milei<\/strong>\u201d, se\u00f1al\u00f3 la ex diputada.<\/p>\n\n\n\n<p>A Carri\u00f3 le contestaron \u201chalcones\u201d del PRO como Angelini y el diputado nacional Fernando Iglesias, quien le dedic\u00f3 un tuit duro y sint\u00e9tico en las redes sociales: \u201c<strong>Qu\u00e9 tristeza verte en ese papel\u201d.<\/strong><\/p>\n\n\n\n<p><img decoding=\"async\" loading=\"lazy\" alt=\"Patricia Bullrich habl\u00f3 este lunes a la noche en el Foro Llao Llao\" height=\"576\" width=\"1024\" class=\"\" src=\"https:\/\/cloudfront-us-east-1.images.arcpublishing.com\/infobae\/VAA2Q6PS7FC2HHYZQFK6UE6OYM.jpeg\" srcset=\"https:\/\/www.infobae.com\/new-resizer\/f4Oknrul-dkaF87rw_SEE40n2AQ=\/420x236\/filters:format(webp):quality(85)\/cloudfront-us-east-1.images.arcpublishing.com\/infobae\/VAA2Q6PS7FC2HHYZQFK6UE6OYM.jpeg 420w,https:\/\/www.infobae.com\/new-resizer\/2ev5syfuCR9jA0RmcZnloMbXkFw=\/768x432\/filters:format(webp):quality(85)\/cloudfront-us-east-1.images.arcpublishing.com\/infobae\/VAA2Q6PS7FC2HHYZQFK6UE6OYM.jpeg 768w,https:\/\/www.infobae.com\/new-resizer\/nH00qIHm06A2ztxjiLXEADkJqVA=\/992x558\/filters:format(webp):quality(85)\/cloudfront-us-east-1.images.arcpublishing.com\/infobae\/VAA2Q6PS7FC2HHYZQFK6UE6OYM.jpeg 992w,https:\/\/www.infobae.com\/new-resizer\/wvqOL9B7CTWauzgNZc8MKgWx5us=\/1200x675\/filters:format(webp):quality(85)\/cloudfront-us-east-1.images.arcpublishing.com\/infobae\/VAA2Q6PS7FC2HHYZQFK6UE6OYM.jpeg 1200w,https:\/\/www.infobae.com\/new-resizer\/wzFcv8Ul2lSit2jcIPOPS9XznIo=\/1440x810\/filters:format(webp):quality(85)\/cloudfront-us-east-1.images.arcpublishing.com\/infobae\/VAA2Q6PS7FC2HHYZQFK6UE6OYM.jpeg 1440w\">Patricia Bullrich habl\u00f3 este lunes a la noche en el Foro Llao Llao<\/p>\n\n\n\n<p>Las especulaciones sobre un acuerdo con Milei crecieron luego de que el propio diputado de La Libertad Avanza declar\u00f3: \u201c<strong>Estamos a tiempo de crear un partido e ir a una interna con Patricia Bullrich;<\/strong>&nbsp;el que gana conduce y el que pierde acompa\u00f1a. Ser\u00eda darle una soluci\u00f3n m\u00e1s pura\u201d.<\/p>\n\n\n\n<p>Al hablar en un almuerzo organizado por el Consejo Interamericano de Comercio y Producci\u00f3n (Cicyp), en La Rural, Macri pareci\u00f3 haberle hecho un&nbsp;<strong>gui\u00f1o&nbsp;<\/strong>a Milei la semana pasada al vaticinar que el l\u00edder libertario&nbsp;<strong>entrar\u00eda en un ballotage<\/strong>&nbsp;junto con Juntos por el Cambio. \u201cEs obvio que pienso que&nbsp;<strong>vamos a ir a la segunda vuelta contra esta nueva expresi\u00f3n m\u00e1s liberal, m\u00e1s rupturista,<\/strong>&nbsp;de m\u00e1s enojo con la frustraci\u00f3n que se arrastra durante d\u00e9cadas\u201d, sostuvo el ex presidente.<\/p>\n\n\n\n<p>A la pol\u00e9mica se sum\u00f3 el titular de la UCR,\u00a0<strong>Gerardo Morales,\u00a0<\/strong>quien insisti\u00f3 en que si Macri y Bullrich promueven una alianza con Milei, su partido\u00a0<strong>no formar\u00e1 parte de ese acuerdo.\u00a0<\/strong>\u201cNosotros no tenemos nada que ver con eso\u201d, dijo, luego de lo cual puntualiz\u00f3: \u201cPara m\u00ed, (Milei)\u00a0<strong>est\u00e1 mal de la cabeza, es un desquiciado.\u00a0<\/strong>Ni me interesa cu\u00e1l es la opini\u00f3n de esa persona. Si nos proponen la venta de \u00f3rganos, la libre circulaci\u00f3n de armas, la eliminaci\u00f3n del Banco Central y la eliminaci\u00f3n de la educaci\u00f3n p\u00fablica,\u00a0<strong>no cuenten con nosotros\u201d,\u00a0<\/strong>advirti\u00f3 el candidato presidencial del radicalismo.<\/p>\n\n\n\n<p>Fuente: Infobae<\/p>\n","protected":false},"excerpt":{"rendered":"<div class=\"mh-excerpt\"><p>Mauricio Macri&nbsp;viaj\u00f3 anoche a Rep\u00fablica Dominicana para dar una charla junto con otros ex presidentes latinoamericanos, pero su agenda internacional no le impide seguir&nbsp;monitoreando&nbsp;la crisis en el PRO. El ex mandatario fue el primero que se enter\u00f3 de la propuesta de&nbsp;Mar\u00eda Eugenia Vidal&nbsp;para que los candidatos del partido&nbsp;bajen&nbsp;sus candidaturas y \u201cvuelvan a empezar\u201d la discusi\u00f3n electoral. \u00bfQu\u00e9 piensa sobre esa idea?&nbsp;\u201cQue es algo de Mar\u00eda Eugenia y sus buenas intenciones\u201d,&nbsp;dijeron en su entorno. Cuando este jueves regrese al pa\u00eds comenzar\u00e1 una serie de contactos para ayudar a destrabar el conflicto del PRO: se ver\u00e1 con&nbsp;Federico Angelini,&nbsp;quien asumir\u00e1 esta semana como <a class=\"mh-excerpt-more\" href=\"http:\/\/dsrmedios.com.ar\/diario\/archivos\/31159\" title=\"Crisis en el PRO: Macri no descarta reunirse con Larreta y Angelini, el nuevo jefe del partido, pedir\u00e1 una tregua interna\">[Leer m\u00e1s]<\/a><\/p>\n<\/div>","protected":false},"author":6,"featured_media":4948,"comment_status":"open","ping_status":"closed","sticky":false,"template":"","format":"standard","meta":{"_jetpack_newsletter_access":""},"categories":[6],"tags":[],"jetpack_featured_media_url":"http:\/\/dsrmedios.com.ar\/diario\/wp-content\/uploads\/2018\/03\/macri-presidente.jpg","jetpack_sharing_enabled":true,"jetpack_shortlink":"https:\/\/wp.me\/p9fihK-86z","_links":{"self":[{"href":"http:\/\/dsrmedios.com.ar\/diario\/wp-json\/wp\/v2\/posts\/31159"}],"collection":[{"href":"http:\/\/dsrmedios.com.ar\/diario\/wp-json\/wp\/v2\/posts"}],"about":[{"href":"http:\/\/dsrmedios.com.ar\/diario\/wp-json\/wp\/v2\/types\/post"}],"author":[{"embeddable":true,"href":"http:\/\/dsrmedios.com.ar\/diario\/wp-json\/wp\/v2\/users\/6"}],"replies":[{"embeddable":true,"href":"http:\/\/dsrmedios.com.ar\/diario\/wp-json\/wp\/v2\/comments?post=31159"}],"version-history":[{"count":1,"href":"http:\/\/dsrmedios.com.ar\/diario\/wp-json\/wp\/v2\/posts\/31159\/revisions"}],"predecessor-version":[{"id":31160,"href":"http:\/\/dsrmedios.com.ar\/diario\/wp-json\/wp\/v2\/posts\/31159\/revisions\/31160"}],"wp:featuredmedia":[{"embeddable":true,"href":"http:\/\/dsrmedios.com.ar\/diario\/wp-json\/wp\/v2\/media\/4948"}],"wp:attachment":[{"href":"http:\/\/dsrmedios.com.ar\/diario\/wp-json\/wp\/v2\/media?parent=31159"}],"wp:term":[{"taxonomy":"category","embeddable":true,"href":"http:\/\/dsrmedios.com.ar\/diario\/wp-json\/wp\/v2\/categories?post=31159"},{"taxonomy":"post_tag","embeddable":true,"href":"http:\/\/dsrmedios.com.ar\/diario\/wp-json\/wp\/v2\/tags?post=31159"}],"curies":[{"name":"wp","href":"https:\/\/api.w.org\/{rel}","templated":true}]}}