{"id":31154,"date":"2023-04-18T07:36:29","date_gmt":"2023-04-18T10:36:29","guid":{"rendered":"http:\/\/dsrmedios.com.ar\/diario\/?p=31154"},"modified":"2023-04-18T07:36:32","modified_gmt":"2023-04-18T10:36:32","slug":"mientras-sale-de-campana-por-el-interior-milei-insiste-en-ir-a-una-paso-con-el-pro-sin-palomas","status":"publish","type":"post","link":"http:\/\/dsrmedios.com.ar\/diario\/archivos\/31154","title":{"rendered":"Mientras sale de campa\u00f1a por el interior, Milei insiste en ir a una PASO con el PRO \u201csin palomas\u201d"},"content":{"rendered":"\n<p>Uno de los actores que busca ser protagonista de las pr\u00f3ximas elecciones presidenciales es el l\u00edder de La Libertad Avanza,&nbsp;<a href=\"https:\/\/tn.com.ar\/politica\/2023\/04\/16\/elecciones-en-neuquen-y-rio-negro-los-dos-candidatos-de-javier-milei-terminaron-cuartos\/\" target=\"_blank\" rel=\"noreferrer noopener\"><strong>Javier Milei<\/strong><\/a>. Desde hace tiempo quiere hacerse un lugar en la pol\u00edtica argentina, pese a que reniega de la dirigencia a la que llama \u201cla casta\u201d. En cualquier caso, es uno de los precandidatos a suceder a<a href=\"https:\/\/tn.com.ar\/politica\/2023\/04\/17\/kicillof-no-descarta-desdoblar-las-elecciones-generales-para-complicar-las-aspiraciones-del-presidente\/\" target=\"_blank\" rel=\"noreferrer noopener\">&nbsp;<strong>Alberto Fern\u00e1ndez<\/strong><\/a>&nbsp;y est\u00e1 de campa\u00f1a.<\/p>\n\n\n\n<p>En ese derrotero, Milei no escatima recursos. Se forj\u00f3 en los medios de comunicaci\u00f3n en su rol de analista econ\u00f3mico y ahora los utiliza para enviar mensajes y sumar en su camino a las PASO. Este lunes desliz\u00f3 que considerar\u00eda ir a unas internas abiertas con la precandidata del PRO\u00a0<a rel=\"noreferrer noopener\" href=\"https:\/\/tn.com.ar\/politica\/2023\/04\/17\/patricia-bullrich-rechazo-la-propuesta-de-javier-milei-de-ir-a-una-interna-juntos-soy-de-jxc-punto-final\/\" target=\"_blank\"><strong>Patricia Bullrich<\/strong>\u00a0<\/a>y que\u00a0<strong>\u201csi gana ella, acompa\u00f1o\u201d<\/strong>. Esto gener\u00f3 reacciones en el partido amarillo donde r\u00e1pidamente descartaron la posibilidad.<\/p>\n\n\n\n<p>A pesar de este ruido medi\u00e1tico atravesado por la coyuntura de una indefinici\u00f3n general de las fuerzas pol\u00edticas de uno y otro lado de la grieta a poco m\u00e1s de dos meses para el cierre de listas, el l\u00edder libertario no se detiene y se enfoca en la campa\u00f1a. En efecto, este mismo lunes ya dej\u00f3 la Ciudad de Buenos Aires para iniciar un raid que lo llevar\u00e1 del sur al norte.<\/p>\n\n\n\n<p>Milei viaj\u00f3 para participar del<a href=\"https:\/\/tn.com.ar\/politica\/2023\/04\/17\/los-principales-empresarios-del-pais-se-reunen-para-escuchar-propuestas-de-los-precandidatos-presidenciales\/\" target=\"_blank\" rel=\"noreferrer noopener\"><strong>foro de empresarios en Llao Llao<\/strong><\/a>, Bariloche, donde expondr\u00e1 el martes. Luego, tiene previsto en las pr\u00f3ximas semanas dos viajes de importancia para su campa\u00f1a: visitar\u00e1 La Rioja para apuntalar al candidato&nbsp;<strong>Mart\u00edn Menem<\/strong>&nbsp;y luego ir\u00e1 a Tucum\u00e1n para respaldar a&nbsp;<strong>Ricardo Bussi<\/strong>, una semana antes de los comicios en el norte.<\/p>\n\n\n\n<p><\/p>\n\n\n\n<p>Respecto de las declaraciones de Milei de las \u00faltimas horas, en su entorno sostienen que lo viene diciendo desde el 2021. \u201cEst\u00e1 dispuesto a compartir un espacio con los halcones del PRO (Macri y Bullrich), con los peronistas disidentes encolumnados con ellos (Pichetto, de la Torre, Ritondo). Pero<strong>&nbsp;s\u00ed o s\u00ed tienen que sacarse de encima a las palomas (Larreta y Vidal) al radicalismo y a la Coalici\u00f3n C\u00edvica\u201d,&nbsp;<\/strong>afirmaron desde las filas libertarias a&nbsp;<strong>TN.<\/strong><\/p>\n\n\n\n<figure class=\"wp-block-image\"><img decoding=\"async\" src=\"https:\/\/tn.com.ar\/resizer\/9XrBEssrQFFpMCZKm3vrC8tsMpw=\/767x0\/smart\/filters:format(webp)\/cloudfront-us-east-1.images.arcpublishing.com\/artear\/NUTFQRIT2NCLVKV3MP5EK5B2ZI.jpg\" alt=\"Javier Milei visit\u00f3 Ushuaia y fue recibido por una multitud. (Foto: Prensa Javier Milei)\"\/><figcaption class=\"wp-element-caption\">Javier Milei visit\u00f3 Ushuaia y fue recibido por una multitud. (Foto: Prensa Javier Milei)<\/figcaption><\/figure>\n\n\n\n<p>Sobre los resultados en las elecciones en la Patagonia de este domingo, creen que se dirimieron cuestiones exclusivamente provinciales, con lo cual es muy dif\u00edcil hacer un paralelismo nacional.\u201c<strong>Hacer una lectura de c\u00f3mo van a votar en una presidencial es imposible.&nbsp;<\/strong>El peronismo no va a sacar el 12%, mucho menos Juntos por el Cambio lo que sac\u00f3 y Javier tambi\u00e9n va a sacar mucho m\u00e1s\u201d, explican los libertarios.<\/p>\n\n\n\n<p>No obstante, en La Libertad Avanza ven con buenos ojos la cosecha en las elecciones de R\u00edo Negro, Neuqu\u00e9n y Trelew. En las primeras dos terminaron cuartos, mientras que&nbsp;<strong>en Chubut finalizaron terceros.&nbsp;<\/strong>El dato es que en la tierra de Vaca Muerta, del 30% de los votos que no se polariz\u00f3, se quedaron con cerca del 8%. En la provincia vecina, el saldo es similar: del 34% por fuera de los dos primeros lugares, se quedaron con el 9% y quedaron a un punto del peronismo.<\/p>\n\n\n\n<p>El caso de Trelew merece un p\u00e1rrafo aparte, ya que el candidato fue el&nbsp;<strong>exintendente peronista Gustavo Mac Karthy<\/strong>, quien al no poder ser el candidato de la unidad del Frente de Todos utiliz\u00f3 el sello del representante de Milei en la provincia de Chubut, C\u00e9sar Treffinger, para competir. Y sum\u00f3 para los libertarios: termin\u00f3 tercero con el<strong>&nbsp;15 por ciento de los votos<\/strong>. A d\u00e9cimas de sus excompa\u00f1eros del FdT.<\/p>\n\n\n\n<p>D\u00edas atr\u00e1s, Milei estuvo en Ushuaia y antes hab\u00eda visitado Bariloche, San Mart\u00edn de Los Andes, Comodoro Rivadavia y Puerto Madryn. En todos los lugares fue recibido por un buen n\u00famero de personas.<\/p>\n\n\n\n<p>Fuente: TN<\/p>\n","protected":false},"excerpt":{"rendered":"<div class=\"mh-excerpt\"><p>Uno de los actores que busca ser protagonista de las pr\u00f3ximas elecciones presidenciales es el l\u00edder de La Libertad Avanza,&nbsp;Javier Milei. Desde hace tiempo quiere hacerse un lugar en la pol\u00edtica argentina, pese a que reniega de la dirigencia a la que llama \u201cla casta\u201d. En cualquier caso, es uno de los precandidatos a suceder a&nbsp;Alberto Fern\u00e1ndez&nbsp;y est\u00e1 de campa\u00f1a. En ese derrotero, Milei no escatima recursos. Se forj\u00f3 en los medios de comunicaci\u00f3n en su rol de analista econ\u00f3mico y ahora los utiliza para enviar mensajes y sumar en su camino a las PASO. Este lunes desliz\u00f3 que considerar\u00eda <a class=\"mh-excerpt-more\" href=\"http:\/\/dsrmedios.com.ar\/diario\/archivos\/31154\" title=\"Mientras sale de campa\u00f1a por el interior, Milei insiste en ir a una PASO con el PRO \u201csin palomas\u201d\">[Leer m\u00e1s]<\/a><\/p>\n<\/div>","protected":false},"author":6,"featured_media":31089,"comment_status":"open","ping_status":"closed","sticky":false,"template":"","format":"standard","meta":{"_jetpack_newsletter_access":""},"categories":[6],"tags":[],"jetpack_featured_media_url":"http:\/\/dsrmedios.com.ar\/diario\/wp-content\/uploads\/2023\/04\/519737.jpg","jetpack_sharing_enabled":true,"jetpack_shortlink":"https:\/\/wp.me\/p9fihK-86u","_links":{"self":[{"href":"http:\/\/dsrmedios.com.ar\/diario\/wp-json\/wp\/v2\/posts\/31154"}],"collection":[{"href":"http:\/\/dsrmedios.com.ar\/diario\/wp-json\/wp\/v2\/posts"}],"about":[{"href":"http:\/\/dsrmedios.com.ar\/diario\/wp-json\/wp\/v2\/types\/post"}],"author":[{"embeddable":true,"href":"http:\/\/dsrmedios.com.ar\/diario\/wp-json\/wp\/v2\/users\/6"}],"replies":[{"embeddable":true,"href":"http:\/\/dsrmedios.com.ar\/diario\/wp-json\/wp\/v2\/comments?post=31154"}],"version-history":[{"count":1,"href":"http:\/\/dsrmedios.com.ar\/diario\/wp-json\/wp\/v2\/posts\/31154\/revisions"}],"predecessor-version":[{"id":31155,"href":"http:\/\/dsrmedios.com.ar\/diario\/wp-json\/wp\/v2\/posts\/31154\/revisions\/31155"}],"wp:featuredmedia":[{"embeddable":true,"href":"http:\/\/dsrmedios.com.ar\/diario\/wp-json\/wp\/v2\/media\/31089"}],"wp:attachment":[{"href":"http:\/\/dsrmedios.com.ar\/diario\/wp-json\/wp\/v2\/media?parent=31154"}],"wp:term":[{"taxonomy":"category","embeddable":true,"href":"http:\/\/dsrmedios.com.ar\/diario\/wp-json\/wp\/v2\/categories?post=31154"},{"taxonomy":"post_tag","embeddable":true,"href":"http:\/\/dsrmedios.com.ar\/diario\/wp-json\/wp\/v2\/tags?post=31154"}],"curies":[{"name":"wp","href":"https:\/\/api.w.org\/{rel}","templated":true}]}}