{"id":31148,"date":"2023-04-18T07:32:22","date_gmt":"2023-04-18T10:32:22","guid":{"rendered":"http:\/\/dsrmedios.com.ar\/diario\/?p=31148"},"modified":"2023-04-18T07:32:25","modified_gmt":"2023-04-18T10:32:25","slug":"javier-andres-inauguro-en-gascon-un-monumento-conmemorativo-de-las-malvinas","status":"publish","type":"post","link":"http:\/\/dsrmedios.com.ar\/diario\/archivos\/31148","title":{"rendered":"<strong>Javier Andres inaugur\u00f3 en Gasc\u00f3n un monumento conmemorativo de las Malvinas\u00a0<\/strong>"},"content":{"rendered":"\n<p>En el marco del 116\u00b0 aniversario de Gasc\u00f3n, el Intendente Javier Andres inaugur\u00f3 en la localidad un monumento conmemorativo de las Malvinas a 41 a\u00f1os del conflicto del Atl\u00e1ntico Sur.<\/p>\n\n\n\n<p>Cont\u00f3 con la presencia de veteranos de la guerra, autoridades municipales y educativas, instituciones y un importante marco de p\u00fablico. Se llev\u00f3 a cabo en la calle principal de Gasc\u00f3n en donde se inaugur\u00f3 el monumento aleg\u00f3rico.<\/p>\n\n\n\n<p>Los ex combatientes Jorge Robles y Nelson Selesan dirigieron unas&nbsp;palabras en las que remarcaron que a 41 a\u00f1os de la guerra, Argentina se encuentra en la etapa de malvinizaci\u00f3n. &nbsp;<\/p>\n\n\n\n<p>En sus palabras el Intendente Javier Andres hizo referencia que con la colocaci\u00f3n de este monumento se est\u00e1 avanzando en la malvinizaci\u00f3n de Adolfo Alsina.<br>&#8220;Porque Malvinas es la causa de todos. Malvinas nos une.&nbsp;Y hoy, con este monumento de Malvinas logramos llegar a cada pueblo con nuestro homenaje. Porque es nuestro deber honrar la memoria de nuestros h\u00e9roes de Malvinas. De nuestros queridos pibes de Malvinas\u201d.<\/p>\n\n\n\n<p>Finalizado el acto, los presentes colocaron una ofrenda floral ante el monumento.<\/p>\n","protected":false},"excerpt":{"rendered":"<div class=\"mh-excerpt\"><p>En el marco del 116\u00b0 aniversario de Gasc\u00f3n, el Intendente Javier Andres inaugur\u00f3 en la localidad un monumento conmemorativo de las Malvinas a 41 a\u00f1os del conflicto del Atl\u00e1ntico Sur. Cont\u00f3 con la presencia de veteranos de la guerra, autoridades municipales y educativas, instituciones y un importante marco de p\u00fablico. Se llev\u00f3 a cabo en la calle principal de Gasc\u00f3n en donde se inaugur\u00f3 el monumento aleg\u00f3rico. Los ex combatientes Jorge Robles y Nelson Selesan dirigieron unas&nbsp;palabras en las que remarcaron que a 41 a\u00f1os de la guerra, Argentina se encuentra en la etapa de malvinizaci\u00f3n. &nbsp; En sus palabras <a class=\"mh-excerpt-more\" href=\"http:\/\/dsrmedios.com.ar\/diario\/archivos\/31148\" title=\"Javier Andres inaugur\u00f3 en Gasc\u00f3n un monumento conmemorativo de las Malvinas\u00a0\">[Leer m\u00e1s]<\/a><\/p>\n<\/div>","protected":false},"author":6,"featured_media":31149,"comment_status":"open","ping_status":"closed","sticky":false,"template":"","format":"standard","meta":{"_jetpack_newsletter_access":""},"categories":[31,5],"tags":[],"jetpack_featured_media_url":"http:\/\/dsrmedios.com.ar\/diario\/wp-content\/uploads\/2023\/04\/DSC_0075-scaled.jpg","jetpack_sharing_enabled":true,"jetpack_shortlink":"https:\/\/wp.me\/p9fihK-86o","_links":{"self":[{"href":"http:\/\/dsrmedios.com.ar\/diario\/wp-json\/wp\/v2\/posts\/31148"}],"collection":[{"href":"http:\/\/dsrmedios.com.ar\/diario\/wp-json\/wp\/v2\/posts"}],"about":[{"href":"http:\/\/dsrmedios.com.ar\/diario\/wp-json\/wp\/v2\/types\/post"}],"author":[{"embeddable":true,"href":"http:\/\/dsrmedios.com.ar\/diario\/wp-json\/wp\/v2\/users\/6"}],"replies":[{"embeddable":true,"href":"http:\/\/dsrmedios.com.ar\/diario\/wp-json\/wp\/v2\/comments?post=31148"}],"version-history":[{"count":1,"href":"http:\/\/dsrmedios.com.ar\/diario\/wp-json\/wp\/v2\/posts\/31148\/revisions"}],"predecessor-version":[{"id":31150,"href":"http:\/\/dsrmedios.com.ar\/diario\/wp-json\/wp\/v2\/posts\/31148\/revisions\/31150"}],"wp:featuredmedia":[{"embeddable":true,"href":"http:\/\/dsrmedios.com.ar\/diario\/wp-json\/wp\/v2\/media\/31149"}],"wp:attachment":[{"href":"http:\/\/dsrmedios.com.ar\/diario\/wp-json\/wp\/v2\/media?parent=31148"}],"wp:term":[{"taxonomy":"category","embeddable":true,"href":"http:\/\/dsrmedios.com.ar\/diario\/wp-json\/wp\/v2\/categories?post=31148"},{"taxonomy":"post_tag","embeddable":true,"href":"http:\/\/dsrmedios.com.ar\/diario\/wp-json\/wp\/v2\/tags?post=31148"}],"curies":[{"name":"wp","href":"https:\/\/api.w.org\/{rel}","templated":true}]}}