{"id":31108,"date":"2023-04-17T09:19:20","date_gmt":"2023-04-17T12:19:20","guid":{"rendered":"http:\/\/dsrmedios.com.ar\/diario\/?p=31108"},"modified":"2023-04-17T09:19:22","modified_gmt":"2023-04-17T12:19:22","slug":"javier-milei-aseguro-que-estaria-dispuesto-a-ir-a-internas-con-patricia-bullrich-si-gana-ella-acompano","status":"publish","type":"post","link":"http:\/\/dsrmedios.com.ar\/diario\/archivos\/31108","title":{"rendered":"Javier Milei asegur\u00f3 que estar\u00eda dispuesto a ir a internas con Patricia Bullrich: \u201cSi gana ella, acompa\u00f1o\u201d"},"content":{"rendered":"\n<p>Fiel a su estilo y con la interna de Juntos por el Cambio en uno de sus p\u00fantos m\u00e1s \u00e1lgidos, la exdiputada de la Coalici\u00f3n C\u00edvica,&nbsp;<a href=\"https:\/\/tn.com.ar\/tags\/elisa-carrio\/?gclid=CjwKCAjw3POhBhBQEiwAqTCuBn8TMvQz18Ag9XqdHRysMgx_59tTAZUPQ3O_BT0lSrIRcrcuzH1XwBoCxsYQAvD_BwE\" target=\"_blank\" rel=\"noreferrer noopener\"><strong>Elisa \u2018Lilita\u2019 Carri\u00f3<\/strong><\/a><strong>,<\/strong>&nbsp;asegur\u00f3 que el expresidente&nbsp;<a href=\"https:\/\/tn.com.ar\/tags\/mauricio-macri\/\" target=\"_blank\" rel=\"noreferrer noopener\"><strong>Mauricio Macri<\/strong><\/a>&nbsp;<strong>\u201cno quiere estar en JxC\u201d,<\/strong>&nbsp;sino que desea compartir un armado pol\u00edtico con&nbsp;<a href=\"https:\/\/tn.com.ar\/tags\/javier-milei\/\" target=\"_blank\" rel=\"noreferrer noopener\"><strong>Javier Milei<\/strong><\/a>. Sus declaraciones motivaron una fuerte respuesta por parte del economista a trav\u00e9s de sus redes sociales.<\/p>\n\n\n\n<p>\u201cQuiero lograr la unidad de Juntos por el Cambio.\u00a0<strong>Macri no quiere estar en JxC, \u00e9l quiere estar con Milei.<\/strong>\u00a0Conozco mucho a Mauricio y lo acompa\u00f1\u00e9 durante su gobierno\u201d, lanz\u00f3 Carri\u00f3 durante una entrevista.<\/p>\n\n\n\n<p>La respuesta del libertario no tard\u00f3 en llegar y a trav\u00e9s de twitter, apunt\u00f3: \u201cTraidores y arrastrados. Esto son los pol\u00edticos casta argentos (sic).&nbsp;<strong>Se colgaron de Mauricio Macri durante 20 a\u00f1os para robar cargos y ahora lo escupen. Nada bueno puede salir de un traidor<\/strong>\u201d.<\/p>\n\n\n\n<p>El candidato presidencial de La Libertad Avanza ha defendido en varias ocasiones a s\u00f3lo dos personas de lo que \u00e9l denomina la \u201ccasta pol\u00edtica\u201d dentro de la coalici\u00f3n opositora: al expresidente Macri y a su exminstra de Seguridad,&nbsp;<strong>Patricia Bullrich<\/strong>.<\/p>\n\n\n\n<p>En tanto, no es la primera vez que Carri\u00f3 realiza cr\u00edticas de manera p\u00fablica a Milei y, en la misma entrevista del domingo, se\u00f1al\u00f3: \u201cVeo la violencia y las cosas que se dijeron de Florencia Kirchner, que violan su intimidad, o&nbsp;<strong>las cosas que dice Milei y pienso que hay que alejarse del mal.<\/strong>&nbsp;Son como la contracara de Cristina\u201d.<\/p>\n\n\n\n<p><strong>\u201cHay un nuevo rumbo que va al autoritarismo. El discurso de Trump no es distinto del de Milei\u201d<\/strong>, insisti\u00f3.<\/p>\n\n\n\n<figure class=\"wp-block-image\"><img decoding=\"async\" src=\"https:\/\/tn.com.ar\/resizer\/dGJLFtZb_Yt5quU2kOyRkAcVQq4=\/767x0\/smart\/filters:format(webp)\/cloudfront-us-east-1.images.arcpublishing.com\/artear\/EFT7KP7GEBHVRKUV3LEVYRW5UM.jpg\" alt=\"La presidenta del PRO y el economista se saludaron tiempo atr\u00e1s durante una marcha en contra del Gobierno en el marco de la estricta cuarentena por la pandemia. \"\/><figcaption class=\"wp-element-caption\">La presidenta del PRO y el economista se saludaron tiempo atr\u00e1s durante una marcha en contra del Gobierno en el marco de la estricta cuarentena por la pandemia.Por:&nbsp;<strong>TN.com.ar<\/strong><\/figcaption><\/figure>\n\n\n\n<h2>Elecciones en Neuqu\u00e9n y R\u00edo Negro: los dos candidatos de Javier Milei terminaron cuartos<\/h2>\n\n\n\n<p>Este domingo se llevaron adelante las<a href=\"https:\/\/tn.com.ar\/politica\/2023\/04\/16\/gano-rolando-figueroa-en-neuquen-la-felicitacion-de-rodriguez-larreta-y-mauricio-macri\/\"><strong>elecciones a gobernador<\/strong><\/a>&nbsp;en las provincias de Neuqu\u00e9n y R\u00edo Negro. En este contexto, el precandidato a presidente por Libertad Avanza,<a href=\"https:\/\/tn.com.ar\/politica\/2023\/04\/16\/elecciones-en-neuquen-y-rio-negro-los-dos-candidatos-de-javier-milei-terminaron-cuartos\/\"><strong>Javier Milei<\/strong><\/a>, present\u00f3 sus candidatos y mostr\u00f3 su poder de fuego en su primera prueba a nivel nacional.<\/p>\n\n\n\n<p>En Neuqu\u00e9n, tuvo como candidato a gobernador al empresario de medios local\u00a0<strong>Carlos Egu\u00eda<\/strong>, quien obtuvo\u00a0<strong>alrededor del 8%<\/strong>\u00a0de los votos y termin\u00f3 en la\u00a0<strong>cuarta posici\u00f3n,<\/strong>\u00a0justo debajo de Ram\u00f3n Rioseco,\u00a0<strong>el candidato del Frente de To<\/strong>dos.<\/p>\n\n\n\n<p>Mientras que en R\u00edo Negro lo tuvo al intendente de Campo Grande,\u00a0<strong>Ariel Rivero<\/strong>, el cual cosech\u00f3\u00a0<strong>un poco m\u00e1s del 9%<\/strong>\u00a0de los votos y tambi\u00e9n\u00a0<strong>finaliz\u00f3 cuarto<\/strong>.<\/p>\n\n\n\n<p>Fuente: TN<\/p>\n","protected":false},"excerpt":{"rendered":"<div class=\"mh-excerpt\"><p>Fiel a su estilo y con la interna de Juntos por el Cambio en uno de sus p\u00fantos m\u00e1s \u00e1lgidos, la exdiputada de la Coalici\u00f3n C\u00edvica,&nbsp;Elisa \u2018Lilita\u2019 Carri\u00f3,&nbsp;asegur\u00f3 que el expresidente&nbsp;Mauricio Macri&nbsp;\u201cno quiere estar en JxC\u201d,&nbsp;sino que desea compartir un armado pol\u00edtico con&nbsp;Javier Milei. Sus declaraciones motivaron una fuerte respuesta por parte del economista a trav\u00e9s de sus redes sociales. \u201cQuiero lograr la unidad de Juntos por el Cambio.\u00a0Macri no quiere estar en JxC, \u00e9l quiere estar con Milei.\u00a0Conozco mucho a Mauricio y lo acompa\u00f1\u00e9 durante su gobierno\u201d, lanz\u00f3 Carri\u00f3 durante una entrevista. La respuesta del libertario no tard\u00f3 en <a class=\"mh-excerpt-more\" href=\"http:\/\/dsrmedios.com.ar\/diario\/archivos\/31108\" title=\"Javier Milei asegur\u00f3 que estar\u00eda dispuesto a ir a internas con Patricia Bullrich: \u201cSi gana ella, acompa\u00f1o\u201d\">[Leer m\u00e1s]<\/a><\/p>\n<\/div>","protected":false},"author":6,"featured_media":30790,"comment_status":"open","ping_status":"closed","sticky":false,"template":"","format":"standard","meta":{"_jetpack_newsletter_access":""},"categories":[6],"tags":[],"jetpack_featured_media_url":"http:\/\/dsrmedios.com.ar\/diario\/wp-content\/uploads\/2023\/04\/descarga-5.jpg","jetpack_sharing_enabled":true,"jetpack_shortlink":"https:\/\/wp.me\/p9fihK-85K","_links":{"self":[{"href":"http:\/\/dsrmedios.com.ar\/diario\/wp-json\/wp\/v2\/posts\/31108"}],"collection":[{"href":"http:\/\/dsrmedios.com.ar\/diario\/wp-json\/wp\/v2\/posts"}],"about":[{"href":"http:\/\/dsrmedios.com.ar\/diario\/wp-json\/wp\/v2\/types\/post"}],"author":[{"embeddable":true,"href":"http:\/\/dsrmedios.com.ar\/diario\/wp-json\/wp\/v2\/users\/6"}],"replies":[{"embeddable":true,"href":"http:\/\/dsrmedios.com.ar\/diario\/wp-json\/wp\/v2\/comments?post=31108"}],"version-history":[{"count":1,"href":"http:\/\/dsrmedios.com.ar\/diario\/wp-json\/wp\/v2\/posts\/31108\/revisions"}],"predecessor-version":[{"id":31109,"href":"http:\/\/dsrmedios.com.ar\/diario\/wp-json\/wp\/v2\/posts\/31108\/revisions\/31109"}],"wp:featuredmedia":[{"embeddable":true,"href":"http:\/\/dsrmedios.com.ar\/diario\/wp-json\/wp\/v2\/media\/30790"}],"wp:attachment":[{"href":"http:\/\/dsrmedios.com.ar\/diario\/wp-json\/wp\/v2\/media?parent=31108"}],"wp:term":[{"taxonomy":"category","embeddable":true,"href":"http:\/\/dsrmedios.com.ar\/diario\/wp-json\/wp\/v2\/categories?post=31108"},{"taxonomy":"post_tag","embeddable":true,"href":"http:\/\/dsrmedios.com.ar\/diario\/wp-json\/wp\/v2\/tags?post=31108"}],"curies":[{"name":"wp","href":"https:\/\/api.w.org\/{rel}","templated":true}]}}