{"id":31103,"date":"2023-04-17T07:22:13","date_gmt":"2023-04-17T10:22:13","guid":{"rendered":"http:\/\/dsrmedios.com.ar\/diario\/?p=31103"},"modified":"2023-04-17T07:22:17","modified_gmt":"2023-04-17T10:22:17","slug":"diputados-el-oficialismo-busca-una-reforma-clave-de-la-ley-antilavado-pero-debera-negociar-con-la-oposicion","status":"publish","type":"post","link":"http:\/\/dsrmedios.com.ar\/diario\/archivos\/31103","title":{"rendered":"Diputados: el oficialismo busca una reforma clave de la ley antilavado, pero deber\u00e1 negociar con la oposici\u00f3n"},"content":{"rendered":"\n<p>El oficialismo busca&nbsp;<strong>sesionar el pr\u00f3ximo mi\u00e9rcoles<\/strong>&nbsp;en&nbsp;<a href=\"https:\/\/tn.com.ar\/campo\/2023\/04\/10\/avanza-el-proyecto-de-ley-de-agrobioindustria-en-diputados-con-modificaciones-y-consensos\/\" target=\"_blank\" rel=\"noreferrer noopener\">Diputados<\/a>&nbsp;para aprobar el proyecto de ley que&nbsp;<strong>modifica la norma vigente de lavado de activos<\/strong>. Se trata de un reclamo de organismos internacionales, una reforma que el ministerio de Econom\u00eda considera clave y que qued\u00f3 frenada en plena pelea entre el Frente de Todos y Juntos por el Cambio. Sin mayor\u00eda ni control del quorum, ser\u00e1n d\u00edas intensos de&nbsp;<strong>negociaci\u00f3n con la oposici\u00f3n<\/strong>.<\/p>\n\n\n\n<p>La sesi\u00f3n fue solicitada por el jefe del bloque del FdT, Germ\u00e1n Mart\u00ednez, en medio de conversaciones con JxC. El temario incluye una serie de\u00a0<strong>proyectos de bajo grado de conflictividad<\/strong>, como el que establece acompa\u00f1amiento a familias con un miembro con s\u00edndrome de Down y un acuerdo de reconocimiento de t\u00edtulos de grado de educaci\u00f3n superior en el Mercosur, entre otros.<\/p>\n\n\n\n<p>Pero tambi\u00e9n se incorpor\u00f3 en el listado la&nbsp;<strong>reforma de la ley antilavado<\/strong>, que hasta hoy no<strong>&nbsp;tiene dictamen de comisi\u00f3n<\/strong>. De hecho, en noviembre hab\u00eda comenzado a ser analizado, pero luego quedo trabado como muchos otros proyectos en la&nbsp;<strong>par\u00e1lisis del Congreso<\/strong>, consecuencia, entre otras disputas, de la pelea entre oficialismo y oposici\u00f3n por el&nbsp;<a href=\"https:\/\/tn.com.ar\/politica\/2023\/04\/12\/estela-de-carlotto-y-german-garavano-expusieron-ante-diputados-por-el-pedido-de-juicio-politico-a-la-corte\/\" target=\"_blank\" rel=\"noreferrer noopener\">juicio pol\u00edtico a la Corte Suprema<\/a>.<\/p>\n\n\n\n<figure class=\"wp-block-image\"><img decoding=\"async\" src=\"https:\/\/tn.com.ar\/resizer\/ibDUKiXRSSb0y9tgqdHWSRl4Qsk=\/767x0\/smart\/filters:format(webp)\/cloudfront-us-east-1.images.arcpublishing.com\/artear\/L2LS4RU5BFHMTD3FCWLJS5OPBI.jpg\" alt=\"Sergio Massa y el jefe del bloque del Frente de Todos, German Mart\u00ednez antes de la sesi\u00f3n de diputados para debatir Boleta \u00danica (Foto: T\u00e9lam).\"\/><figcaption class=\"wp-element-caption\">Sergio Massa y el jefe del bloque del Frente de Todos, German Mart\u00ednez antes de la sesi\u00f3n de diputados para debatir Boleta \u00danica (Foto: T\u00e9lam).<\/figcaption><\/figure>\n\n\n\n<p>El texto propone otorgarle una&nbsp;<strong>mayor autonom\u00eda a la Unidad de Informaci\u00f3n Financiera (UIF)<\/strong>, el organismo estatal encargado del an\u00e1lisis, el tratamiento y la transmisi\u00f3n de informaci\u00f3n para prevenir el lavado de activos provenientes de delitos graves. Tambi\u00e9n&nbsp;<strong>ampl\u00eda la cantidad de operaciones que se deben informar<\/strong>&nbsp;a la UIF e incorpora a los proveedores de servicios de&nbsp;<strong>activos virtuales.<\/strong><\/p>\n\n\n\n<p>Para el martes, un d\u00eda antes de la sesi\u00f3n solicitada, fue convocado un plenario de las&nbsp;<strong>comisiones de Finanzas y Legislaci\u00f3n General y Legislaci\u00f3n Penal,<\/strong>&nbsp;para intentar emitir un dictamen.<\/p>\n\n\n\n<figure class=\"wp-block-image\"><img decoding=\"async\" src=\"https:\/\/tn.com.ar\/resizer\/BDE2Pt0YJ7cscl9uVfhWn5bHta0=\/767x0\/smart\/filters:format(webp)\/cloudfront-us-east-1.images.arcpublishing.com\/artear\/WRYLQQJ4DJBSVGKK3IJD43WK5A.jpg\" alt=\"El diputado nacional del PRO, Pablo Tonelli (Foto: NA).\"\/><figcaption class=\"wp-element-caption\">El diputado nacional del PRO, Pablo Tonelli (Foto: NA).<\/figcaption><\/figure>\n\n\n\n<p>Ahora bien, en la&nbsp;<strong>oposici\u00f3n plantean modificaciones<\/strong>. Por Juntos por el Cambio, las negociaciones las lleva el diputado del PRO Pablo Tonelli, que se reunir\u00e1 a inicios de semana con Germ\u00e1n Mart\u00ednez. La Coalici\u00f3n C\u00edvica reclama mayor&nbsp;<strong>transparencia en la designaci\u00f3n del presidente de la UIF<\/strong>. El resto de JxC tambi\u00e9n exige que quede explicitada la posibilidad de la UIF de ser&nbsp;<strong>querellante en causas<\/strong>&nbsp;por hechos que denuncie.<\/p>\n\n\n\n<p>Pero no solo juega JxC en las negociaciones. Ser\u00e1 determinante la postura que adopte el&nbsp;<strong>Interbloque Federal<\/strong>, que integran 8 diputados del peronismo bonaerense, del peronismo cordob\u00e9s y del socialismo santafecino, y que encabeza&nbsp;<strong>Alejandro \u201cTopo\u201d Rodr\u00edguez<\/strong>.<\/p>\n\n\n\n<p>Quien define la postura de la bancada en este tema es&nbsp;<strong>Graciela Cama\u00f1o<\/strong>, que integra la comisi\u00f3n de Legislaci\u00f3n General. La diputada bonaerense tiene&nbsp;<strong>reservas sobre la iniciativa<\/strong>.<\/p>\n\n\n\n<figure class=\"wp-block-image\"><img decoding=\"async\" src=\"https:\/\/tn.com.ar\/resizer\/PoMiKYhllZu1_vsmpkKsRTlIxek=\/767x0\/smart\/filters:format(webp)\/cloudfront-us-east-1.images.arcpublishing.com\/artear\/GD23ZA7K7RCLRD7CSYDB4QQHDA.jpg\" alt=\"Los diputados Graciela Cama\u00f1o y Alejandro &quot;Topo&quot; Rodr\u00edguez, en la sesi\u00f3n por el Presupuesto 2023. (Foto: Juan Vargas\/NA)\"\/><figcaption class=\"wp-element-caption\">Los diputados Graciela Cama\u00f1o y Alejandro &#8220;Topo&#8221; Rodr\u00edguez, en la sesi\u00f3n por el Presupuesto 2023. (Foto: Juan Vargas\/NA)<\/figcaption><\/figure>\n\n\n\n<p>En las comisiones de Legislaci\u00f3n General y de Legislaci\u00f3n Penal, el oficialismo tiene mayor\u00eda. Pero en la de&nbsp;<strong>Finanzas<\/strong>&nbsp;el FdT y JxC&nbsp;<strong>est\u00e1n igualados<\/strong>, y el integrante que puede desempatar si hubiera posturas encontradas es el \u201cTopo\u201d Rodr\u00edguez, del Interbloque Federal.<\/p>\n\n\n\n<p>Existe cierta\u00a0<strong>premura para actualizar la norma<\/strong>\u00a0antilavado. Este a\u00f1o se llevar\u00e1 a cabo una nueva revisi\u00f3n t\u00e9cnica del Grupo de Acci\u00f3n Financiera Internacional (<strong>GAFI<\/strong>), del que la Argentina forma parte, y adem\u00e1s la reforma fue requerida como parte del acuerdo alcanzado entre el Gobierno -con el ministro de Econom\u00eda, Sergio Massa, a la cabeza- y el\u00a0FMI.<\/p>\n\n\n\n<p>Fuente: TN<\/p>\n","protected":false},"excerpt":{"rendered":"<div class=\"mh-excerpt\"><p>El oficialismo busca&nbsp;sesionar el pr\u00f3ximo mi\u00e9rcoles&nbsp;en&nbsp;Diputados&nbsp;para aprobar el proyecto de ley que&nbsp;modifica la norma vigente de lavado de activos. Se trata de un reclamo de organismos internacionales, una reforma que el ministerio de Econom\u00eda considera clave y que qued\u00f3 frenada en plena pelea entre el Frente de Todos y Juntos por el Cambio. Sin mayor\u00eda ni control del quorum, ser\u00e1n d\u00edas intensos de&nbsp;negociaci\u00f3n con la oposici\u00f3n. La sesi\u00f3n fue solicitada por el jefe del bloque del FdT, Germ\u00e1n Mart\u00ednez, en medio de conversaciones con JxC. El temario incluye una serie de\u00a0proyectos de bajo grado de conflictividad, como el que establece <a class=\"mh-excerpt-more\" href=\"http:\/\/dsrmedios.com.ar\/diario\/archivos\/31103\" title=\"Diputados: el oficialismo busca una reforma clave de la ley antilavado, pero deber\u00e1 negociar con la oposici\u00f3n\">[Leer m\u00e1s]<\/a><\/p>\n<\/div>","protected":false},"author":6,"featured_media":16286,"comment_status":"open","ping_status":"closed","sticky":false,"template":"","format":"standard","meta":{"_jetpack_newsletter_access":""},"categories":[6],"tags":[],"jetpack_featured_media_url":"http:\/\/dsrmedios.com.ar\/diario\/wp-content\/uploads\/2019\/12\/senadojura.jpg","jetpack_sharing_enabled":true,"jetpack_shortlink":"https:\/\/wp.me\/p9fihK-85F","_links":{"self":[{"href":"http:\/\/dsrmedios.com.ar\/diario\/wp-json\/wp\/v2\/posts\/31103"}],"collection":[{"href":"http:\/\/dsrmedios.com.ar\/diario\/wp-json\/wp\/v2\/posts"}],"about":[{"href":"http:\/\/dsrmedios.com.ar\/diario\/wp-json\/wp\/v2\/types\/post"}],"author":[{"embeddable":true,"href":"http:\/\/dsrmedios.com.ar\/diario\/wp-json\/wp\/v2\/users\/6"}],"replies":[{"embeddable":true,"href":"http:\/\/dsrmedios.com.ar\/diario\/wp-json\/wp\/v2\/comments?post=31103"}],"version-history":[{"count":1,"href":"http:\/\/dsrmedios.com.ar\/diario\/wp-json\/wp\/v2\/posts\/31103\/revisions"}],"predecessor-version":[{"id":31104,"href":"http:\/\/dsrmedios.com.ar\/diario\/wp-json\/wp\/v2\/posts\/31103\/revisions\/31104"}],"wp:featuredmedia":[{"embeddable":true,"href":"http:\/\/dsrmedios.com.ar\/diario\/wp-json\/wp\/v2\/media\/16286"}],"wp:attachment":[{"href":"http:\/\/dsrmedios.com.ar\/diario\/wp-json\/wp\/v2\/media?parent=31103"}],"wp:term":[{"taxonomy":"category","embeddable":true,"href":"http:\/\/dsrmedios.com.ar\/diario\/wp-json\/wp\/v2\/categories?post=31103"},{"taxonomy":"post_tag","embeddable":true,"href":"http:\/\/dsrmedios.com.ar\/diario\/wp-json\/wp\/v2\/tags?post=31103"}],"curies":[{"name":"wp","href":"https:\/\/api.w.org\/{rel}","templated":true}]}}