{"id":31094,"date":"2023-04-17T07:14:16","date_gmt":"2023-04-17T10:14:16","guid":{"rendered":"http:\/\/dsrmedios.com.ar\/diario\/?p=31094"},"modified":"2023-04-17T07:14:19","modified_gmt":"2023-04-17T10:14:19","slug":"macri-no-quiere-estar-en-juntos-por-el-cambio-quiere-estar-con-milei-elisa-carrio-recalento-la-interna-opositora","status":"publish","type":"post","link":"http:\/\/dsrmedios.com.ar\/diario\/archivos\/31094","title":{"rendered":"\u00abMacri no quiere estar en Juntos por el Cambio, quiere estar con Milei\u00bb: Elisa Carri\u00f3 recalent\u00f3 la interna opositora"},"content":{"rendered":"\n<p><strong><a href=\"https:\/\/elintransigente.com\/tag\/elisa-carrio\/\" target=\"_blank\" rel=\"noreferrer noopener\">Elisa Carri\u00f3<\/a><\/strong>, acostumbrada a tener declaraciones fuertes, sali\u00f3 al cruce de&nbsp;<strong><a href=\"https:\/\/elintransigente.com\/tag\/mauricio-macri\/\" target=\"_blank\" rel=\"noreferrer noopener\">Mauricio Macri<\/a><\/strong>. La titular de la Coalici\u00f3n C\u00edvica-ARI asegur\u00f3 que el ex Presidente no quiere formar m\u00e1s parte de&nbsp;<strong>Juntos por el Cambio<\/strong>. Seg\u00fan la dirigente opositora, el exmandatario pretende aliarse a&nbsp;<strong><a href=\"http:\/\/twitter.com\/jmilei\" target=\"_blank\" rel=\"noreferrer noopener\">Javier Milei<\/a><\/strong>&nbsp;de cara a las elecciones presidenciales.<\/p>\n\n\n\n<p>La referente que tiene la alianza opositora no escondi\u00f3 sus pensamientos de acuerdo al accionar de Mauricio Macri. Vislumbr\u00f3 que el fundador del PRO tiene intenciones de aliarse a Javier Milei y alejarse de su coalici\u00f3n: \u00ab<strong>Macri no quiere estar en Juntos por el Cambio,&nbsp;\u00e9l quiere estar con Javier Milei<\/strong>\u00ab, enfatiz\u00f3 en una entrevista en LN+.<\/p>\n\n\n\n<p>Elisa Carri\u00f3 confes\u00f3 que siempre ha mantenido diferencias ideol\u00f3gicas con el exmandatario. Sin embargo, rescat\u00f3 que pese a todo se termin\u00f3 uniendo a las filas de Juntos por el Cambio. Adem\u00e1s, seg\u00fan explic\u00f3, fue una de las defensoras de la gesti\u00f3n de Cambiemos:&nbsp;\u00ab<strong>Apoy\u00e9 al gobierno de Macri, pese a no estar de acuerdo con muchas cosas de su gesti\u00f3n\u00bb<\/strong>, manifest\u00f3.<\/p>\n\n\n\n<p>La titular de la Coalici\u00f3n C\u00edvica bio un trasfondo en lo que respecta a pnsamientos pol\u00edticos fuera de lo que parece \u00abnormal\u00bb. Para Carri\u00f3, las nuevas formas vienen a corromper las democracias: \u00ab<strong>Hay todo un mecanismo internacional de mucho financiamiento para romper las democracias y creo que lo pueden lograr\u201d<\/strong>, opin\u00f3.<\/p>\n\n\n\n<p>\u00ab\u00bf<strong>Se sana esta sociedad con m\u00e1s violencia y m\u00e1s gritos?\u00a0Pol\u00edticos y periodistas se sienten habilitados a decir cualquier barbaridad<\/strong>. Me acuerdo cuando Cristina Kirchner dec\u00eda cualquier barbaridad ning\u00fan periodista se animaba a contradecirla.\u00a0Yo lo veo ahora con Milei. Hablo de la violencia en general, tambi\u00e9n del periodismo, oficialismo, oposici\u00f3n\u201d, a\u00f1adi\u00f3.<\/p>\n\n\n\n<p>Fuente: INTRANSIGENTE<\/p>\n","protected":false},"excerpt":{"rendered":"<div class=\"mh-excerpt\"><p>Elisa Carri\u00f3, acostumbrada a tener declaraciones fuertes, sali\u00f3 al cruce de&nbsp;Mauricio Macri. La titular de la Coalici\u00f3n C\u00edvica-ARI asegur\u00f3 que el ex Presidente no quiere formar m\u00e1s parte de&nbsp;Juntos por el Cambio. Seg\u00fan la dirigente opositora, el exmandatario pretende aliarse a&nbsp;Javier Milei&nbsp;de cara a las elecciones presidenciales. La referente que tiene la alianza opositora no escondi\u00f3 sus pensamientos de acuerdo al accionar de Mauricio Macri. Vislumbr\u00f3 que el fundador del PRO tiene intenciones de aliarse a Javier Milei y alejarse de su coalici\u00f3n: \u00abMacri no quiere estar en Juntos por el Cambio,&nbsp;\u00e9l quiere estar con Javier Milei\u00ab, enfatiz\u00f3 en una <a class=\"mh-excerpt-more\" href=\"http:\/\/dsrmedios.com.ar\/diario\/archivos\/31094\" title=\"\u00abMacri no quiere estar en Juntos por el Cambio, quiere estar con Milei\u00bb: Elisa Carri\u00f3 recalent\u00f3 la interna opositora\">[Leer m\u00e1s]<\/a><\/p>\n<\/div>","protected":false},"author":6,"featured_media":31095,"comment_status":"open","ping_status":"closed","sticky":false,"template":"","format":"standard","meta":{"_jetpack_newsletter_access":""},"categories":[6],"tags":[],"jetpack_featured_media_url":"http:\/\/dsrmedios.com.ar\/diario\/wp-content\/uploads\/2023\/04\/descarga-17.jpg","jetpack_sharing_enabled":true,"jetpack_shortlink":"https:\/\/wp.me\/p9fihK-85w","_links":{"self":[{"href":"http:\/\/dsrmedios.com.ar\/diario\/wp-json\/wp\/v2\/posts\/31094"}],"collection":[{"href":"http:\/\/dsrmedios.com.ar\/diario\/wp-json\/wp\/v2\/posts"}],"about":[{"href":"http:\/\/dsrmedios.com.ar\/diario\/wp-json\/wp\/v2\/types\/post"}],"author":[{"embeddable":true,"href":"http:\/\/dsrmedios.com.ar\/diario\/wp-json\/wp\/v2\/users\/6"}],"replies":[{"embeddable":true,"href":"http:\/\/dsrmedios.com.ar\/diario\/wp-json\/wp\/v2\/comments?post=31094"}],"version-history":[{"count":1,"href":"http:\/\/dsrmedios.com.ar\/diario\/wp-json\/wp\/v2\/posts\/31094\/revisions"}],"predecessor-version":[{"id":31096,"href":"http:\/\/dsrmedios.com.ar\/diario\/wp-json\/wp\/v2\/posts\/31094\/revisions\/31096"}],"wp:featuredmedia":[{"embeddable":true,"href":"http:\/\/dsrmedios.com.ar\/diario\/wp-json\/wp\/v2\/media\/31095"}],"wp:attachment":[{"href":"http:\/\/dsrmedios.com.ar\/diario\/wp-json\/wp\/v2\/media?parent=31094"}],"wp:term":[{"taxonomy":"category","embeddable":true,"href":"http:\/\/dsrmedios.com.ar\/diario\/wp-json\/wp\/v2\/categories?post=31094"},{"taxonomy":"post_tag","embeddable":true,"href":"http:\/\/dsrmedios.com.ar\/diario\/wp-json\/wp\/v2\/tags?post=31094"}],"curies":[{"name":"wp","href":"https:\/\/api.w.org\/{rel}","templated":true}]}}