{"id":31091,"date":"2023-04-17T07:11:04","date_gmt":"2023-04-17T10:11:04","guid":{"rendered":"http:\/\/dsrmedios.com.ar\/diario\/?p=31091"},"modified":"2023-04-17T07:11:08","modified_gmt":"2023-04-17T10:11:08","slug":"efecto-sequia-el-bid-analiza-nueva-linea-de-prestamos-para-asistir-a-los-productores-afectados","status":"publish","type":"post","link":"http:\/\/dsrmedios.com.ar\/diario\/archivos\/31091","title":{"rendered":"Efecto sequ\u00eda:\u00a0el BID analiza nueva l\u00ednea de pr\u00e9stamos para asistir a los productores afectados"},"content":{"rendered":"\n<p>La&nbsp;<a href=\"https:\/\/www.canal26.com\/economia\/massa-se-reunio-con-georgieva-luego-de-que-el-fmi-reconfigurara-acuerdo-por-el-impacto-de-la-sequia--340169\" target=\"_blank\" rel=\"noreferrer noopener\">sequ\u00eda hist\u00f3rica<\/a>&nbsp;que afecta de lado a lado a la&nbsp;<strong>Argentina<\/strong>&nbsp;y que tanto influye negativamente sobre la<strong>&nbsp;producci\u00f3n del campo<\/strong>&nbsp;y las&nbsp;<strong>cosechas<\/strong>&nbsp;mereci\u00f3 la especial atenci\u00f3n del&nbsp;<strong>Gobierno Nacional<\/strong>, y muy en especial la del&nbsp;<strong>Ministerio de Econom\u00eda<\/strong>. La preocupaci\u00f3n ha ido permanentemente en aumento y todo tuvo su efecto en los acuerdos previos entre&nbsp;<strong>Sergio Massa, titular del palacio de Hacienda<\/strong>; respecto de las metas con&nbsp;<strong>organismos<\/strong>&nbsp;internacionales como el&nbsp;<strong>Fondo Monetario Internacional (FMI)<\/strong>&nbsp;por las reservas, entre otras cosas.<\/p>\n\n\n\n<p>Con esto en mente y en el centro de la escena, es que ahora tambi\u00e9n el&nbsp;<strong>Banco Interamericano de Desarrollo (BID)<\/strong>&nbsp;es de la partida y estudia la&nbsp;<strong>concreta posibilidad de una nueva l\u00ednea de asistencia<\/strong>&nbsp;para&nbsp;<strong>productores argentinos<\/strong>&nbsp;afectados por la&nbsp;<strong>sequ\u00eda<\/strong>, seg\u00fan inform\u00f3 el Ministerio de Econom\u00eda.<\/p>\n\n\n\n<p>\u201cDe esta manera, el Banco Interamericano de Desarrollo&nbsp;<strong>brindar\u00e1 l\u00edneas de apoyo que servir\u00e1n para ayudar a mejorar los da\u00f1os causados por la sequ\u00eda<\/strong>&nbsp;en los productores, atendiendo a los efectos sociales de la misma\u201d, se anunci\u00f3 oficialmente.<\/p>\n\n\n\n<p>El&nbsp;<strong>ministro de Econom\u00eda, Sergio Massa<\/strong>, mantuvo un encuentro de trabajo con el&nbsp;<strong>presidente del BID, Ilan Goldfajn<\/strong>. De la reuni\u00f3n participaron el secretario de Pol\u00edtica Econ\u00f3mica,&nbsp;<strong>Gabriel Rubinstein<\/strong>, su par de Asuntos Econ\u00f3micos, Financieros Internacionales de Mecon,&nbsp;<strong>Marco Lavagna<\/strong>; el jefe de Asesores,&nbsp;<strong>Leonardo Madcur<\/strong>; y el asesor del ministro en relaciones internacionales,&nbsp;<strong>Gustavo Mart\u00ednez Pandini<\/strong>.<\/p>\n\n\n\n<h2>M\u00e1s gesti\u00f3n<\/h2>\n\n\n\n<p>El jueves pasado&nbsp;<strong>el BID aprob\u00f3 un pr\u00e9stamo de US$200 millones que financiar\u00e1 mejoras en el sistema de salud argentino.<\/strong>&nbsp;Se trata de la primera operaci\u00f3n individual de una l\u00ednea de cr\u00e9dito condicional para proyectos de inversi\u00f3n&nbsp;<strong>(CCLIP)<\/strong>&nbsp;de&nbsp;<strong>US$600 millones.<\/strong><\/p>\n\n\n\n<p>En esta l\u00ednea, se financiar\u00e1n acciones para&nbsp;<strong>reducir la mortalidad prematura y cerrar las brechas de acceso a servicios de salud entre jurisdicciones del pa\u00eds<\/strong>. Para ello, la iniciativa busca incrementar el acceso efectivo a servicios de diagn\u00f3stico y atenci\u00f3n por parte de la poblaci\u00f3n que cuenta exclusivamente con cobertura del sistema de salud p\u00fablico, estimada en&nbsp;<strong>20,5 millones de personas en 2022.<\/strong><\/p>\n\n\n\n<p><strong><em>Hist\u00f3rica sequ\u00eda en la Argentina. Foto: NA.<\/em><\/strong><\/p>\n\n\n\n<p>La iniciativa tambi\u00e9n permitir\u00e1 incrementar los tamizajes para c\u00e1ncer de cuello uterino en mujeres con cobertura p\u00fablica exclusiva y aumentar la tasa de vacunaci\u00f3n para el&nbsp;<strong>Virus del Papiloma Humano (VPH)<\/strong>&nbsp;para ni\u00f1as y ni\u00f1os de 11 a\u00f1os. Otro objetivo es aumentar la identificaci\u00f3n y seguimiento de personas con hipertensi\u00f3n arterial y con hiperglucemia o diabetes.<\/p>\n\n\n\n<p>Adem\u00e1s&nbsp;<strong>el cr\u00e9dito obtenido por la Argentina apoyar\u00e1 la implementaci\u00f3n del Modelo de Salud Mental Comunitaria<\/strong>&nbsp;e incrementar\u00e1 el n\u00famero de medicamentos de salud mental entregados a establecimientos de salud.<\/p>\n\n\n\n<p>En tanto, la semana pasada el&nbsp;<strong>ministro de Econom\u00eda Sergio Massa<\/strong>, mantuvo un encuentro con la nueva&nbsp;<strong>Directora Gerente de Operaciones del Banco Mundial, Anna Bjerde<\/strong>, en el marco de la Reuni\u00f3n de Primavera del FMI y el BM.<\/p>\n\n\n\n<p>\u201cMuy&nbsp;<strong>positiva<\/strong>&nbsp;reuni\u00f3n con<strong>&nbsp;Anna Bjerde<\/strong>, nueva directora Gerente de Operaciones del Banco Mundial. Ratific\u00f3 el s\u00f3lido apoyo de la instituci\u00f3n a nuestro pa\u00eds, especialmente luego del fuerte impacto de la sequ\u00eda, lo que se traduce en proyectos en preparaci\u00f3n para mayo y junio por<strong>&nbsp;US$950 millones de d\u00f3lares<\/strong>\u201d, sostuvo Massa tras el encuentro.<\/p>\n\n\n\n<p>En la reuni\u00f3n tambi\u00e9n estuvieron presentes<strong>\u00a0Felipe Jaramillo<\/strong>, vicepresidente del Banco Mundial para Am\u00e9rica Latina y el Caribe; la Directora Ejecutiva por Argentina y el Cono Sur,<strong>\u00a0Cecilia Nah\u00f3n<\/strong>; y<strong>\u00a0Marianne Fay<\/strong>, representante del Banco Mundial en nuestro pa\u00eds.<\/p>\n\n\n\n<p>Fuente: Canal26<\/p>\n","protected":false},"excerpt":{"rendered":"<div class=\"mh-excerpt\"><p>La&nbsp;sequ\u00eda hist\u00f3rica&nbsp;que afecta de lado a lado a la&nbsp;Argentina&nbsp;y que tanto influye negativamente sobre la&nbsp;producci\u00f3n del campo&nbsp;y las&nbsp;cosechas&nbsp;mereci\u00f3 la especial atenci\u00f3n del&nbsp;Gobierno Nacional, y muy en especial la del&nbsp;Ministerio de Econom\u00eda. La preocupaci\u00f3n ha ido permanentemente en aumento y todo tuvo su efecto en los acuerdos previos entre&nbsp;Sergio Massa, titular del palacio de Hacienda; respecto de las metas con&nbsp;organismos&nbsp;internacionales como el&nbsp;Fondo Monetario Internacional (FMI)&nbsp;por las reservas, entre otras cosas. Con esto en mente y en el centro de la escena, es que ahora tambi\u00e9n el&nbsp;Banco Interamericano de Desarrollo (BID)&nbsp;es de la partida y estudia la&nbsp;concreta posibilidad de una nueva l\u00ednea <a class=\"mh-excerpt-more\" href=\"http:\/\/dsrmedios.com.ar\/diario\/archivos\/31091\" title=\"Efecto sequ\u00eda:\u00a0el BID analiza nueva l\u00ednea de pr\u00e9stamos para asistir a los productores afectados\">[Leer m\u00e1s]<\/a><\/p>\n<\/div>","protected":false},"author":6,"featured_media":31092,"comment_status":"open","ping_status":"closed","sticky":false,"template":"","format":"standard","meta":{"_jetpack_newsletter_access":""},"categories":[6],"tags":[],"jetpack_featured_media_url":"http:\/\/dsrmedios.com.ar\/diario\/wp-content\/uploads\/2023\/04\/539196.jpg","jetpack_sharing_enabled":true,"jetpack_shortlink":"https:\/\/wp.me\/p9fihK-85t","_links":{"self":[{"href":"http:\/\/dsrmedios.com.ar\/diario\/wp-json\/wp\/v2\/posts\/31091"}],"collection":[{"href":"http:\/\/dsrmedios.com.ar\/diario\/wp-json\/wp\/v2\/posts"}],"about":[{"href":"http:\/\/dsrmedios.com.ar\/diario\/wp-json\/wp\/v2\/types\/post"}],"author":[{"embeddable":true,"href":"http:\/\/dsrmedios.com.ar\/diario\/wp-json\/wp\/v2\/users\/6"}],"replies":[{"embeddable":true,"href":"http:\/\/dsrmedios.com.ar\/diario\/wp-json\/wp\/v2\/comments?post=31091"}],"version-history":[{"count":1,"href":"http:\/\/dsrmedios.com.ar\/diario\/wp-json\/wp\/v2\/posts\/31091\/revisions"}],"predecessor-version":[{"id":31093,"href":"http:\/\/dsrmedios.com.ar\/diario\/wp-json\/wp\/v2\/posts\/31091\/revisions\/31093"}],"wp:featuredmedia":[{"embeddable":true,"href":"http:\/\/dsrmedios.com.ar\/diario\/wp-json\/wp\/v2\/media\/31092"}],"wp:attachment":[{"href":"http:\/\/dsrmedios.com.ar\/diario\/wp-json\/wp\/v2\/media?parent=31091"}],"wp:term":[{"taxonomy":"category","embeddable":true,"href":"http:\/\/dsrmedios.com.ar\/diario\/wp-json\/wp\/v2\/categories?post=31091"},{"taxonomy":"post_tag","embeddable":true,"href":"http:\/\/dsrmedios.com.ar\/diario\/wp-json\/wp\/v2\/tags?post=31091"}],"curies":[{"name":"wp","href":"https:\/\/api.w.org\/{rel}","templated":true}]}}