{"id":31070,"date":"2023-04-17T06:45:24","date_gmt":"2023-04-17T09:45:24","guid":{"rendered":"http:\/\/dsrmedios.com.ar\/diario\/?p=31070"},"modified":"2023-04-17T06:45:28","modified_gmt":"2023-04-17T09:45:28","slug":"elisa-carrio-dijo-que-macri-quiere-estar-con-milei-y-reavivo-la-interna-de-juntos-por-el-cambio","status":"publish","type":"post","link":"http:\/\/dsrmedios.com.ar\/diario\/archivos\/31070","title":{"rendered":"Elisa Carri\u00f3 dijo que \u201cMacri quiere estar con Milei\u201d y reaviv\u00f3 la interna de Juntos por el Cambio"},"content":{"rendered":"\n<p>La interna en&nbsp;<strong>Juntos por el Cambio&nbsp;<\/strong>parece no tener fin y uno de los factores contin\u00faa siendo la irrupci\u00f3n de&nbsp;<strong>Javier Milei<\/strong>. Este domingo, la l\u00edder de la Coalici\u00f3n C\u00edvica, y socia fundadora de la coalici\u00f3n opositora,&nbsp;<strong>Elisa Carri\u00f3<\/strong>, dijo que el ex presidente Mauricio Macri quiere estar al lado del diputado libertario, quien de inmediato sali\u00f3 a responderle.<\/p>\n\n\n\n<p>En declaraciones a&nbsp;<em>LN+<\/em>, Lilita aclar\u00f3 que quiere \u201clograr la unidad de Juntos Por el Cambio\u201d, pero advirti\u00f3 que \u201cel gran problema de la oposici\u00f3n hoy es que hay un actor que no quiere estar m\u00e1s\u201d en la coalici\u00f3n: \u201cMauricio\u201d.<\/p>\n\n\n\n<p>Seg\u00fan indic\u00f3 la ex legisladora nacional, el a\u00f1o pasado \u201cdetect\u00f3\u201d que Macri quiere aliarse con el referente de La Libertad Avanza.&nbsp;<strong>\u201cNo quiere estar con el radicalismo ni con la coalici\u00f3n c\u00edvica -lo dijo- quiere estar con Milei\u201d<\/strong>, sentenci\u00f3 Carri\u00f3.<\/p>\n\n\n\n<p><strong>\u201cConozco mucho a Mauricio y lo acompa\u00f1\u00e9 durante su gobierno. Lo apoy\u00e9 pese a no estar de acuerdo con muchas cosas de su gesti\u00f3n\u201d<\/strong>, agreg\u00f3 y adelant\u00f3 que el a\u00f1o que viene escribir\u00e1 un libro \u201ccomo contestaci\u00f3n de su \u2018Primer tiempo\u2019\u201d. Este \u00faltimo tiempo Lilita tens\u00f3 la relaci\u00f3n con el expresidente al contradecirlo p\u00fablicamente en varios aspectos y al respaldar la decisi\u00f3n de Horacio Rodr\u00edguez Larreta de convocar a elecciones concurrentes en la Ciudad de Buenos Aires.<\/p>\n\n\n\n<p>Tras las cr\u00edticas y la vinculaci\u00f3n con Macri, Milei eligi\u00f3 su red social favorita,&nbsp;<em>Twitter<\/em>, para salir a contestarle:&nbsp;<strong>\u201cTraidores y arrastrados. Esto son los pol\u00edticos casta argentos. Se colgaron de Mauricio Macri durante durante 20 a\u00f1os para robar cargos y ahora lo escupen. Nada bueno puede salir de un traidor\u201d<\/strong>.<\/p>\n\n\n\n<figure class=\"wp-block-image\"><img decoding=\"async\" src=\"https:\/\/cloudfront-us-east-1.images.arcpublishing.com\/infobae\/VIHPWF57MNAE3MXXBT5WUS4VLU.png\" alt=\"infobae\"\/><\/figure>\n\n\n\n<p>Milei tambi\u00e9n comparti\u00f3 una serie de tuits muy duros contra la referente de la Coalici\u00f3n C\u00edvica. Uno de ellos redactado por el diputado porte\u00f1o&nbsp;<strong>Ramiro Marra<\/strong>, en el que recuerda que Carri\u00f3 compar\u00f3 a Milei con Hitler: \u201cMira la barbaridad que dijiste. Sos vos el problema, no mires para afuera, mirate al espejo\u201d.<\/p>\n\n\n\n<p>El diputado nacional dio retuit a otro comentario cr\u00edtico en el que un usuario acusa a Carri\u00f3 de ser de la casta m\u00e1s rancia, zurda y empobrecedora que existe en el pa\u00eds\u201d. \u201cA\u00f1os en el poder y cada vez estamos peor, claramente sos parte del problema. Te tiraste del barco para salir con el culito limpio cuando a Macri se le di\u00f3 vuelta todo. Algunas personas tienen valores, otras precio\u201d, reza el tuit que comparti\u00f3 Milei para apuntar contra Lilita.<\/p>\n\n\n\n<p>Durante la entrevista que dio anoche Carri\u00f3, tambi\u00e9n vincul\u00f3 vincul\u00f3 a Milei con una agresividad de la cual asegur\u00f3 no querer participar. \u201cVeo la violencia y las cosas que se dijeron de Florencia Kirchner, que violan su intimidad, o las cosas que dice Milei y pienso que hay que alejarse del mal. Son como la contracara de Cristina. No me gusta estar en televisi\u00f3n entre tanta violencia\u201d, expres\u00f3.<\/p>\n\n\n\n<p>En este marco, advirti\u00f3 que \u201cla sociedad est\u00e1 deprimida\u201d y se pregunt\u00f3 si se ayuda \u201cdiciendo la cosas que hoy se dicen en televisi\u00f3n\u201d. Volviendo a mencionar al diputado libertario, plante\u00f3 que a nivel mundial \u201chay un nuevo rumbo que va al autoritarismo\u201d y compar\u00f3: \u201cEl discurso de Trump (Donald) no es distinto del de Milei\u201d.<\/p>\n\n\n\n<p>El que tambi\u00e9n le&nbsp;<strong>respondi\u00f3 con dureza a Carri\u00f3<\/strong>&nbsp;fue el fil\u00f3sofo&nbsp;<strong>Alejandro Rozitchner<\/strong>, quien fue funcionario de Macri durante el gobierno de Cambiemos: \u201c<strong>\u00a1Jubilate de una vez! \u00a1Basta de narcisismo!<\/strong>\u201d, le escribi\u00f3 por Twitter, luego de que la l\u00edder de la CC dijera que hab\u00eda apoyado al ex presidente entre 2015 y 2019, \u201cpese a no estar de acuerdo con muchas cosas de su gesti\u00f3n\u201d.<\/p>\n\n\n\n<p>La semana pasada fue el precandidato presidencial del radicalismo, Gerardo Morales, quien cruz\u00f3 el duros t\u00e9rminos al precandidato libertario y ratific\u00f3 que tiene cerrada la puerta a JxC.\u00a0<strong>\u201cEs un loco, un desquiciado, no podemos tener un candidato a presidente que pretenda comandar el pa\u00eds con ese desquicio\u201d<\/strong>, critic\u00f3 al diputado de La Libertad Avanza. \u201cPuede andar bien en las encuestas pero est\u00e1 mal de la cabeza el muchacho, ac\u00e1 estamos hablando de gobernar el pa\u00eds y restablecer el orden, resolver la macroeconom\u00eda, no la venta de \u00f3rganos, cerrar el banco central o la libre circulaci\u00f3n de armas.. estamos hablando del pa\u00eds\u201d, arremeti\u00f3 Morales.<\/p>\n\n\n\n<p>Fuente: Infobae<\/p>\n","protected":false},"excerpt":{"rendered":"<div class=\"mh-excerpt\"><p>La interna en&nbsp;Juntos por el Cambio&nbsp;parece no tener fin y uno de los factores contin\u00faa siendo la irrupci\u00f3n de&nbsp;Javier Milei. Este domingo, la l\u00edder de la Coalici\u00f3n C\u00edvica, y socia fundadora de la coalici\u00f3n opositora,&nbsp;Elisa Carri\u00f3, dijo que el ex presidente Mauricio Macri quiere estar al lado del diputado libertario, quien de inmediato sali\u00f3 a responderle. En declaraciones a&nbsp;LN+, Lilita aclar\u00f3 que quiere \u201clograr la unidad de Juntos Por el Cambio\u201d, pero advirti\u00f3 que \u201cel gran problema de la oposici\u00f3n hoy es que hay un actor que no quiere estar m\u00e1s\u201d en la coalici\u00f3n: \u201cMauricio\u201d. Seg\u00fan indic\u00f3 la ex legisladora <a class=\"mh-excerpt-more\" href=\"http:\/\/dsrmedios.com.ar\/diario\/archivos\/31070\" title=\"Elisa Carri\u00f3 dijo que \u201cMacri quiere estar con Milei\u201d y reaviv\u00f3 la interna de Juntos por el Cambio\">[Leer m\u00e1s]<\/a><\/p>\n<\/div>","protected":false},"author":6,"featured_media":31071,"comment_status":"open","ping_status":"closed","sticky":false,"template":"","format":"standard","meta":{"_jetpack_newsletter_access":""},"categories":[6],"tags":[],"jetpack_featured_media_url":"http:\/\/dsrmedios.com.ar\/diario\/wp-content\/uploads\/2023\/04\/images-10.jpg","jetpack_sharing_enabled":true,"jetpack_shortlink":"https:\/\/wp.me\/p9fihK-858","_links":{"self":[{"href":"http:\/\/dsrmedios.com.ar\/diario\/wp-json\/wp\/v2\/posts\/31070"}],"collection":[{"href":"http:\/\/dsrmedios.com.ar\/diario\/wp-json\/wp\/v2\/posts"}],"about":[{"href":"http:\/\/dsrmedios.com.ar\/diario\/wp-json\/wp\/v2\/types\/post"}],"author":[{"embeddable":true,"href":"http:\/\/dsrmedios.com.ar\/diario\/wp-json\/wp\/v2\/users\/6"}],"replies":[{"embeddable":true,"href":"http:\/\/dsrmedios.com.ar\/diario\/wp-json\/wp\/v2\/comments?post=31070"}],"version-history":[{"count":1,"href":"http:\/\/dsrmedios.com.ar\/diario\/wp-json\/wp\/v2\/posts\/31070\/revisions"}],"predecessor-version":[{"id":31072,"href":"http:\/\/dsrmedios.com.ar\/diario\/wp-json\/wp\/v2\/posts\/31070\/revisions\/31072"}],"wp:featuredmedia":[{"embeddable":true,"href":"http:\/\/dsrmedios.com.ar\/diario\/wp-json\/wp\/v2\/media\/31071"}],"wp:attachment":[{"href":"http:\/\/dsrmedios.com.ar\/diario\/wp-json\/wp\/v2\/media?parent=31070"}],"wp:term":[{"taxonomy":"category","embeddable":true,"href":"http:\/\/dsrmedios.com.ar\/diario\/wp-json\/wp\/v2\/categories?post=31070"},{"taxonomy":"post_tag","embeddable":true,"href":"http:\/\/dsrmedios.com.ar\/diario\/wp-json\/wp\/v2\/tags?post=31070"}],"curies":[{"name":"wp","href":"https:\/\/api.w.org\/{rel}","templated":true}]}}