{"id":31062,"date":"2023-04-16T20:24:40","date_gmt":"2023-04-16T23:24:40","guid":{"rendered":"http:\/\/dsrmedios.com.ar\/diario\/?p=31062"},"modified":"2023-04-16T20:24:43","modified_gmt":"2023-04-16T23:24:43","slug":"en-marzo-el-consumidor-pago-37-veces-mas-de-lo-que-cobro-el-productor-de-agroalimentos","status":"publish","type":"post","link":"http:\/\/dsrmedios.com.ar\/diario\/archivos\/31062","title":{"rendered":"En marzo, el consumidor pag\u00f3 3,7 veces m\u00e1s de lo que cobr\u00f3 el productor de agroalimentos"},"content":{"rendered":"\n<p>Seg\u00fan el \u00cdndice de Precios en Origen y Destino (IPOD) elaborado por el sector de Econom\u00edas Regionales de la Confederaci\u00f3n Argentina de la Mediana Empresa (<strong>CAME<\/strong>), en marzo, los precios de los agroalimentos se incrementaron 3,7 veces del campo (origen) a la g\u00f3ndola (destino), recayendo sobre el bolsillo del&nbsp;<strong><a href=\"https:\/\/infocielo.com\/consumidor\/agroalimentos-el-consumidor-pago-31-veces-mas-lo-que-cobro-el-productor-n757989\" target=\"_blank\" rel=\"noreferrer noopener\">consumidor<\/a><\/strong>.<\/p>\n\n\n\n<figure class=\"wp-block-image\"><img decoding=\"async\" src=\"https:\/\/media.infocielo.com\/p\/a886f87b4353864ac809013ebb6bd2ce\/adjuntos\/299\/imagenes\/001\/626\/0001626224\/887x0\/smart\/camepng.png\" alt=\"\"\/><\/figure>\n\n\n\n<p>Es decir, el \u201c<strong>efecto sequ\u00eda<\/strong>\u201d comenz\u00f3 a sentirse en la mesa diaria de los consumidores argentinos, quienes pagaron $3,7 por cada $1 que recibieron los productores.<\/p>\n\n\n\n<p><\/p>\n\n\n\n<h2><strong>Productos con mayores brechas IPOD mensuales<\/strong><\/h2>\n\n\n\n<p>La&nbsp;<strong>cebolla<\/strong>&nbsp;(15,9 veces), el&nbsp;<strong>lim\u00f3n<\/strong>&nbsp;(14,6), la&nbsp;<strong>calabaza<\/strong>&nbsp;(10,6), la&nbsp;<strong>naranja<\/strong>&nbsp;(6,5) y la&nbsp;<strong>mandarina<\/strong>&nbsp;(6,1), fueron los 5 productos que presentaron mayor diferencia entre los precios de origen y destino.<\/p>\n\n\n\n<p>La&nbsp;<strong>cebolla&nbsp;<\/strong>fue el producto con mayor brecha entre el productor y el consumidor. Los productores consultados informaron que en origen la ca\u00edda respondi\u00f3 a la disminuci\u00f3n de la exportaci\u00f3n a Brasil \u2014por aumento del costo administrativo correspondiente a la documentaci\u00f3n para exportar\u2014, a lo que se suma una ca\u00edda de demanda de la variedad \u201cValencianita\u201d frente a la \u201cCalabresa\u201d.<\/p>\n\n\n\n<p>Por su parte, en la&nbsp;<strong>calabaza<\/strong>&nbsp;tambi\u00e9n se observ\u00f3 una disminuci\u00f3n de precios tanto en origen (-68%), por una baja de demanda \u2014la \u201cCabutia\u201d se pide m\u00e1s que la \u201cCoquena\u201d\u2014, como en destino (-13).<\/p>\n\n\n\n<p>Con respecto a los c\u00edtricos, el&nbsp;<strong>lim\u00f3n<\/strong>&nbsp;registr\u00f3 una baja mensual del 61% en los precios al productor, explicada por el exceso de oferta, mientras que en g\u00f3ndola la disminuci\u00f3n fue tan s\u00f3lo del 1%.<\/p>\n\n\n\n<figure class=\"wp-block-image\"><img decoding=\"async\" src=\"https:\/\/media.infocielo.com\/p\/14fd54b3a79a265b31deba178da25ab4\/adjuntos\/299\/imagenes\/001\/626\/0001626225\/887x0\/smart\/came-mayorespng.png\" alt=\"\"\/><\/figure>\n\n\n\n<p>Otro fue el comportamiento de los c\u00edtricos dulces. La&nbsp;<strong>naranja<\/strong>, por un lado, con una suba de 51% en destino y una baja mensual de 40% en origen, que responde a que el precio anterior correspond\u00eda a la fruta que quedaba en c\u00e1mara de fr\u00edo \u2014que suele ser m\u00e1s cara\u2014 y el actual es de la cosecha temprana.<\/p>\n\n\n\n<p>Por otro lado, la&nbsp;<strong>mandarina<\/strong>, que registr\u00f3 un aumento del 105% en los precios al productor, mientras que en g\u00f3ndola el incremento fue del 68%. El calor gener\u00f3 un da\u00f1o irreversible en la fruta, por lo que la combinaci\u00f3n entre sequ\u00eda y altas temperaturas en zonas productoras ha generado una fuerte baja en la oferta.<\/p>\n\n\n\n<h2><strong>Productos con menores brechas IPOD mensuales<\/strong><\/h2>\n\n\n\n<p>Entre los productos que presentaron menor diferencia entre el precio que recibi\u00f3 el productor y el que pag\u00f3 el consumidor, se encuentran 2 productos de origen animal y 3 hort\u00edcolas.<\/p>\n\n\n\n<p>En el caso del&nbsp;<strong>pollo<\/strong>&nbsp;(1,5 veces), producto con la brecha m\u00e1s baja del mes, y el&nbsp;<strong>huevo<\/strong>&nbsp;(1,9), por lo general tienen sistemas de producci\u00f3n integrados, lo que significa que todos los actores de sus respectivas cadenas de valor son parte del riesgo del negocio.<\/p>\n\n\n\n<figure class=\"wp-block-image\"><img decoding=\"async\" src=\"https:\/\/media.infocielo.com\/p\/e64ad6d20e5d0738131dc8bd4deb1558\/adjuntos\/299\/imagenes\/001\/626\/0001626226\/887x0\/smart\/came-menorespng.png\" alt=\"\"\/><\/figure>\n\n\n\n<p>Mientras los huevos se incrementaron 33,7% en origen y 31% en destino, los precios del pollo subieron 27,7% al productor y 21% al consumidor.<\/p>\n\n\n\n<p>En relaci\u00f3n a los productos de la canasta frutihort\u00edcola, seriamente da\u00f1ados \u2014en su mayor\u00eda\u2014 por la incidencia de las altas y prolongadas temperaturas en las principales provincias productoras, mientras que el\u00a0<strong>tomate redondo<\/strong>\u00a0y la\u00a0<strong>lechuga<\/strong>\u00a0\u2014en provincias como Santa Fe, da\u00f1ada tambi\u00e9n por la presencia de trips\u2014 aumentaron sus precios al productor (32,3% y 15,5%, respectivamente) y al consumidor (30% y 26%), en el\u00a0<strong>pimiento rojo\u00a0<\/strong>se observ\u00f3 una disminuci\u00f3n del 53% en origen y 4% en destino.<\/p>\n\n\n\n<p>Fuente: Infocielo<\/p>\n","protected":false},"excerpt":{"rendered":"<div class=\"mh-excerpt\"><p>Seg\u00fan el \u00cdndice de Precios en Origen y Destino (IPOD) elaborado por el sector de Econom\u00edas Regionales de la Confederaci\u00f3n Argentina de la Mediana Empresa (CAME), en marzo, los precios de los agroalimentos se incrementaron 3,7 veces del campo (origen) a la g\u00f3ndola (destino), recayendo sobre el bolsillo del&nbsp;consumidor. Es decir, el \u201cefecto sequ\u00eda\u201d comenz\u00f3 a sentirse en la mesa diaria de los consumidores argentinos, quienes pagaron $3,7 por cada $1 que recibieron los productores. Productos con mayores brechas IPOD mensuales La&nbsp;cebolla&nbsp;(15,9 veces), el&nbsp;lim\u00f3n&nbsp;(14,6), la&nbsp;calabaza&nbsp;(10,6), la&nbsp;naranja&nbsp;(6,5) y la&nbsp;mandarina&nbsp;(6,1), fueron los 5 productos que presentaron mayor diferencia entre los precios de <a class=\"mh-excerpt-more\" href=\"http:\/\/dsrmedios.com.ar\/diario\/archivos\/31062\" title=\"En marzo, el consumidor pag\u00f3 3,7 veces m\u00e1s de lo que cobr\u00f3 el productor de agroalimentos\">[Leer m\u00e1s]<\/a><\/p>\n<\/div>","protected":false},"author":6,"featured_media":31063,"comment_status":"open","ping_status":"closed","sticky":false,"template":"","format":"standard","meta":{"_jetpack_newsletter_access":""},"categories":[6],"tags":[],"jetpack_featured_media_url":"http:\/\/dsrmedios.com.ar\/diario\/wp-content\/uploads\/2023\/04\/images-9.jpg","jetpack_sharing_enabled":true,"jetpack_shortlink":"https:\/\/wp.me\/p9fihK-850","_links":{"self":[{"href":"http:\/\/dsrmedios.com.ar\/diario\/wp-json\/wp\/v2\/posts\/31062"}],"collection":[{"href":"http:\/\/dsrmedios.com.ar\/diario\/wp-json\/wp\/v2\/posts"}],"about":[{"href":"http:\/\/dsrmedios.com.ar\/diario\/wp-json\/wp\/v2\/types\/post"}],"author":[{"embeddable":true,"href":"http:\/\/dsrmedios.com.ar\/diario\/wp-json\/wp\/v2\/users\/6"}],"replies":[{"embeddable":true,"href":"http:\/\/dsrmedios.com.ar\/diario\/wp-json\/wp\/v2\/comments?post=31062"}],"version-history":[{"count":1,"href":"http:\/\/dsrmedios.com.ar\/diario\/wp-json\/wp\/v2\/posts\/31062\/revisions"}],"predecessor-version":[{"id":31064,"href":"http:\/\/dsrmedios.com.ar\/diario\/wp-json\/wp\/v2\/posts\/31062\/revisions\/31064"}],"wp:featuredmedia":[{"embeddable":true,"href":"http:\/\/dsrmedios.com.ar\/diario\/wp-json\/wp\/v2\/media\/31063"}],"wp:attachment":[{"href":"http:\/\/dsrmedios.com.ar\/diario\/wp-json\/wp\/v2\/media?parent=31062"}],"wp:term":[{"taxonomy":"category","embeddable":true,"href":"http:\/\/dsrmedios.com.ar\/diario\/wp-json\/wp\/v2\/categories?post=31062"},{"taxonomy":"post_tag","embeddable":true,"href":"http:\/\/dsrmedios.com.ar\/diario\/wp-json\/wp\/v2\/tags?post=31062"}],"curies":[{"name":"wp","href":"https:\/\/api.w.org\/{rel}","templated":true}]}}