{"id":31053,"date":"2023-04-16T20:16:50","date_gmt":"2023-04-16T23:16:50","guid":{"rendered":"http:\/\/dsrmedios.com.ar\/diario\/?p=31053"},"modified":"2023-04-16T20:16:54","modified_gmt":"2023-04-16T23:16:54","slug":"daniel-scioli-de-cara-a-las-elecciones-puedo-conversar-con-todos-puedo-cerrar-la-grieta-y-voy-a-ganar","status":"publish","type":"post","link":"http:\/\/dsrmedios.com.ar\/diario\/archivos\/31053","title":{"rendered":"Daniel Scioli de cara a las elecciones:\u00a0&#8220;Puedo conversar con todos, puedo cerrar la grieta y voy a ganar&#8221;"},"content":{"rendered":"\n<p>En plena&nbsp;<strong>carrera<\/strong>&nbsp;rumbo a las pr\u00f3ximas&nbsp;<a href=\"https:\/\/www.canal26.com\/tag\/elecciones-2023--16596\" target=\"_blank\" rel=\"noreferrer noopener\">elecciones de octubre<\/a>, y en medio de un creciente&nbsp;<strong>clima electoral en franca efervescencia<\/strong>; se van perfilando los posibles&nbsp;<strong>candidatos.<\/strong>&nbsp;Tanto la&nbsp;<strong>oposici\u00f3n<\/strong>&nbsp;como el&nbsp;<strong>oficialismo<\/strong>&nbsp;no la tienen nada sencilla a la hora de encontrar las mejores opciones, o al menos, las que&nbsp;<strong>aglutinen a una inmensa mayor\u00eda en sus respectivos sectores.<\/strong><\/p>\n\n\n\n<p>En esta&nbsp;<strong>compleja coyuntura<\/strong>, hace pocos d\u00edas, para la&nbsp;<strong>coalici\u00f3n de Gobierno<\/strong>&nbsp;surgi\u00f3 el&nbsp;<strong>candidato<\/strong>&nbsp;que podr\u00eda lograrlo y que, a priori, no parec\u00eda estar en los planes de muchos.<\/p>\n\n\n\n<p>Se trata de&nbsp;<strong>Daniel Scioli<\/strong>, el&nbsp;<strong>embajador argentino en Brasil<\/strong>&nbsp;y&nbsp;<strong>precandidato presidencial por el Frente de Todos (FdT)<\/strong>. El&nbsp;<strong>exvicepresidente de la Naci\u00f3n<\/strong>&nbsp;se meti\u00f3 de lleno una vez m\u00e1s en la arena pol\u00edtica y dijo este domingo que&nbsp;<strong>&#8220;va a ganar&#8221; las elecciones<\/strong>, y se defini\u00f3 como el dirigente que&nbsp;<strong>&#8220;est\u00e1 cerca de la gente&#8221;<\/strong>&nbsp;y el que &#8220;<strong>puede conversar con todos<\/strong>&nbsp;y ha demostrado que&nbsp;<strong>puede cerrar la grieta<\/strong>&#8221; en el pa\u00eds, por lo cual ser\u00e1, dijo, el postulante &#8220;del argentinismo&#8221;.<\/p>\n\n\n\n<p>&#8220;Soy el que est\u00e1 cerca de la gente, que la escuch\u00f3, y<strong>&nbsp;la gente misma me pidi\u00f3 que asuma esta responsabilidad<\/strong>&#8220;, sostuvo&nbsp;<strong>Scioli<\/strong>, quien asever\u00f3 que &#8220;estoy convencido de presentarme y de que voy a ganar. Vengo a ser Presidente&#8221;.<\/p>\n\n\n\n<p>El&nbsp;<strong>exgobernador bonaerense y exvicepresidente<\/strong>&nbsp;dijo en declaraciones a FM Milenium que &#8220;<strong>se vuelven a reeditar dos ideolog\u00edas muy claras<\/strong>: (la de) los que creen que hay que dinamitar al pa\u00eds y los que creemos que es un momento de desarrollo. No quiero posiciones de dinamitar casi todo como dijo<strong>&nbsp;(Mauricio) Macri<\/strong>. \u00bfQu\u00e9 es eso?&#8221;<\/p>\n\n\n\n<h2>La interna oficialista<\/h2>\n\n\n\n<p>Sobre su relaci\u00f3n con las&nbsp;<strong>l\u00edneas internas del oficialismo<\/strong>,&nbsp;<strong>Scioli<\/strong>&nbsp;destac\u00f3 que &#8220;<strong>soy el que puede conversar con todos, con Alberto (Fern\u00e1ndez) y Cristina Fern\u00e1ndez de Kirchner<\/strong>; hablo con todos los sectores del Frente de Todos&#8221;.<\/p>\n\n\n\n<p>Y resalt\u00f3 que &#8220;<strong>mi relaci\u00f3n con (el ministro de Econom\u00eda Sergio) Massa es de responsabilidad.<\/strong>&nbsp;Se instal\u00f3 lo de la mala relaci\u00f3n y qued\u00f3&#8221;. Tambi\u00e9n destac\u00f3 que &#8220;he demostrado que puedo cerrar la grieta. En Brasil trabaj\u00e9 con (los presidentes)&nbsp;<strong>Lula (da Silva)<\/strong>&nbsp;y con&nbsp;<strong>(Jair) Bolsonaro<\/strong>&#8220;. En ese contexto, enfatiz\u00f3 que &#8220;ser\u00e9 el candidato del argentinismo. Es el tiempo del argentinismo.&nbsp;<strong>Ni macrismo ni albertismo ni kirchnerismo<\/strong>&#8220;.<\/p>\n\n\n\n<p>Pero igualmente dijo que&nbsp;<strong>&#8220;rescato cosas del gobierno de N\u00e9stor (Kirchner), el de Cristina, del de Macri es dif\u00edcil rescatar algo&#8221;<\/strong>. Y a\u00f1adi\u00f3 que &#8220;a&nbsp;<strong>Alberto<\/strong>&nbsp;le toc\u00f3 un tiempo dif\u00edcil, los imprevistos alteraron el objetivo principal del gobierno de&nbsp;<strong>Alberto Fern\u00e1ndez<\/strong>&#8220;. A\u00f1adi\u00f3 que el actual Presidente &#8220;ya tomar\u00e1 una decisi\u00f3n&#8221; sobre una eventual candidatura a la reelecci\u00f3n); ahora&nbsp;<strong>quiere priorizar que ese espacio gane y que no vuelva la derecha<\/strong>&#8220;.<\/p>\n\n\n\n<p>&#8220;<strong>Tengo flexibilidad y poder de adaptaci\u00f3n por todo lo que me pas\u00f3 en la vida, me tuve que adaptar a vivir sin un brazo<\/strong>, perder una elecci\u00f3n, todos aprendizajes y la experiencia es sobre los que voy a trabajar&#8221;, sostuvo.&nbsp;Sobre quienes lo se\u00f1alan como &#8220;blando&#8221;, dijo que &#8220;yo manejaba una lancha a 250 kil\u00f3metros por hora, a m\u00ed no me pueden decir tibio, mi vida es un testimonio de coraje&#8221;.<\/p>\n\n\n\n<p><img decoding=\"async\" src=\"https:\/\/www.canal26.com\/media\/image\/2022\/07\/29\/513349.jpg\" alt=\"Sergio Massa, se reuni\u00f3 con Daniel Scioli en la sede del ministerio de desarrollo productivo. Foto NA\"><em><strong>Scioli&nbsp;junto a Sergio&nbsp;Massa. Foto: NA.<\/strong><\/em><\/p>\n\n\n\n<p><strong>Scioli<\/strong>&nbsp;dijo adem\u00e1s que &#8220;<strong>me tomo la pol\u00edtica en t\u00e9rminos de ideas no personales. Ni siquiera cuando dec\u00edan &#8216;mir\u00e1 c\u00f3mo te destratan los K&#8217;.<\/strong>&nbsp;El Papa (Francisco) me ense\u00f1\u00f3, me recomend\u00f3 un libro despu\u00e9s de una reuni\u00f3n en el Vaticano, un libro de teor\u00eda del acercamiento y la aproximaci\u00f3n indirecta, lo entend\u00ed y entend\u00ed todo&#8221;.<\/p>\n\n\n\n<p>&#8220;<strong>Aspiro a ser un delegado obrero como Presidente, defendiendo el trabajo argentino, a la industria nacional<\/strong>, a las pymes, a la clase media, a los sectores m\u00e1s humildes&#8221;, abund\u00f3. Respecto&nbsp;de las elecciones que perdi\u00f3 en 2015 frente a Macri, dijo que &#8220;los votos que faltaron en 2015 fueron de C\u00f3rdoba, hay que entenderlos&#8221;, en alusi\u00f3n al distrito del gobernador<strong>&nbsp;Juan Schiaretti<\/strong>. Pero sostuvo que &#8220;ahora hay que acercarse y escuchar&#8221;.<\/p>\n\n\n\n<p>Sobre&nbsp;<strong>Juntos por el Cambio (JxC)<\/strong>, el exgobernador se\u00f1al\u00f3 que &#8220;a diferencia del 2015 que disfrazaban todo con globos&nbsp;<strong>hoy la oposici\u00f3n est\u00e1 dici\u00e9ndole clarito a la gente que piensa hacer<\/strong>&#8220;.<\/p>\n\n\n\n<p>&#8220;En el&nbsp;<strong>2015<\/strong>, bajo la palabra &#8216;cambio&#8217;, negaban lo que yo advert\u00eda; ahora lo est\u00e1n diciendo. Hoy dicen que van a hacer lo mismo que en 2015, pero m\u00e1s r\u00e1pido. Es el proyecto de pa\u00eds del que hablan<strong>&nbsp;Patricia (Bullrich)<\/strong>&nbsp;y&nbsp;<strong>Horacio (Rodr\u00edguez) Larreta<\/strong>&#8220;, ampli\u00f3. As\u00ed mismo, Scioli&nbsp;reconoci\u00f3 que &#8220;los j\u00f3venes no se sienten representados por las fuerzas pol\u00edticas tradicionales&#8221; pero asegur\u00f3 que &#8220;no me asusta<strong>&nbsp;(el libertario Javier) Milei<\/strong>&#8221; e insisti\u00f3 con que&nbsp;<strong>&#8220;hay que hablar con todos, yo s\u00e9 dialogar&#8221;.<\/strong><\/p>\n\n\n\n<p>Dijo finalmente\u00a0<strong>Scioli<\/strong>\u00a0que &#8220;la gente quiere hablar del futuro, saber c\u00f3mo encarar los problemas que hay;\u00a0<strong>la gente vota para adelante<\/strong>&#8220;.<\/p>\n\n\n\n<p>Fuente: CADENA26<\/p>\n","protected":false},"excerpt":{"rendered":"<div class=\"mh-excerpt\"><p>En plena&nbsp;carrera&nbsp;rumbo a las pr\u00f3ximas&nbsp;elecciones de octubre, y en medio de un creciente&nbsp;clima electoral en franca efervescencia; se van perfilando los posibles&nbsp;candidatos.&nbsp;Tanto la&nbsp;oposici\u00f3n&nbsp;como el&nbsp;oficialismo&nbsp;no la tienen nada sencilla a la hora de encontrar las mejores opciones, o al menos, las que&nbsp;aglutinen a una inmensa mayor\u00eda en sus respectivos sectores. En esta&nbsp;compleja coyuntura, hace pocos d\u00edas, para la&nbsp;coalici\u00f3n de Gobierno&nbsp;surgi\u00f3 el&nbsp;candidato&nbsp;que podr\u00eda lograrlo y que, a priori, no parec\u00eda estar en los planes de muchos. Se trata de&nbsp;Daniel Scioli, el&nbsp;embajador argentino en Brasil&nbsp;y&nbsp;precandidato presidencial por el Frente de Todos (FdT). El&nbsp;exvicepresidente de la Naci\u00f3n&nbsp;se meti\u00f3 de lleno una vez m\u00e1s en <a class=\"mh-excerpt-more\" href=\"http:\/\/dsrmedios.com.ar\/diario\/archivos\/31053\" title=\"Daniel Scioli de cara a las elecciones:\u00a0&#8220;Puedo conversar con todos, puedo cerrar la grieta y voy a ganar&#8221;\">[Leer m\u00e1s]<\/a><\/p>\n<\/div>","protected":false},"author":6,"featured_media":31054,"comment_status":"open","ping_status":"closed","sticky":false,"template":"","format":"standard","meta":{"_jetpack_newsletter_access":""},"categories":[6],"tags":[],"jetpack_featured_media_url":"http:\/\/dsrmedios.com.ar\/diario\/wp-content\/uploads\/2023\/04\/539263.jpg","jetpack_sharing_enabled":true,"jetpack_shortlink":"https:\/\/wp.me\/p9fihK-84R","_links":{"self":[{"href":"http:\/\/dsrmedios.com.ar\/diario\/wp-json\/wp\/v2\/posts\/31053"}],"collection":[{"href":"http:\/\/dsrmedios.com.ar\/diario\/wp-json\/wp\/v2\/posts"}],"about":[{"href":"http:\/\/dsrmedios.com.ar\/diario\/wp-json\/wp\/v2\/types\/post"}],"author":[{"embeddable":true,"href":"http:\/\/dsrmedios.com.ar\/diario\/wp-json\/wp\/v2\/users\/6"}],"replies":[{"embeddable":true,"href":"http:\/\/dsrmedios.com.ar\/diario\/wp-json\/wp\/v2\/comments?post=31053"}],"version-history":[{"count":1,"href":"http:\/\/dsrmedios.com.ar\/diario\/wp-json\/wp\/v2\/posts\/31053\/revisions"}],"predecessor-version":[{"id":31055,"href":"http:\/\/dsrmedios.com.ar\/diario\/wp-json\/wp\/v2\/posts\/31053\/revisions\/31055"}],"wp:featuredmedia":[{"embeddable":true,"href":"http:\/\/dsrmedios.com.ar\/diario\/wp-json\/wp\/v2\/media\/31054"}],"wp:attachment":[{"href":"http:\/\/dsrmedios.com.ar\/diario\/wp-json\/wp\/v2\/media?parent=31053"}],"wp:term":[{"taxonomy":"category","embeddable":true,"href":"http:\/\/dsrmedios.com.ar\/diario\/wp-json\/wp\/v2\/categories?post=31053"},{"taxonomy":"post_tag","embeddable":true,"href":"http:\/\/dsrmedios.com.ar\/diario\/wp-json\/wp\/v2\/tags?post=31053"}],"curies":[{"name":"wp","href":"https:\/\/api.w.org\/{rel}","templated":true}]}}