{"id":31039,"date":"2023-04-16T07:49:12","date_gmt":"2023-04-16T10:49:12","guid":{"rendered":"http:\/\/dsrmedios.com.ar\/diario\/?p=31039"},"modified":"2023-04-16T07:49:14","modified_gmt":"2023-04-16T10:49:14","slug":"elecciones-en-caba-como-impactara-la-interna-del-pro-en-una-legislatura-que-tendra-caras-nuevas-a-partir-del-10-de-diciembre","status":"publish","type":"post","link":"http:\/\/dsrmedios.com.ar\/diario\/archivos\/31039","title":{"rendered":"Elecciones en CABA: c\u00f3mo impactar\u00e1 la interna del PRO en una Legislatura que tendr\u00e1 caras nuevas a partir del 10 de diciembre"},"content":{"rendered":"\n<p>Con la&nbsp;<strong>ciudad de Buenos Aires<\/strong>&nbsp;en el centro de la disputa interna del PRO por la decisi\u00f3n de&nbsp;<strong>Horacio Rodr\u00edguez Larreta<\/strong>&nbsp;de desdoblar las elecciones locales, comenzaron las especulaciones sobre c\u00f3mo impactar\u00e1 esta apuesta en el resultado electoral de la Ciudad. No s\u00f3lo para la definici\u00f3n del futuro jefe de Gobierno porte\u00f1o, cargo que desde hace 16 a\u00f1os est\u00e1 en manos del PRO, sino tambi\u00e9n en la&nbsp;<strong>conformaci\u00f3n de la futura Legislatura<\/strong>, un escenario clave para llevar adelante las pol\u00edticas en el distrito y que, hasta ahora, Rodr\u00edguez Larreta ha tenido bajo control gracias a su estrategia de ampliar su alianza con distintos partidos afines.<\/p>\n\n\n\n<p>El oficialismo porte\u00f1o obtuvo en 2019 el 54,2% de los votos en la lista de legisladores, un n\u00famero que ahora deber\u00e1 mirar para revalidar en las urnas la cantidad de bancas conseguidas hace cuatro a\u00f1os.&nbsp;<strong>Son 17 los diputados porte\u00f1os que la alianza del oficialismo local deber\u00e1 renovar en total<\/strong>. Esta cifra es m\u00e1s de la mitad de las 30 que se ponen en juego en la Legislatura en las pr\u00f3ximas elecciones porte\u00f1as. Sin embargo, fuentes del PRO en la Ciudad conf\u00edan en obtener nuevamente un n\u00famero aproximado al 50% de los votos.<\/p>\n\n\n\n<p>La \u00faltima encuesta de&nbsp;<strong>Federico Gonz\u00e1lez &amp; Asociados<\/strong>&nbsp;en la Ciudad de Buenos Aires (se hizo en modalidad&nbsp;<em>online<\/em>&nbsp;durante la primera semana de abril entre 800 electores porte\u00f1os) se\u00f1alaba que el candidato del PRO &#8211; todo indica hasta ahora que ser\u00eda<strong>&nbsp;Jorge Macri<\/strong>&nbsp;&#8211; se impondr\u00eda en las generales, al borde del balotaje, lo que le permitir\u00eda mantener la mayor\u00eda en la Legislatura.<\/p>\n\n\n\n<p>La f\u00f3rmula de Rodr\u00edguez Larreta para garantizarse el control de este cuerpo en sus dos mandatos fue ampliar el interbloque de&nbsp;<strong>Vamos Juntos&nbsp;<\/strong>(la alianza que integran el&nbsp;<strong>PRO<\/strong>, la&nbsp;<strong>Coalici\u00f3n C\u00edvica<\/strong>&nbsp;y<strong>&nbsp;Confianza P\u00fablica&nbsp;<\/strong>y que hoy tiene 20 legisladores), con el bloque de&nbsp;<strong>UCR-Evoluci\u00f3n<\/strong>&nbsp;(8 legisladores), que responde al senador nacional&nbsp;<strong>Mart\u00edn Lousteau;<\/strong>&nbsp;al&nbsp;<strong>Partido Socialista&nbsp;<\/strong>(2); y a&nbsp;<strong>Republicanos Unidos<\/strong>&nbsp;(2).<\/p>\n\n\n\n<p>Ese espacio cuenta&nbsp;<strong>hoy, en total, con 32 votos entre propios y aliados<\/strong>, uno m\u00e1s que el requerido para el qu\u00f3rum y que sirve para imponerse en las votaciones sin consenso con la oposici\u00f3n. Si bien este n\u00famero le permite sacar las leyes que le interesan al Ejecutivo, est\u00e1 lejos de la mayor\u00eda especial de 40 votos que supo tener en 2017, en su primer mandato al frente de la Ciudad.<\/p>\n\n\n\n<p>Desde el propio PRO admitieron que \u201cno siempre es f\u00e1cil llegar a acuerdos internos\u201d entre las distintas fuerzas que conforman la coalici\u00f3n oficialista. \u201cDe ac\u00e1 a las elecciones, habr\u00e1 diferencias y un nivel de tensi\u00f3n mayor (por la decisi\u00f3n de Larreta de desdoblar las elecciones locales). Pero la interacci\u00f3n como un interbloque amplio va a seguir\u201d, aseguraron a&nbsp;<strong>Infobae<\/strong>. Por lo pronto,&nbsp;<strong>la decisi\u00f3n de Rodr\u00edguez Larreta de desdoblar las elecciones ya gener\u00f3 una consecuencia pol\u00edtica en la Legislatura<\/strong>. El impacto&nbsp;<strong>afectar\u00e1 la mayor\u00eda que tuvo hasta ahora el oficialismo local para conseguir el qu\u00f3rum<\/strong>&nbsp;y el n\u00famero necesario para aprobar proyectos sin consenso de la oposici\u00f3n del Frente de Todos y la Izquierda, los m\u00e1s cr\u00edticos de la gesti\u00f3n actual.<\/p>\n\n\n\n<p>Tres legisladores del sector de<strong>&nbsp;Patricia Bullrich,&nbsp;<\/strong>liderado por su jefe de campa\u00f1a,&nbsp;<strong>Juan Pablo Arenaza,<\/strong>&nbsp;le informaron al presidente de Vamos Juntos,&nbsp;<strong>Diego Garc\u00eda Vilas,&nbsp;<\/strong>un virtual \u201cquite de colaboraci\u00f3n\u201d pol\u00edtico en el recinto. \u201cNo vamos a dar qu\u00f3rum ni a votar proyectos impulsados por el Ejecutivo porte\u00f1o, sin un acuerdo previo expl\u00edcito, de ac\u00e1 en adelante\u201d, le dijo Arenaza a&nbsp;<strong>Infobae&nbsp;<\/strong>sobre la decisi\u00f3n que tomaron junto a&nbsp;<strong>Carolina Estebarena<\/strong>&nbsp;y&nbsp;<strong>Mar\u00eda Luisa Garc\u00eda Estevarena<\/strong>. Sin embargo, aclar\u00f3 que la intenci\u00f3n no es romper el bloque.<\/p>\n\n\n\n<p>La Legislatura porte\u00f1a est\u00e1 integrada por 60 integrantes, con un mandato de cuatro a\u00f1os y una sola reelecci\u00f3n en forma consecutiva. De aspirar a un tercer per\u00edodo, los legisladores deben tomar al menos un intervalo de cuatros a\u00f1os. Los diputados porte\u00f1os se eligen por distrito \u00fanico, de manera proporcional por sistema D\u2019Hondt con un piso del 3%. Esta c\u00e1mara se renueva por mitades cada dos a\u00f1os y, en esta elecci\u00f3n, adem\u00e1s se elegir\u00e1 jefe de Gobierno en una boleta \u00fanica electr\u00f3nica, seg\u00fan dispuso esta semana Rodr\u00edguez Larreta en una decisi\u00f3n que Mauricio Macri y los principales l\u00edderes del PRO criticaron por \u201cinconsulta\u201d.<\/p>\n\n\n\n<h2>El escenario en el oficialismo porte\u00f1o<\/h2>\n\n\n\n<p>La Legislatura porte\u00f1a tendr\u00e1 un cuerpo renovado a partir del 10 de diciembre de este a\u00f1o, ya que varios de los legisladores m\u00e1s conocidos no podr\u00e1n aspirar a un nuevo per\u00edodo. Uno de ellos es justamente Garc\u00eda de Vilas, presidente del interbloque oficialista de&nbsp;<strong>Vamos Juntos, que renueva 11 de sus 20 integrantes<\/strong>. Dirigente de Confianza P\u00fablica, el partido de la diputada nacional&nbsp;<strong>Graciela Oca\u00f1a<\/strong>, este abogado laboralista culmina en diciembre su segundo per\u00edodo y, con su salida, se abre un interrogante sobre qui\u00e9n lo suceder\u00e1 en la delicada tarea de lograr los consensos internos necesarios para garantizar los votos.<\/p>\n\n\n\n<p>Tampoco podr\u00e1 continuar en la Legislatura&nbsp;<strong>Marcelo Goumann,&nbsp;<\/strong>presidente del bloque de la UCR-Evoluci\u00f3n, que lidera Lousteau. El senador nacional es un aliado de Rodriguez Larreta en la Ciudad para sucederlo al frente de la Jefatura de Gobierno porte\u00f1a, en medio de una disputa interna del PRO que estall\u00f3 esta semana por los candidatos a sucederlo en el distrito y su decisi\u00f3n de desdoblar la elecci\u00f3n con boleta \u00fanica para cargos locales.<\/p>\n\n\n\n<p>El radicalismo porte\u00f1o se juega parte de su futuro tanto en las urnas como en el pr\u00f3ximo armado de listas dentro de la alianza oficialista. Tendr\u00e1 que revalidar cinco de sus ocho bancas actuales, aunque la precandidatura de Lousteau &#8211; rival del principal candidato del PRO,&nbsp;<strong>Jorge Macri<\/strong>&nbsp;&#8211; promete darle ox\u00edgeno al partido que no gobierna la Ciudad desde que Fernando De la R\u00faa se convirti\u00f3 el primer de jefe de Gobierno porte\u00f1o, en 1996.<\/p>\n\n\n\n<p>Entre los legisladores del PRO, deber\u00e1n dejar su banca&nbsp;<strong>Daniel Del Sol y Mercedes de las Casas,&nbsp;<\/strong>que responden a&nbsp;<strong>Cristian Ritondo<\/strong>&nbsp;&#8211; alineado con&nbsp;<strong>Mar\u00eda Eugenia Vidal&nbsp;<\/strong>a nivel nacional -, y&nbsp;<strong>Estebarena<\/strong>, del sector de Bullrich. El otro referente legislativo de este espacio es Arenaza, que si bien tiene mandato hasta 2025, podr\u00eda dejar el cuerpo si la ex ministra de Seguridad llegase a acceder a la Presidencia o a otro puesto en un gobierno nacional.<\/p>\n\n\n\n<p>Hay otros referentes del oficialismo porte\u00f1o que s\u00ed podr\u00e1n renovar, como es el caso de&nbsp;<strong>Mart\u00edn Ocampo,<\/strong>&nbsp;vicepresidente segundo de la Legislatura, y cercano a Daniel Angelici. Ex ministro de Seguridad porte\u00f1o, Ocampo ya fue legislador dos per\u00edodos consecutivos, pero entre 2007 y 2014, por el PRO. Hoy integra el bloque de UCR-Evoluci\u00f3n y es una de las autoridades del radicalismo porte\u00f1o que responde a Lousteau.<\/p>\n\n\n\n<p><img decoding=\"async\" loading=\"lazy\" alt=\"Horacio Rodr\u00edguez Larreta cuenta hoy con una mayor\u00eda de 32 votos en la Legislatura entre propios y aliados\" height=\"1080\" width=\"1920\" class=\"\" src=\"https:\/\/cloudfront-us-east-1.images.arcpublishing.com\/infobae\/4GRE2LW42NBSDIHI7ZVAH7WBWE.jpg\" srcset=\"https:\/\/www.infobae.com\/new-resizer\/K6hq-kjM7Q52I0DFR8_VdiA3kLQ=\/420x236\/filters:format(webp):quality(85)\/cloudfront-us-east-1.images.arcpublishing.com\/infobae\/4GRE2LW42NBSDIHI7ZVAH7WBWE.jpg 420w,https:\/\/www.infobae.com\/new-resizer\/hJ83AR2iQxIEaNwi2PoiSPsIXIg=\/768x432\/filters:format(webp):quality(85)\/cloudfront-us-east-1.images.arcpublishing.com\/infobae\/4GRE2LW42NBSDIHI7ZVAH7WBWE.jpg 768w,https:\/\/www.infobae.com\/new-resizer\/JDQM5XGOrD8aM09pkolS9iB30Bg=\/992x558\/filters:format(webp):quality(85)\/cloudfront-us-east-1.images.arcpublishing.com\/infobae\/4GRE2LW42NBSDIHI7ZVAH7WBWE.jpg 992w,https:\/\/www.infobae.com\/new-resizer\/So5UUkto70ujwNwAcENqVw0ZYpw=\/1200x675\/filters:format(webp):quality(85)\/cloudfront-us-east-1.images.arcpublishing.com\/infobae\/4GRE2LW42NBSDIHI7ZVAH7WBWE.jpg 1200w,https:\/\/www.infobae.com\/new-resizer\/IQxwDU6mFB9RaShgyXC1eXVw_sA=\/1440x810\/filters:format(webp):quality(85)\/cloudfront-us-east-1.images.arcpublishing.com\/infobae\/4GRE2LW42NBSDIHI7ZVAH7WBWE.jpg 1440w\">Horacio Rodr\u00edguez Larreta cuenta hoy con una mayor\u00eda de 32 votos en la Legislatura entre propios y aliados<\/p>\n\n\n\n<p>La&nbsp;<strong>Coalici\u00f3n C\u00edvica<\/strong>&nbsp;(CC) pone en juego la banca que ocupa hoy su jefe de bloque&nbsp;<strong>Facundo del Gaiso,<\/strong>&nbsp;quien deber\u00e1 pelear por un lugar en la lista de Juntos si busca renovar. El otro referente de la CC en la Legislatura,&nbsp;<strong>Hern\u00e1n Reyes<\/strong>, tiene mandato hasta 2025. Elisa Carri\u00f3, l\u00edder de este espacio a nivel nacional, apoy\u00f3 a Rodr\u00edguez Larreta en su decisi\u00f3n de que los comicios porte\u00f1os se hagan por separado de la elecci\u00f3n nacional.<\/p>\n\n\n\n<p>Del Gaiso, jefe de la Coalici\u00f3n C\u00edvica en la Legislatura, advirti\u00f3 sobre las ventajas que puede traerle al oficialismo el desdoblamiento de las elecciones porte\u00f1as anunciado esta semana: \u201cLa gente elige una cara y un nombre. No hay una tracci\u00f3n presidencial. Eso hace mucho m\u00e1s transparente la elecci\u00f3n. En ese sentido, Juntos por el Cambio har\u00e1 una gran elecci\u00f3n. Vamos a poder sostener la mayor\u00eda legislativa\u201d.<\/p>\n\n\n\n<p>Otro aliado de Vamos Juntos,&nbsp;<strong>Roy Cortina<\/strong>, vicepresidente tercero de la Legislatura y titular del Partido Socialista, tambi\u00e9n deber\u00e1 dejar la Legislatura. Esta fuerza actualmente tiene solo dos esca\u00f1os. Su compa\u00f1era de bancada,<strong>&nbsp;J\u00e9ssica Barreto<\/strong>, tiene mandato hasta 2025.<\/p>\n\n\n\n<p>Para los Republicanos, los socios m\u00e1s nuevos de Juntos, la expectativa de sumar legisladores est\u00e1 atada a la precandidatura del diputado nacional&nbsp;<strong>Ricardo L\u00f3pez Murphy<\/strong>&nbsp;a jefe de gobierno porte\u00f1o. Esta fuerza de centroderecha tiene a\u00fan que resolver si el titular del bloque en la Legislatura,&nbsp;<strong>Ricardo Garc\u00eda Morit\u00e1n,<\/strong>&nbsp;con mandato hasta 2025, busca tambi\u00e9n competir para jefe de Gobierno. Tras el anuncio de Rodr\u00edguez Larreta sobre las elecciones porte\u00f1as, el marido de Pampita sali\u00f3 a respaldarlo, mientras que la otra legisladora del espacio,&nbsp;<strong>Marina Kienast<\/strong>, est\u00e1 alineada con L\u00f3pez Murphy, qui\u00e9n ya hizo p\u00fablico su apoyo a Bullrich para competir por la Presidencia.<\/p>\n\n\n\n<h2>La oposici\u00f3n porte\u00f1a<\/h2>\n\n\n\n<p>El&nbsp;<strong>Frente de Todos<\/strong>&nbsp;tendr\u00e1 un panorama a\u00fan m\u00e1s complicado.&nbsp;<strong>Pone en juego 11 de sus 19 bancas&nbsp;<\/strong>en la Legislatura porte\u00f1a, ya que le toca revalidar una de sus mejores elecciones en la Ciudad, cuando aprovech\u00f3 en 2019 el descontento nacional contra el macrismo y super\u00f3 los 32 puntos. El kirchnerismo porte\u00f1o, adem\u00e1s, deber\u00e1 hacer frente a un escenario general adverso entre la creciente inflaci\u00f3n y la crisis pol\u00edtica interna del kirchnerismo.<\/p>\n\n\n\n<p>La alianza opositora en la Ciudad ya tiene tres precandidatos a jefe de gobierno porte\u00f1os lanzados, seg\u00fan reconstruy\u00f3 Infobae entre fuentes del kirchnerismo. Aparecen como postulantes la ex ministra de las Mujeres,&nbsp;<strong>Elizabeth G\u00f3mez Alcorta<\/strong>; el juez&nbsp;<strong>Juan Ramos Padilla<\/strong>&nbsp;y el humorista<strong>&nbsp;Pedro Rosemblat<\/strong>, conocido por su personaje \u201cEl Cadete\u201d. Aunque todav\u00eda queda por confirmarse la precandidatura del espacio que representan&nbsp;<strong>Leandro Santoro,<\/strong>&nbsp;diputado nacional del Frente de Todos, y el actual ministro de Turismo de la Naci\u00f3n,&nbsp;<strong>Mat\u00edas Lammens<\/strong>.<\/p>\n\n\n\n<p>Desde el kirchnerismo porte\u00f1o admiten que ser\u00e1 muy dif\u00edcil igualar aquella elecci\u00f3n de 2019, pero conf\u00edan en un piso de votos que supere el 20% en los pr\u00f3ximos comicios. Saben que el clima social de aqu\u00ed al momento de las elecciones influir\u00e1 inevitablemente en la performance electoral, pero conf\u00edan en un resultado que les asegure entre 7 y 8 legisladores. Perder\u00edan como m\u00ednimo tres bancas en la Legislatura.<\/p>\n\n\n\n<p><img decoding=\"async\" loading=\"lazy\" alt=\"El dirigente kirchnerista de origen radical se posiciona como uno de los mejores candidatos porte\u00f1os del Frente de Todos\" height=\"1080\" width=\"1920\" class=\"\" src=\"https:\/\/cloudfront-us-east-1.images.arcpublishing.com\/infobae\/UAFJJOIAFVGVNMZSCDOGJAHI5M.jpg\" srcset=\"https:\/\/www.infobae.com\/new-resizer\/7yNwdkjFiOVy44J2g08Mwt-CldU=\/420x236\/filters:format(webp):quality(85)\/cloudfront-us-east-1.images.arcpublishing.com\/infobae\/UAFJJOIAFVGVNMZSCDOGJAHI5M.jpg 420w,https:\/\/www.infobae.com\/new-resizer\/4yoOa3iX5o5flELoZLOkS96zyCw=\/768x432\/filters:format(webp):quality(85)\/cloudfront-us-east-1.images.arcpublishing.com\/infobae\/UAFJJOIAFVGVNMZSCDOGJAHI5M.jpg 768w,https:\/\/www.infobae.com\/new-resizer\/PDPCDe16v6QrLXHPDPJDRcH3ZHU=\/992x558\/filters:format(webp):quality(85)\/cloudfront-us-east-1.images.arcpublishing.com\/infobae\/UAFJJOIAFVGVNMZSCDOGJAHI5M.jpg 992w,https:\/\/www.infobae.com\/new-resizer\/-O5L7U_lshGpzl3M-dH-glz3xtA=\/1200x675\/filters:format(webp):quality(85)\/cloudfront-us-east-1.images.arcpublishing.com\/infobae\/UAFJJOIAFVGVNMZSCDOGJAHI5M.jpg 1200w,https:\/\/www.infobae.com\/new-resizer\/Lfd4CEjkY062KzSRDVjpYcinLco=\/1440x810\/filters:format(webp):quality(85)\/cloudfront-us-east-1.images.arcpublishing.com\/infobae\/UAFJJOIAFVGVNMZSCDOGJAHI5M.jpg 1440w\">El dirigente kirchnerista de origen radical se posiciona como uno de los mejores candidatos porte\u00f1os del Frente de Todos<\/p>\n\n\n\n<p>Santoro, uno de los dirigentes kirchneristas con mejor imagen en la ciudad de Buenos Aires, explic\u00f3 a&nbsp;<strong>Infobae&nbsp;<\/strong>que el Frente de Todos tendr\u00e1 que focalizarse en la escena porte\u00f1a si quiere obtener en buen resultado electoral: \u201cLa elecci\u00f3n depender\u00e1 de nuestra capacidad de construir un programa pol\u00edtico local que seduzca al electorado independiente. Trataremos de tener una alternativa a la propuesta hegem\u00f3nica de PRO, que lleva 16 a\u00f1os gobernando\u201d. Su precandidatura puede ayudar a una mejor performance del FDT. Seg\u00fan analiz\u00f3 Federico Gonz\u00e1lez ante&nbsp;<strong>Infobae<\/strong>, \u201cSantoro es un muy buen candidato por s\u00ed mismo y es el que mejor mide dentro por ser el m\u00e1s transversal del espacio, con apoyo propio a su figura, sin estar identificado tanto con el kirchnerismo ni con el peronismo, ya que tiene un origen radical.\u201d<\/p>\n\n\n\n<p>La interna oficialista a nivel nacional, todav\u00eda sin resolver, impactar\u00e1 directamente dentro de la escena porte\u00f1a y tambi\u00e9n en la renovaci\u00f3n de varios legisladores, y los lugares a ocupar por cada sector en las listas. El presidente del bloque del Frente de Todos,&nbsp;<strong>Claudio Ferre\u00f1o<\/strong>, amigo personal del presidente Alberto Fern\u00e1ndez, termina su mandato este a\u00f1o. En la misma situaci\u00f3n se encuentra Claudia Neira, alineada con el vicejefe de Gabinete<strong>&nbsp;Juan Manuel Olmos<\/strong>, y el exfutbolista y ex secretario de Deportes de Cristina Kirchner,&nbsp;<strong>Claudio Morresi<\/strong>, de la agrupaci\u00f3n Kolina. De La C\u00e1mpora, terminan sus mandatos&nbsp;<strong>Cecilia Segura, Javier Andrade y Luc\u00eda C\u00e1mpora<\/strong>. La nueva secretaria general de la agrupaci\u00f3n juvenil kirchnerista que lleva el apellido de su t\u00edo abuelo, el ex presidente<strong>&nbsp;H\u00e9ctor C\u00e1mpora<\/strong>, suena como posible candidata a diputada nacional. La agrupaci\u00f3n m\u00e1s cercana a Cristina Kirchner reclamar\u00eda lugares en la lista porte\u00f1a para ocupar esos espacios que quedar\u00e1n vacantes.<\/p>\n\n\n\n<p><strong>Ofelia Fern\u00e1ndez<\/strong>, la joven legisladora de 22 a\u00f1os que lleg\u00f3 impulsada por&nbsp;<strong>Juan Grabois<\/strong>&nbsp;en 2019 a partir de su militancia estudiantil, aspirar\u00e1 a una reelecci\u00f3n como legisladora. Sorprendi\u00f3 la semana pasada con un video que grab\u00f3 en Instagram con Rosemblat, en el que pidieron que haya PASO en la Ciudad para elegir los candidatos y se ofrecieron a recorrer \u201ctodos los barrios\u201d para \u201cconstruir colectivamente una propuesta pol\u00edtica\u201d.<\/p>\n\n\n\n<p><img decoding=\"async\" loading=\"lazy\" alt=\"El legislador porte\u00f1o especializado en finanzas ser\u00e1 candidato a jefe de gobierno por La Libertad Avanza. Cr\u00e9dito: Mat\u00edas Arbotto\" height=\"1080\" width=\"1920\" class=\"\" src=\"https:\/\/cloudfront-us-east-1.images.arcpublishing.com\/infobae\/ZA3QNFVUIJETDKP6J2RNCMV3PQ.jpg\" srcset=\"https:\/\/www.infobae.com\/new-resizer\/WA0N0u2rMIXXgsGFV60n3gpyrpo=\/420x236\/filters:format(webp):quality(85)\/cloudfront-us-east-1.images.arcpublishing.com\/infobae\/ZA3QNFVUIJETDKP6J2RNCMV3PQ.jpg 420w,https:\/\/www.infobae.com\/new-resizer\/8tiM8MDBghznfF0lzJScPKKt7Ao=\/768x432\/filters:format(webp):quality(85)\/cloudfront-us-east-1.images.arcpublishing.com\/infobae\/ZA3QNFVUIJETDKP6J2RNCMV3PQ.jpg 768w,https:\/\/www.infobae.com\/new-resizer\/y9Myfoo2LpMxImC2medmYCK0C9o=\/992x558\/filters:format(webp):quality(85)\/cloudfront-us-east-1.images.arcpublishing.com\/infobae\/ZA3QNFVUIJETDKP6J2RNCMV3PQ.jpg 992w,https:\/\/www.infobae.com\/new-resizer\/52msrik3tyUkYsHHJ6wQjOpx4zU=\/1200x675\/filters:format(webp):quality(85)\/cloudfront-us-east-1.images.arcpublishing.com\/infobae\/ZA3QNFVUIJETDKP6J2RNCMV3PQ.jpg 1200w,https:\/\/www.infobae.com\/new-resizer\/uEMCLSkQ0T5nITLdKA74BELPuwo=\/1440x810\/filters:format(webp):quality(85)\/cloudfront-us-east-1.images.arcpublishing.com\/infobae\/ZA3QNFVUIJETDKP6J2RNCMV3PQ.jpg 1440w\">El legislador porte\u00f1o especializado en finanzas ser\u00e1 candidato a jefe de gobierno por La Libertad Avanza. Cr\u00e9dito: Mat\u00edas Arbotto<\/p>\n\n\n\n<p><strong>La Libertad Avanza,<\/strong>&nbsp;que cuenta con un bloque de 5 legisladores, apuestan a un crecimiento electoral en la Ciudad con la candidatura de&nbsp;<strong>Ramiro Marra<\/strong>&nbsp;&#8211; actual titular de bloque &#8211; a jefe de gobierno porte\u00f1o, traccionada por la postulaci\u00f3n de<strong>&nbsp;Javier Milei<\/strong>&nbsp;a nivel nacional.<\/p>\n\n\n\n<p>Cerca del jefe de Gobierno buscaron fundamentar la decisi\u00f3n de desdoblar la elecci\u00f3n porte\u00f1a, en parte, para evitar el arrastre que podr\u00eda ocasionar la candidatura de Milei en la Ciudad. Con encuestas que lo ubican al economista liberal alrededor de los 20 puntos, la alianza oficialista perder\u00eda la mayor\u00eda en la Legislatura.<\/p>\n\n\n\n<p>Sin embargo, el encuestador Gonz\u00e1lez advirti\u00f3 que si bien los candidatos del economistas liberal miden b\u00e1sicamente por la figura de Milei, el caso de Marra es distinto. \u201cTiene un p\u00fablico propio, especialmente entre los j\u00f3venes, por ser conocido como youtuber financiero\u201d. Seg\u00fan su \u00faltima encuesta online en la Ciudad, el precandidato hoy tiene un porcentaje similar de intenci\u00f3n de voto para las PASO que Lousteau. Pero en la general, al 6 de abril, Marra se ubicar\u00eda en un tercer lugar, detr\u00e1s de Jorge Macri y Santoro.<\/p>\n\n\n\n<p>El Frente de Izquierda-Unidad cuenta hoy con 3 legisladores en la Ciudad, de los cuales solo termina su mandato en diciembre<strong>\u00a0Mar\u00eda de las Mercedes Mendieta<\/strong>, de Izquierda Socialista. Gabriel Solano, del Partido Obrero, y<strong>\u00a0Alejandrina Barry<\/strong>, del PTS, continuar\u00e1n en la Legislatura. Por \u00faltimo, Consenso Federal, pone en juego tambi\u00e9n su \u00fanica banca, hoy en manos de<strong>\u00a0Eugenio Casielles.<\/strong><\/p>\n\n\n\n<p>FUENTE: INFOBAE<\/p>\n","protected":false},"excerpt":{"rendered":"<div class=\"mh-excerpt\"><p>Con la&nbsp;ciudad de Buenos Aires&nbsp;en el centro de la disputa interna del PRO por la decisi\u00f3n de&nbsp;Horacio Rodr\u00edguez Larreta&nbsp;de desdoblar las elecciones locales, comenzaron las especulaciones sobre c\u00f3mo impactar\u00e1 esta apuesta en el resultado electoral de la Ciudad. No s\u00f3lo para la definici\u00f3n del futuro jefe de Gobierno porte\u00f1o, cargo que desde hace 16 a\u00f1os est\u00e1 en manos del PRO, sino tambi\u00e9n en la&nbsp;conformaci\u00f3n de la futura Legislatura, un escenario clave para llevar adelante las pol\u00edticas en el distrito y que, hasta ahora, Rodr\u00edguez Larreta ha tenido bajo control gracias a su estrategia de ampliar su alianza con distintos partidos <a class=\"mh-excerpt-more\" href=\"http:\/\/dsrmedios.com.ar\/diario\/archivos\/31039\" title=\"Elecciones en CABA: c\u00f3mo impactar\u00e1 la interna del PRO en una Legislatura que tendr\u00e1 caras nuevas a partir del 10 de diciembre\">[Leer m\u00e1s]<\/a><\/p>\n<\/div>","protected":false},"author":6,"featured_media":30592,"comment_status":"open","ping_status":"closed","sticky":false,"template":"","format":"standard","meta":{"_jetpack_newsletter_access":""},"categories":[6],"tags":[],"jetpack_featured_media_url":"http:\/\/dsrmedios.com.ar\/diario\/wp-content\/uploads\/2023\/04\/larreta.png","jetpack_sharing_enabled":true,"jetpack_shortlink":"https:\/\/wp.me\/p9fihK-84D","_links":{"self":[{"href":"http:\/\/dsrmedios.com.ar\/diario\/wp-json\/wp\/v2\/posts\/31039"}],"collection":[{"href":"http:\/\/dsrmedios.com.ar\/diario\/wp-json\/wp\/v2\/posts"}],"about":[{"href":"http:\/\/dsrmedios.com.ar\/diario\/wp-json\/wp\/v2\/types\/post"}],"author":[{"embeddable":true,"href":"http:\/\/dsrmedios.com.ar\/diario\/wp-json\/wp\/v2\/users\/6"}],"replies":[{"embeddable":true,"href":"http:\/\/dsrmedios.com.ar\/diario\/wp-json\/wp\/v2\/comments?post=31039"}],"version-history":[{"count":1,"href":"http:\/\/dsrmedios.com.ar\/diario\/wp-json\/wp\/v2\/posts\/31039\/revisions"}],"predecessor-version":[{"id":31040,"href":"http:\/\/dsrmedios.com.ar\/diario\/wp-json\/wp\/v2\/posts\/31039\/revisions\/31040"}],"wp:featuredmedia":[{"embeddable":true,"href":"http:\/\/dsrmedios.com.ar\/diario\/wp-json\/wp\/v2\/media\/30592"}],"wp:attachment":[{"href":"http:\/\/dsrmedios.com.ar\/diario\/wp-json\/wp\/v2\/media?parent=31039"}],"wp:term":[{"taxonomy":"category","embeddable":true,"href":"http:\/\/dsrmedios.com.ar\/diario\/wp-json\/wp\/v2\/categories?post=31039"},{"taxonomy":"post_tag","embeddable":true,"href":"http:\/\/dsrmedios.com.ar\/diario\/wp-json\/wp\/v2\/tags?post=31039"}],"curies":[{"name":"wp","href":"https:\/\/api.w.org\/{rel}","templated":true}]}}