{"id":31030,"date":"2023-04-15T19:06:38","date_gmt":"2023-04-15T22:06:38","guid":{"rendered":"http:\/\/dsrmedios.com.ar\/diario\/?p=31030"},"modified":"2023-04-15T19:06:41","modified_gmt":"2023-04-15T22:06:41","slug":"no-hay-perdida-la-insolita-afirmacion-de-la-ministra-de-trabajo-sobre-la-relacion-salarios-inflacion","status":"publish","type":"post","link":"http:\/\/dsrmedios.com.ar\/diario\/archivos\/31030","title":{"rendered":"\u201cNo hay p\u00e9rdida\u201d: la ins\u00f3lita afirmaci\u00f3n de la ministra de Trabajo sobre la relaci\u00f3n salarios-inflaci\u00f3n"},"content":{"rendered":"\n<p>La \u201cguerra\u201d contra la&nbsp;<strong><a href=\"https:\/\/elintransigente.com\/tag\/inflacion\/\" target=\"_blank\" rel=\"noreferrer noopener\">inflaci\u00f3n<\/a><\/strong>&nbsp;declarada el a\u00f1o pasado por el presidente Alberto Fern\u00e1ndez no va de la mejor manera. La gesti\u00f3n de Sergio Massa al frente del Ministerio de Econom\u00eda, tampoco. Pues, este viernes, el&nbsp;<strong><a href=\"https:\/\/www.indec.gob.ar\/\" target=\"_blank\" rel=\"noreferrer noopener\">Indec<\/a><\/strong>&nbsp;inform\u00f3 que el \u00cdndice de Precios al Consumidor (<strong>IPC<\/strong>) de marzo fue de 7,7%. Casi rest\u00e1ndole importancia a una cifra que genera preocupaci\u00f3n a nivel general, la ministra de Trabajo,&nbsp;<strong><a href=\"https:\/\/elintransigente.com\/tag\/kelly-olmos\/\" target=\"_blank\" rel=\"noreferrer noopener\">Raquel \u2018Kelly\u2019 Olmos<\/a><\/strong>, realiz\u00f3 una&nbsp;<strong>afirmaci\u00f3n<\/strong>&nbsp;tan curiosa como&nbsp;<strong>ins\u00f3lita<\/strong>&nbsp;sobre la&nbsp;<strong>relaci\u00f3n salarios-inflaci\u00f3n<\/strong>.<\/p>\n\n\n\n<p>En declaraciones a AM 750, Olmos asegur\u00f3 que en el salario formal de los trabajadores de los sectores p\u00fablico y privado \u201cno tuvieron p\u00e9rdida adquisitiva desde el 31 de diciembre hasta el 31 de marzo\u201d. Adem\u00e1s, lejos de asumir la responsabilidad por el IPC m\u00e1s alto de esta gesti\u00f3n, la funcionaria indic\u00f3 que se explica por la \u201csituaci\u00f3n estructural de escasez de divisas\u201d, que adjudic\u00f3 al gobierno de Mauricio Macri y al impacto de la sequ\u00eda en las reservas del Banco Central (BCRA).<\/p>\n\n\n\n<p>\u201cEste 7,7% de inflaci\u00f3n tiene que ver con las condiciones en que recibimos el gobierno y ahora con la sequ\u00eda, que impact\u00f3 muy fuerte en el ingreso de divisas y en los del Estado\u201d, remarc\u00f3 la titular de la cartera laboral. Tambi\u00e9n se refiri\u00f3 a las paritarias en curso. Al respecto, Olmos explic\u00f3 que desde Trabajo buscar\u00e1n habilitar todos los pedidos de revisi\u00f3n que se formulen, por los altos niveles de inflaci\u00f3n.<\/p>\n\n\n\n<p>\u201cHay que reducir los plazos (de negociaci\u00f3n paritaria) para que no se afecte la capacidad de recuperaci\u00f3n de los salarios\u201d, declar\u00f3. Y agreg\u00f3: \u201cEl (salario) formal lo estamos siguiendo mes a mes, no perdemos la atenci\u00f3n del tema\u201d. \u201cCon relaci\u00f3n al sector informal, la respuesta del Gobierno ha sido aumentar el monto de la Tarjeta Alimentar en un 35%\u201d, coment\u00f3 la ministra de Trabajo.<\/p>\n\n\n\n<p>La funcionaria sostuvo que \u201cel salario no puede ser la variable de ajuste\u201d y que \u201cno es con m\u00e1s nominalidad que se resuelve la inflaci\u00f3n\u201d. A lo cual, Olmos complet\u00f3: \u201cNo es que los gremios se opongan a un mayor ingreso de sus trabajadores, al contrario, ellos impulsan los aumentos. Es muy importante bajar la alta inflaci\u00f3n que afecta el estado de \u00e1nimo\u201d.<\/p>\n\n\n\n<h3 id=\"h-inflacion-sin-tregua\">Inflaci\u00f3n sin tregua<\/h3>\n\n\n\n<p>La inflaci\u00f3n no da tregua. En enero de este a\u00f1o, el IPC fue de 6%, mientras que los precios de los alimentos subieron 9,8%. Febrero no quiso ser menos y qued\u00f3 en 6,6% la inflaci\u00f3n, en tanto los alimentos treparon a 6,8%. Finalmente, el IPC informado el viernes por el Indec arroj\u00f3 7,7%, con una suba de 9,3% en alimentos. No obstante, en el tercer mes del a\u00f1o el rubro que registr\u00f3 el mayor aumento fue Educaci\u00f3n (29,1%) \u201cpor las subas en todos los niveles educativos al inicio del ciclo lectivo\u201d, se indic\u00f3.<\/p>\n\n\n\n<p>Fuente: El Intransigente<\/p>\n","protected":false},"excerpt":{"rendered":"<div class=\"mh-excerpt\"><p>La \u201cguerra\u201d contra la&nbsp;inflaci\u00f3n&nbsp;declarada el a\u00f1o pasado por el presidente Alberto Fern\u00e1ndez no va de la mejor manera. La gesti\u00f3n de Sergio Massa al frente del Ministerio de Econom\u00eda, tampoco. Pues, este viernes, el&nbsp;Indec&nbsp;inform\u00f3 que el \u00cdndice de Precios al Consumidor (IPC) de marzo fue de 7,7%. Casi rest\u00e1ndole importancia a una cifra que genera preocupaci\u00f3n a nivel general, la ministra de Trabajo,&nbsp;Raquel \u2018Kelly\u2019 Olmos, realiz\u00f3 una&nbsp;afirmaci\u00f3n&nbsp;tan curiosa como&nbsp;ins\u00f3lita&nbsp;sobre la&nbsp;relaci\u00f3n salarios-inflaci\u00f3n. En declaraciones a AM 750, Olmos asegur\u00f3 que en el salario formal de los trabajadores de los sectores p\u00fablico y privado \u201cno tuvieron p\u00e9rdida adquisitiva desde el 31 de <a class=\"mh-excerpt-more\" href=\"http:\/\/dsrmedios.com.ar\/diario\/archivos\/31030\" title=\"\u201cNo hay p\u00e9rdida\u201d: la ins\u00f3lita afirmaci\u00f3n de la ministra de Trabajo sobre la relaci\u00f3n salarios-inflaci\u00f3n\">[Leer m\u00e1s]<\/a><\/p>\n<\/div>","protected":false},"author":6,"featured_media":31031,"comment_status":"open","ping_status":"closed","sticky":false,"template":"","format":"standard","meta":{"_jetpack_newsletter_access":""},"categories":[6],"tags":[],"jetpack_featured_media_url":"http:\/\/dsrmedios.com.ar\/diario\/wp-content\/uploads\/2023\/04\/images-8.jpg","jetpack_sharing_enabled":true,"jetpack_shortlink":"https:\/\/wp.me\/p9fihK-84u","_links":{"self":[{"href":"http:\/\/dsrmedios.com.ar\/diario\/wp-json\/wp\/v2\/posts\/31030"}],"collection":[{"href":"http:\/\/dsrmedios.com.ar\/diario\/wp-json\/wp\/v2\/posts"}],"about":[{"href":"http:\/\/dsrmedios.com.ar\/diario\/wp-json\/wp\/v2\/types\/post"}],"author":[{"embeddable":true,"href":"http:\/\/dsrmedios.com.ar\/diario\/wp-json\/wp\/v2\/users\/6"}],"replies":[{"embeddable":true,"href":"http:\/\/dsrmedios.com.ar\/diario\/wp-json\/wp\/v2\/comments?post=31030"}],"version-history":[{"count":1,"href":"http:\/\/dsrmedios.com.ar\/diario\/wp-json\/wp\/v2\/posts\/31030\/revisions"}],"predecessor-version":[{"id":31032,"href":"http:\/\/dsrmedios.com.ar\/diario\/wp-json\/wp\/v2\/posts\/31030\/revisions\/31032"}],"wp:featuredmedia":[{"embeddable":true,"href":"http:\/\/dsrmedios.com.ar\/diario\/wp-json\/wp\/v2\/media\/31031"}],"wp:attachment":[{"href":"http:\/\/dsrmedios.com.ar\/diario\/wp-json\/wp\/v2\/media?parent=31030"}],"wp:term":[{"taxonomy":"category","embeddable":true,"href":"http:\/\/dsrmedios.com.ar\/diario\/wp-json\/wp\/v2\/categories?post=31030"},{"taxonomy":"post_tag","embeddable":true,"href":"http:\/\/dsrmedios.com.ar\/diario\/wp-json\/wp\/v2\/tags?post=31030"}],"curies":[{"name":"wp","href":"https:\/\/api.w.org\/{rel}","templated":true}]}}