{"id":31020,"date":"2023-04-15T18:57:22","date_gmt":"2023-04-15T21:57:22","guid":{"rendered":"http:\/\/dsrmedios.com.ar\/diario\/?p=31020"},"modified":"2023-04-15T18:57:22","modified_gmt":"2023-04-15T21:57:22","slug":"martin-redrado-rechazo-la-dolarizacion-y-explicito-3-condiciones-para-solucionar-la-inflacion","status":"publish","type":"post","link":"http:\/\/dsrmedios.com.ar\/diario\/archivos\/31020","title":{"rendered":"Mart\u00edn Redrado rechaz\u00f3 la dolarizaci\u00f3n y explicit\u00f3 3 condiciones para solucionar la inflaci\u00f3n"},"content":{"rendered":"\n<p>Mart\u00edn Redrado dijo hoy que la inflaci\u00f3n se puede resolver y explicit\u00f3 las condiciones para hacerlo, incluida una dosis de \u201cheterodoxia\u201d.<\/p>\n\n\n\n<p>El expresidente del Banco Central y exsecretario de Relaciones Econ\u00f3micas Internacionales de la Canciller\u00eda y hoy secretario de Asuntos Estrat\u00e9gicos del gobierno de la Ciudad de Buenos Aires, que encabeza el precandidato presidencial&nbsp;<strong>Horacio Rodr\u00edguez Larreta<\/strong>, atribuy\u00f3 la alta inflaci\u00f3n, de la que ayer se inform\u00f3 el 7,7% de aumento mensual en marzo, a la mala pol\u00edtica macroecon\u00f3mica. Y advirti\u00f3 que en el futuro podr\u00eda ser m\u00e1s alta.<\/p>\n\n\n\n<p>\u201cLa inflaci\u00f3n se mueve por escalones y puede tener picos hacia arriba\u201d, afirm\u00f3. \u201cLa culpa de la alta inflaci\u00f3n es una mala&nbsp;pol\u00edtica macroecon\u00f3mica. No le echemos la culpa al mundo\u201d, subray\u00f3.<\/p>\n\n\n\n<p>A su vez, Redrado rechaz\u00f3 la dolarizaci\u00f3n como soluci\u00f3n al problema inflacionario. La consider\u00f3 \u201cuna simplificaci\u00f3n del problema, porque la base del problema es fiscal, no monetario\u201d.<\/p>\n\n\n\n<p><strong>\u00bfD\u00f3nde est\u00e1n los d\u00f3lares?<\/strong><\/p>\n\n\n\n<p>\u201cSiempre me parecen interesantes las propuestas de&nbsp;<strong>Javier (Milei)&nbsp;<\/strong>pero hay que discutirlas de manera sana y profesional\u201d, plante\u00f3 el funcionario. Y pregunt\u00f3: \u201c\u00bfC\u00f3mo se lleva adelante la dolarizaci\u00f3n? Eso significa que el 10 de diciembre el Presidente le dice a los argentinos: \u2018los pesos que tenemos los podemos cambiar a d\u00f3lares en un proceso de 6 meses\u2019. Bueno \u00bfcu\u00e1ntos d\u00f3lares tiene el Banco Central?, \u00bftiene d\u00f3lares disponibles?, \u00bfcu\u00e1l es el dinero circulante? Entonces, si hacemos una relaci\u00f3n acerca de c\u00f3mo es la convertibilidad: \u00bfCu\u00e1ntos pesos hay y cu\u00e1l es la base monetaria? \u00bfArgentina resiste una devaluaci\u00f3n? \u00bfQu\u00e9 pasa con la Argentina? \u00bfQu\u00e9 pasa con los precios?\u201d, plante\u00f3, a modo de preguntas sin respuesta.<\/p>\n\n\n\n<p>\u201cEl padre del euro,&nbsp;<strong>Robert Mundell,<\/strong>&nbsp;explicaba lo que era un \u00e1rea monetaria \u00f3ptima: los mismos impuestos, las mismas regulaciones en varios pa\u00edses de Europa\u201d, plante\u00f3 Redrado. \u201cLa pregunta es: \u00bfnosotros tenemos un \u00e1rea monetaria \u00f3ptima con los EEUU? Porque en definitiva nos estamos comparando con esa econom\u00eda. La respuesta es No. Entonces, no busquemos atajos para resolver la econom\u00eda de la Argentina. Por todo esto, la dolarizaci\u00f3n no resuelve los problemas de la Argentina\u201d.<\/p>\n\n\n\n<p>Sin embargo, insisti\u00f3 que la inflaci\u00f3n argentina es un problema que se puede perfectamente resolver. Entrevistado en el programa \u201cPa\u00eds adolescente\u201d, por CNN Radio, Redrado afirm\u00f3: \u201cla inflaci\u00f3n tiene soluci\u00f3n en la Argentina. No de la manera en que la est\u00e1 abordando el gobierno, con controles de precios, precios justos, ech\u00e1ndole la culpa a los supermercados chinos. La base del problema inflacionario es tener una mala pol\u00edtica macroecon\u00f3mica\u201d.<\/p>\n\n\n\n<p><img decoding=\"async\" loading=\"lazy\" alt=\"Mart\u00edn Redrado se integr\u00f3 al equipo de Rodr\u00edguez Larreta. En la foto, con el alcalde porte\u00f1o, Waldo Wolff y Silvia Lospenatto\" height=\"1080\" width=\"1920\" class=\"\" src=\"https:\/\/cloudfront-us-east-1.images.arcpublishing.com\/infobae\/6FSR4HD3GVHG3MBYWEQR7PMTLQ.jpg\" srcset=\"https:\/\/www.infobae.com\/new-resizer\/YfFoxcWBHY1FZk_iY_fEnbhO0Vg=\/420x236\/filters:format(webp):quality(85)\/cloudfront-us-east-1.images.arcpublishing.com\/infobae\/6FSR4HD3GVHG3MBYWEQR7PMTLQ.jpg 420w,https:\/\/www.infobae.com\/new-resizer\/XHpyL1Aa4Ita5SaK80XSc1iRRGw=\/768x432\/filters:format(webp):quality(85)\/cloudfront-us-east-1.images.arcpublishing.com\/infobae\/6FSR4HD3GVHG3MBYWEQR7PMTLQ.jpg 768w,https:\/\/www.infobae.com\/new-resizer\/uEmbrwQHEocxYwqHUxLvc79HV2s=\/992x558\/filters:format(webp):quality(85)\/cloudfront-us-east-1.images.arcpublishing.com\/infobae\/6FSR4HD3GVHG3MBYWEQR7PMTLQ.jpg 992w,https:\/\/www.infobae.com\/new-resizer\/EPDyTRrU45bhQcDzD6xYgZB6VwY=\/1200x675\/filters:format(webp):quality(85)\/cloudfront-us-east-1.images.arcpublishing.com\/infobae\/6FSR4HD3GVHG3MBYWEQR7PMTLQ.jpg 1200w,https:\/\/www.infobae.com\/new-resizer\/j5KbU6Esj6bYPz1KZUedAG5qV3s=\/1440x810\/filters:format(webp):quality(85)\/cloudfront-us-east-1.images.arcpublishing.com\/infobae\/6FSR4HD3GVHG3MBYWEQR7PMTLQ.jpg 1440w\">Mart\u00edn Redrado se integr\u00f3 al equipo de Rodr\u00edguez Larreta. En la foto, con el alcalde porte\u00f1o, Waldo Wolff y Silvia Lospenatto<\/p>\n\n\n\n<p>El funcionario record\u00f3 que al cabo de su gesti\u00f3n en el Banco Central, que debi\u00f3 dejar en 2010, durante el primer gobierno de<strong>&nbsp;Cristina Fern\u00e1ndez de Kirchner<\/strong>, por resistir una orden que dispon\u00eda un pago con reservas de la entidad, la entidad ten\u00eda USD 55.000 millones de reservas \u201ccontantes y sonantes\u201d<\/p>\n\n\n\n<h2>No m\u00e1s papelitos en el Central<\/h2>\n\n\n\n<p>Ahora, prosigui\u00f3, \u201cnecesitamos un Banco Central que deje de financiar al&nbsp;sector p\u00fablico, es decir, que (el Tesoro) deje de pasarle papelitos de colores todos los meses y que inunde de pesos. Uno de los temas que est\u00e1 presionando al alza es que ten\u00e9s muchos pesos y pocos d\u00f3lares\u201d.<\/p>\n\n\n\n<p>En segundo lugar, explic\u00f3, es necesario \u201ctener una pol\u00edtica fiscal ordenada y convergente\u201d porque \u2013subray\u00f3- \u201cpara bajar la inflaci\u00f3n necesit\u00e1s los dos brazos de la pol\u00edtica macroecon\u00f3mica: la pol\u00edtica monetaria -que sea ordenada, con un Banco Central independiente-, y una pol\u00edtica fiscal que no gaste m\u00e1s all\u00e1 de la cuenta\u201d.<\/p>\n\n\n\n<blockquote class=\"wp-block-quote\">\n<p>\u201cLa inflaci\u00f3n est\u00e1 transitando en una avenida que va entre el 6 y el 7 % y que puede tener algunos picos hacia arriba -o hacia abajo- de aqu\u00ed en adelante\u201d<\/p>\n<\/blockquote>\n\n\n\n<p>En tercer lugar, Redrado apunt\u00f3 a la necesidad de un enfoque \u201cm\u00e1s heterodoxo\u201d, del fen\u00f3meno inflacionario. \u201cA nosotros, con Horacio (por Rodr\u00edguez Larreta), nos gusta mucho lo que hizo Israel en los a\u00f1os 90 que, aparte de esto, tuvo acuerdos legales, con empresarios, con sindicatos, con respaldo pol\u00edtico. En nuestra propia historia, cuando mir\u00e1s los 3 casos exitosos de reducci\u00f3n de la inflaci\u00f3n: (Plan) Austral (1985), Cavallo (1991), Lavagna (2002), fueron los que tuvieron estas caracter\u00edsticas: plan, equipo y leyes\u201d.<\/p>\n\n\n\n<p>En cambio, se\u00f1al\u00f3, \u201cen el gobierno no se ve nada de esto, solo se ve el tratar de llegar\u201d. Fue all\u00ed que el funcionario porte\u00f1o indic\u00f3 que ve \u201cuna inflaci\u00f3n que se va moviendo por escalones. Para nuestro equipo la inflaci\u00f3n est\u00e1 transitando en una avenida que va entre el 6 y el 7 % y que puede tener algunos picos hacia arriba -o hacia abajo- de aqu\u00ed en adelante\u201d.<\/p>\n\n\n\n<p>Respecto de lo que puede ocurrir con los precios en los pr\u00f3ximos meses, apunt\u00f3: \u201cLa evoluci\u00f3n del tipo de cambio ser\u00e1 clave; lo que miramos en los equipos es justamente la evoluci\u00f3n de las reservas\u201d.<\/p>\n\n\n\n<p><img decoding=\"async\" loading=\"lazy\" alt=\"Redrado con Cristina Kirchner: altri tempi\" height=\"1080\" width=\"1920\" class=\"\" src=\"https:\/\/cloudfront-us-east-1.images.arcpublishing.com\/infobae\/CM6I7XBK3BBETMA42ZRQRTGZVY.jpg\" srcset=\"https:\/\/www.infobae.com\/new-resizer\/Csz7cn4pDnH8f0syJuX6mKyqGKQ=\/420x236\/filters:format(webp):quality(85)\/cloudfront-us-east-1.images.arcpublishing.com\/infobae\/CM6I7XBK3BBETMA42ZRQRTGZVY.jpg 420w,https:\/\/www.infobae.com\/new-resizer\/OIGhQKmo6p_rPSX4zw4kQwHcOXM=\/768x432\/filters:format(webp):quality(85)\/cloudfront-us-east-1.images.arcpublishing.com\/infobae\/CM6I7XBK3BBETMA42ZRQRTGZVY.jpg 768w,https:\/\/www.infobae.com\/new-resizer\/Z1PSU7cWGAa3ShsE7YRkqKgBrrA=\/992x558\/filters:format(webp):quality(85)\/cloudfront-us-east-1.images.arcpublishing.com\/infobae\/CM6I7XBK3BBETMA42ZRQRTGZVY.jpg 992w,https:\/\/www.infobae.com\/new-resizer\/gveYJ-aqM5AKeMyA8NgcP_ZX3kg=\/1200x675\/filters:format(webp):quality(85)\/cloudfront-us-east-1.images.arcpublishing.com\/infobae\/CM6I7XBK3BBETMA42ZRQRTGZVY.jpg 1200w,https:\/\/www.infobae.com\/new-resizer\/WFulXgSGF01q2GJtJWu0tQUecis=\/1440x810\/filters:format(webp):quality(85)\/cloudfront-us-east-1.images.arcpublishing.com\/infobae\/CM6I7XBK3BBETMA42ZRQRTGZVY.jpg 1440w\">Redrado con Cristina Kirchner: altri tempi<\/p>\n\n\n\n<p>Adem\u00e1s de criticar la pol\u00edtica econ\u00f3mica oficial, Redrado la contrast\u00f3 con la visi\u00f3n de Rodr\u00edguez Larreta. \u201cEl gobierno no ha tenido un programa integral. En eso trabajamos mucho con Horacio y tiene esta visi\u00f3n: un programa econ\u00f3mico no puede ser solo fiscal, monetario. Tiene que plantear simplificaci\u00f3n de impuestos, de retenciones para aquellos que importan m\u00e1s, una pol\u00edtica de buscar nuevos mercados\u201d.<\/p>\n\n\n\n<h2>Programa, respaldo pol\u00edtico, leyes<\/h2>\n\n\n\n<p>La pol\u00edtica econ\u00f3mica, insisti\u00f3, \u201ces todo un conjunto, y al gobierno le hace falta integralidad para atacar los problemas de falta de crecimiento e inflaci\u00f3n. Esto es un problema de estancamiento con la inflaci\u00f3n que no se ha resuelto porque no ha habido programa, equipo ni respaldo pol\u00edtico y leyes. Y esto es esencial para tener \u00e9xito\u201d.<\/p>\n\n\n\n<p>\u201cNo le echemos la culpa al mundo. Al contrario, en el equipo de Horacio yo trabajo mucho los temas internacionales y veo mega oportunidades para Argentina. Yo estar\u00eda promoviendo que el Gobierno env\u00ede una ley al Congreso para hacer los ca\u00f1os que Argentina&nbsp;necesita para exportar gas licuado a Europa. Pong\u00e1monos el espejo: hoy el mundo le ofrece oportunidades a Argentina para poder, por ejemplo en energ\u00eda, generar no en 10 a\u00f1os, en 2 a\u00f1os, diez mil millones de d\u00f3lares\u201d.<\/p>\n\n\n\n<p>Redrado encuadr\u00f3 el trato del gobierno con el FMI en el marco del \u201cPlan llegar\u201d.<\/p>\n\n\n\n<p>\u201cNi el Fondo ni la Argentina quieren defaultear pero cuando habl\u00e1s con los t\u00e9cnicos del Fondo dicen que est\u00e1n esperando al pr\u00f3ximo Gobierno para que pueda tener un buen plan econ\u00f3mico\u201d. Adem\u00e1s, dijo que en Washington \u201cno entienden la realidad argentina, entonces tenemos que andar de perd\u00f3n en perd\u00f3n, pateando la pelota para adelante pero no resolviendo los problemas de fondo de la Argentina\u201d.<\/p>\n\n\n\n<p>Fuente: infocielo<\/p>\n","protected":false},"excerpt":{"rendered":"<div class=\"mh-excerpt\"><p>Mart\u00edn Redrado dijo hoy que la inflaci\u00f3n se puede resolver y explicit\u00f3 las condiciones para hacerlo, incluida una dosis de \u201cheterodoxia\u201d. El expresidente del Banco Central y exsecretario de Relaciones Econ\u00f3micas Internacionales de la Canciller\u00eda y hoy secretario de Asuntos Estrat\u00e9gicos del gobierno de la Ciudad de Buenos Aires, que encabeza el precandidato presidencial&nbsp;Horacio Rodr\u00edguez Larreta, atribuy\u00f3 la alta inflaci\u00f3n, de la que ayer se inform\u00f3 el 7,7% de aumento mensual en marzo, a la mala pol\u00edtica macroecon\u00f3mica. Y advirti\u00f3 que en el futuro podr\u00eda ser m\u00e1s alta. \u201cLa inflaci\u00f3n se mueve por escalones y puede tener picos hacia arriba\u201d, <a class=\"mh-excerpt-more\" href=\"http:\/\/dsrmedios.com.ar\/diario\/archivos\/31020\" title=\"Mart\u00edn Redrado rechaz\u00f3 la dolarizaci\u00f3n y explicit\u00f3 3 condiciones para solucionar la inflaci\u00f3n\">[Leer m\u00e1s]<\/a><\/p>\n<\/div>","protected":false},"author":6,"featured_media":31021,"comment_status":"open","ping_status":"closed","sticky":false,"template":"","format":"standard","meta":{"_jetpack_newsletter_access":""},"categories":[6],"tags":[],"jetpack_featured_media_url":"http:\/\/dsrmedios.com.ar\/diario\/wp-content\/uploads\/2023\/04\/36BOWV4SIJFIBJTN34GS2VR6L4.jpg","jetpack_sharing_enabled":true,"jetpack_shortlink":"https:\/\/wp.me\/p9fihK-84k","_links":{"self":[{"href":"http:\/\/dsrmedios.com.ar\/diario\/wp-json\/wp\/v2\/posts\/31020"}],"collection":[{"href":"http:\/\/dsrmedios.com.ar\/diario\/wp-json\/wp\/v2\/posts"}],"about":[{"href":"http:\/\/dsrmedios.com.ar\/diario\/wp-json\/wp\/v2\/types\/post"}],"author":[{"embeddable":true,"href":"http:\/\/dsrmedios.com.ar\/diario\/wp-json\/wp\/v2\/users\/6"}],"replies":[{"embeddable":true,"href":"http:\/\/dsrmedios.com.ar\/diario\/wp-json\/wp\/v2\/comments?post=31020"}],"version-history":[{"count":1,"href":"http:\/\/dsrmedios.com.ar\/diario\/wp-json\/wp\/v2\/posts\/31020\/revisions"}],"predecessor-version":[{"id":31022,"href":"http:\/\/dsrmedios.com.ar\/diario\/wp-json\/wp\/v2\/posts\/31020\/revisions\/31022"}],"wp:featuredmedia":[{"embeddable":true,"href":"http:\/\/dsrmedios.com.ar\/diario\/wp-json\/wp\/v2\/media\/31021"}],"wp:attachment":[{"href":"http:\/\/dsrmedios.com.ar\/diario\/wp-json\/wp\/v2\/media?parent=31020"}],"wp:term":[{"taxonomy":"category","embeddable":true,"href":"http:\/\/dsrmedios.com.ar\/diario\/wp-json\/wp\/v2\/categories?post=31020"},{"taxonomy":"post_tag","embeddable":true,"href":"http:\/\/dsrmedios.com.ar\/diario\/wp-json\/wp\/v2\/tags?post=31020"}],"curies":[{"name":"wp","href":"https:\/\/api.w.org\/{rel}","templated":true}]}}