{"id":31004,"date":"2023-04-15T12:33:10","date_gmt":"2023-04-15T15:33:10","guid":{"rendered":"http:\/\/dsrmedios.com.ar\/diario\/?p=31004"},"modified":"2023-04-15T12:33:13","modified_gmt":"2023-04-15T15:33:13","slug":"horacio-rodriguez-larreta-ratifico-que-bajar-la-inflacion-sera-su-prioridad-si-llega-a-ser-presidente","status":"publish","type":"post","link":"http:\/\/dsrmedios.com.ar\/diario\/archivos\/31004","title":{"rendered":"Horacio Rodr\u00edguez Larreta ratific\u00f3 que bajar la inflaci\u00f3n ser\u00e1 su \u201cprioridad\u201d si llega a ser Presidente"},"content":{"rendered":"\n<p>El&nbsp;<strong>gobierno<\/strong>&nbsp;de&nbsp;<strong>Alberto Fern\u00e1ndez<\/strong>, a trav\u00e9s del Instituto Nacional de Estad\u00edstica y Censos (<strong><a href=\"https:\/\/www.indec.gob.ar\/\" target=\"_blank\" rel=\"noreferrer noopener\">Indec<\/a><\/strong>), revel\u00f3 este viernes el desempe\u00f1o de la&nbsp;<strong><a href=\"https:\/\/elintransigente.com\/tag\/inflacion\/\" target=\"_blank\" rel=\"noreferrer noopener\">inflaci\u00f3n<\/a><\/strong>&nbsp;en marzo. 7,7% mensual y 104,3% interanual. Frente a esos datos, el&nbsp;<strong>jefe<\/strong>&nbsp;de&nbsp;<strong>Gobierno<\/strong>&nbsp;de la&nbsp;<strong>Ciudad<\/strong>&nbsp;de&nbsp;<strong>Buenos Aires<\/strong>&nbsp;y&nbsp;<strong>precandidato<\/strong>&nbsp;a&nbsp;<strong>Presidente<\/strong>&nbsp;por el PRO,&nbsp;<strong><a href=\"https:\/\/elintransigente.com\/tag\/horacio-rodriguez-larreta\/\" target=\"_blank\" rel=\"noreferrer noopener\">Horacio Rodr\u00edguez Larreta<\/a><\/strong>, volvi\u00f3 a manifestar que bajar el \u00cdndice de Precios al Consumidor (<strong>IPC<\/strong>) ser\u00e1 su&nbsp;<strong>\u201cprioridad\u201d<\/strong>&nbsp;en caso de recalar en la&nbsp;<strong>Casa Rosada<\/strong>&nbsp;tras las&nbsp;<strong>elecciones<\/strong>&nbsp;de este a\u00f1o.<\/p>\n\n\n\n<p>\u201cLa inflaci\u00f3n te frena la vida y no hay nada m\u00e1s importante que bajarla. Esa es mi prioridad. Yo me comprometo a hacerlo. S\u00e9 que se puede hacer. Esto lo vamos a cambiar\u201d, escribi\u00f3 Rodr\u00edguez Larreta a trav\u00e9s de una publicaci\u00f3n en la red social Twitter. Acompa\u00f1ado a ese texto, un video en donde el propio alcalde porte\u00f1o reflexiona sobre las estad\u00edsticas del costo de vida en la Argentina.<\/p>\n\n\n\n<p>\u201cS\u00e9 que este n\u00famero no es novedad para vos. Vi lo que escribiste en mis redes. Esto es desesperanza, falta de futuro, angustia. Es no saber hasta cu\u00e1nto te va a alcanzar el sueldo. Pero se puede estar mejor. No hay soluciones m\u00e1gicas. Que quede claro. Esto no es para iluminados que vienen con una soluci\u00f3n de un d\u00eda para el otro\u201d, puntualiz\u00f3 Rodr\u00edguez Larreta.<\/p>\n\n\n\n<p>A lo cual, puntualiz\u00f3: \u201cTenemos que terminar con la maquinita de la infelicidad, que es la que emite dinero y genera inflaci\u00f3n. Esto requiere un plan integral\u201d. Y enfatiz\u00f3: \u201cYa lo dije: vamos a bajar la inflaci\u00f3n con un plan que haga que la Argentina vuelva a crecer, a progresar, a desarrollarse y a generar un futuro mejor para todos nosotros. Porque se puede\u201d. \u201c\u00a1Podemos estar mejor!\u201d, concluy\u00f3 el precandidato a Presidente por el PRO.<\/p>\n\n\n\n<h3 id=\"h-lo-que-arrojo-el-indec-sobre-la-inflacion-de-marzo\">Lo que arroj\u00f3 el Indec sobre la inflaci\u00f3n de marzo<\/h3>\n\n\n\n<p>La inflaci\u00f3n se dispar\u00f3 al 7,7% en marzo, por encima de lo esperado por consultoras privadas, y acumul\u00f3 un 104,3% de suba en los \u00faltimos 12 meses, seg\u00fan el Indec. En el primer trimestre, los precios subieron 21,7%, m\u00e1s de un tercio de lo proyectado por el Gobierno para todo el 2023. El aumento de Alimentos y bebidas no alcoh\u00f3licas (9,3%) fue el que m\u00e1s incidi\u00f3 en todas las regiones.<\/p>\n\n\n\n<p>Al interior de esa divisi\u00f3n, sobresali\u00f3 la suba de Carnes y derivados. A su vez, aunque con menor magnitud, se destacaron las subas en Verduras, tub\u00e9rculos y legumbres, seguidas por Leche, productos l\u00e1cteos y huevos; y finalmente por Frutas. Adem\u00e1s, la divisi\u00f3n de mayor aumento en el mes fue Educaci\u00f3n (29,1%), por las subas en todos los niveles educativos al inicio del ciclo lectivo.<\/p>\n\n\n\n<p>Las siguientes divisiones con mayores variaciones en el per\u00edodo fueron Prendas de vestir y calzado (9,4%), en coincidencia con el cambio de temporada, y Alimentos y bebidas no alcoh\u00f3licas (9,3%), por los incrementos en Carnes y derivados y Leche, productos l\u00e1cteos y huevos. Tambi\u00e9n se destacaron los aumentos de cigarrillos (8,3%); de los servicios de agua, gas y electricidad en algunas regiones (6,5%); y de combustibles y transporte p\u00fablico (5,3%).<\/p>\n\n\n\n<p>Fuente: El Intransigente<\/p>\n","protected":false},"excerpt":{"rendered":"<div class=\"mh-excerpt\"><p>El&nbsp;gobierno&nbsp;de&nbsp;Alberto Fern\u00e1ndez, a trav\u00e9s del Instituto Nacional de Estad\u00edstica y Censos (Indec), revel\u00f3 este viernes el desempe\u00f1o de la&nbsp;inflaci\u00f3n&nbsp;en marzo. 7,7% mensual y 104,3% interanual. Frente a esos datos, el&nbsp;jefe&nbsp;de&nbsp;Gobierno&nbsp;de la&nbsp;Ciudad&nbsp;de&nbsp;Buenos Aires&nbsp;y&nbsp;precandidato&nbsp;a&nbsp;Presidente&nbsp;por el PRO,&nbsp;Horacio Rodr\u00edguez Larreta, volvi\u00f3 a manifestar que bajar el \u00cdndice de Precios al Consumidor (IPC) ser\u00e1 su&nbsp;\u201cprioridad\u201d&nbsp;en caso de recalar en la&nbsp;Casa Rosada&nbsp;tras las&nbsp;elecciones&nbsp;de este a\u00f1o. \u201cLa inflaci\u00f3n te frena la vida y no hay nada m\u00e1s importante que bajarla. Esa es mi prioridad. Yo me comprometo a hacerlo. S\u00e9 que se puede hacer. Esto lo vamos a cambiar\u201d, escribi\u00f3 Rodr\u00edguez Larreta a trav\u00e9s de una publicaci\u00f3n <a class=\"mh-excerpt-more\" href=\"http:\/\/dsrmedios.com.ar\/diario\/archivos\/31004\" title=\"Horacio Rodr\u00edguez Larreta ratific\u00f3 que bajar la inflaci\u00f3n ser\u00e1 su \u201cprioridad\u201d si llega a ser Presidente\">[Leer m\u00e1s]<\/a><\/p>\n<\/div>","protected":false},"author":6,"featured_media":30592,"comment_status":"open","ping_status":"closed","sticky":false,"template":"","format":"standard","meta":{"_jetpack_newsletter_access":""},"categories":[6],"tags":[],"jetpack_featured_media_url":"http:\/\/dsrmedios.com.ar\/diario\/wp-content\/uploads\/2023\/04\/larreta.png","jetpack_sharing_enabled":true,"jetpack_shortlink":"https:\/\/wp.me\/p9fihK-844","_links":{"self":[{"href":"http:\/\/dsrmedios.com.ar\/diario\/wp-json\/wp\/v2\/posts\/31004"}],"collection":[{"href":"http:\/\/dsrmedios.com.ar\/diario\/wp-json\/wp\/v2\/posts"}],"about":[{"href":"http:\/\/dsrmedios.com.ar\/diario\/wp-json\/wp\/v2\/types\/post"}],"author":[{"embeddable":true,"href":"http:\/\/dsrmedios.com.ar\/diario\/wp-json\/wp\/v2\/users\/6"}],"replies":[{"embeddable":true,"href":"http:\/\/dsrmedios.com.ar\/diario\/wp-json\/wp\/v2\/comments?post=31004"}],"version-history":[{"count":1,"href":"http:\/\/dsrmedios.com.ar\/diario\/wp-json\/wp\/v2\/posts\/31004\/revisions"}],"predecessor-version":[{"id":31005,"href":"http:\/\/dsrmedios.com.ar\/diario\/wp-json\/wp\/v2\/posts\/31004\/revisions\/31005"}],"wp:featuredmedia":[{"embeddable":true,"href":"http:\/\/dsrmedios.com.ar\/diario\/wp-json\/wp\/v2\/media\/30592"}],"wp:attachment":[{"href":"http:\/\/dsrmedios.com.ar\/diario\/wp-json\/wp\/v2\/media?parent=31004"}],"wp:term":[{"taxonomy":"category","embeddable":true,"href":"http:\/\/dsrmedios.com.ar\/diario\/wp-json\/wp\/v2\/categories?post=31004"},{"taxonomy":"post_tag","embeddable":true,"href":"http:\/\/dsrmedios.com.ar\/diario\/wp-json\/wp\/v2\/tags?post=31004"}],"curies":[{"name":"wp","href":"https:\/\/api.w.org\/{rel}","templated":true}]}}