{"id":30998,"date":"2023-04-15T12:25:07","date_gmt":"2023-04-15T15:25:07","guid":{"rendered":"http:\/\/dsrmedios.com.ar\/diario\/?p=30998"},"modified":"2023-04-15T12:25:11","modified_gmt":"2023-04-15T15:25:11","slug":"la-argentina-lidero-en-marzo-el-ranking-de-inflacion-de-america-latina-con-el-77-que-registro-el-indec","status":"publish","type":"post","link":"http:\/\/dsrmedios.com.ar\/diario\/archivos\/30998","title":{"rendered":"La Argentina lider\u00f3 en marzo el ranking de inflaci\u00f3n de Am\u00e9rica Latina con el 7,7% que registr\u00f3 el Indec"},"content":{"rendered":"\n<p>La Argentina qued\u00f3 primera en el ranking de inflaci\u00f3n de Am\u00e9rica Latina en marzo, con una cifra muy superior a Venezuela. El Indec inform\u00f3 que la suba de precios del mes pasado fue del 7,7% y la tasa anual ascendi\u00f3 a 104,3%, mientras que en el pa\u00eds gobernado por&nbsp;<strong>Nicol\u00e1s Maduro&nbsp;<\/strong>lleg\u00f3 al 4,2% y 501%, mensual e interanual, respectivamente, seg\u00fan el Observatorio de Finanzas (OVF), una medici\u00f3n confiable.<\/p>\n\n\n\n<p>De este modo, seg\u00fan la Fundaci\u00f3n Libertad y Progreso, la inflaci\u00f3n desde el inicio del gobierno de&nbsp;<strong>Alberto Fern\u00e1ndez<\/strong>&nbsp;acumul\u00f3 387% hasta ahora, frente a 295,5% de toda la gesti\u00f3n de&nbsp;<strong>Mauricio Macri<\/strong>, 177,2% del segundo mandato de&nbsp;<strong>Cristina Fern\u00e1ndez de Kirchner<\/strong>, 122% en el primero (con los datos reales, no los publicados por el Indec entre 2007 y 2015) y 67% de&nbsp;<strong>N\u00e9stor Kirchner<\/strong>.<\/p>\n\n\n\n<p><img decoding=\"async\" loading=\"lazy\" alt=\"La inflaci\u00f3n en cada uno de los \u00faltimos per\u00edodos presidenciales\nFuente: Libertad y Progreso \n\n\" height=\"1261\" width=\"1920\" class=\"\" src=\"https:\/\/cloudfront-us-east-1.images.arcpublishing.com\/infobae\/JUEUHMBOZZB57FXN56E7OSMRHY.jpg\" srcset=\"https:\/\/www.infobae.com\/new-resizer\/WlVGxPdLn-uGnrMGiQ0o2wM9CP0=\/420x280\/filters:format(webp):quality(85)\/cloudfront-us-east-1.images.arcpublishing.com\/infobae\/JUEUHMBOZZB57FXN56E7OSMRHY.jpg 420w,https:\/\/www.infobae.com\/new-resizer\/MNCLIRt8ETeTZOkNhaGVxwJiRB8=\/768x512\/filters:format(webp):quality(85)\/cloudfront-us-east-1.images.arcpublishing.com\/infobae\/JUEUHMBOZZB57FXN56E7OSMRHY.jpg 768w,https:\/\/www.infobae.com\/new-resizer\/00pH72jnikyDzNekgxWgduIdJtU=\/992x661\/filters:format(webp):quality(85)\/cloudfront-us-east-1.images.arcpublishing.com\/infobae\/JUEUHMBOZZB57FXN56E7OSMRHY.jpg 992w,https:\/\/www.infobae.com\/new-resizer\/gAUHr6juWsLQUT-tSkwPh7KlUSQ=\/1200x800\/filters:format(webp):quality(85)\/cloudfront-us-east-1.images.arcpublishing.com\/infobae\/JUEUHMBOZZB57FXN56E7OSMRHY.jpg 1200w,https:\/\/www.infobae.com\/new-resizer\/LyJ35cxk6ppG4sJkCCDl1rbpBSQ=\/1440x960\/filters:format(webp):quality(85)\/cloudfront-us-east-1.images.arcpublishing.com\/infobae\/JUEUHMBOZZB57FXN56E7OSMRHY.jpg 1440w\">La inflaci\u00f3n en cada uno de los \u00faltimos per\u00edodos presidenciales Fuente: Libertad y Progreso<\/p>\n\n\n\n<p>Para este a\u00f1o, el Fondo Monetario Internacional (FMI) proyect\u00f3 un aumento promedio de los 12 meses del 400% para Venezuela -cuyo banco central todav\u00eda no inform\u00f3 datos del \u00edndice de precios al consumidor de este a\u00f1o- y del 98% para la Argentina, aunque los analistas consultados por el Banco Central prev\u00e9n 110% para diciembre entre puntas, unos 20 puntos porcentuales m\u00e1s que en el relevamiento anterior.<\/p>\n\n\n\n<blockquote class=\"wp-block-quote\">\n<p>El Fondo Monetario Internacional (FMI) proyect\u00f3 para 2023 un aumento promedio de los 12 meses del 400% para Venezuela y del 98% para la Argentina<\/p>\n<\/blockquote>\n\n\n\n<p>De este modo, la Argentina se ubica en los primeros tres lugares del podio de inflaci\u00f3n global, solo superada por Venezuela y por El L\u00edbano, que hasta febrero registr\u00f3 el 189,7 por ciento.<\/p>\n\n\n\n<p>Un caso curioso es el de<strong>&nbsp;Zimbabue<\/strong>, que estaba segunda detr\u00e1s de Venezuela, pero cambi\u00f3 su medici\u00f3n para comenzar a medir sus precios al consumidor con \u201cun promedio ponderado de&nbsp;<strong>art\u00edculos cotizados en d\u00f3lares zimbabuenses y d\u00f3lares estadounidenses<\/strong>\u201d, seg\u00fan Reuters.<\/p>\n\n\n\n<figure class=\"wp-block-image\"><img decoding=\"async\" src=\"https:\/\/cloudfront-us-east-1.images.arcpublishing.com\/infobae\/IVIV7JGDQZGF7KHMOSURMQNLJU.jpg\" alt=\"infobae\"\/><\/figure>\n\n\n\n<p>Previamente, la tasa oficial se basaba solo en art\u00edculos en la moneda local. De este modo, en marzo el pa\u00eds africano registr\u00f3 una inflaci\u00f3n del 87%, frente al 244% con el que termin\u00f3 en 2022.<\/p>\n\n\n\n<p>En&nbsp;<strong>Estados Unidos<\/strong>&nbsp;la inflaci\u00f3n del \u00faltimo a\u00f1o fue del 5%, en&nbsp;<strong>Italia<\/strong>&nbsp;del 7,7%, en Espa\u00f1a del 3,3% y en Francia del 5,6%; Turqu\u00eda tambi\u00e9n se ubica entre los pa\u00edses con m\u00e1s inflaci\u00f3n del mundo con el 50,5% y Sud\u00e1n con el 63 por ciento.<\/p>\n\n\n\n<h2>La situaci\u00f3n regional<\/h2>\n\n\n\n<p>En Am\u00e9rica Latina, todo el resto de los pa\u00edses se ubic\u00f3 muy por detr\u00e1s de Venezuela y la Argentina y, a tono con las naciones desarrolladas, exhibe una tendencia descendente en materia inflacionaria.<\/p>\n\n\n\n<p><strong>Brasil&nbsp;<\/strong>registr\u00f3 en marzo una suba de precios del 0,7% y del 4,6% el \u00faltimo a\u00f1o. El FMI proyecta que llegar\u00e1 al 5% en diciembre pr\u00f3ximo. Para&nbsp;<strong>M\u00e9xico<\/strong>&nbsp;estos datos son: 0,2%, 6,8% y 4,5 por ciento.<\/p>\n\n\n\n<p>La inflaci\u00f3n m\u00e1s baja del mes pasado fue en Ecuador, el pa\u00eds que adopt\u00f3 la dolarizaci\u00f3n hace dos d\u00e9cadas, con 0,06%, mientras que en el \u00faltimo a\u00f1o lleg\u00f3 al 2,9% y el FMI proyecta que llegar\u00e1 al 2,5% en diciembre pr\u00f3ximo.<\/p>\n\n\n\n<blockquote class=\"wp-block-quote\">\n<p>La inflaci\u00f3n m\u00e1s baja del mes pasado fue en Ecuador, el pa\u00eds que adopt\u00f3 la dolarizaci\u00f3n hace dos d\u00e9cadas, con 0,06 por ciento<\/p>\n<\/blockquote>\n\n\n\n<p>Con otro r\u00e9gimen econ\u00f3mico,<strong>&nbsp;Bolivia tambi\u00e9n registr\u00f3 una suba de precios insignificante<\/strong>&nbsp;el mes pasado, con el 0,08% y el 2,5% en los \u00faltimos 12 meses; el Fondo prev\u00e9 que termine el a\u00f1o con un aumento de los precios del 4 por ciento.<\/p>\n\n\n\n<p>En tanto, Paraguay y Uruguay tambi\u00e9n quedaron por debajo del 1% en marzo. El primero tuvo una inflaci\u00f3n del 0,4% (6,4% en un a\u00f1o y 5,2% en diciembre pr\u00f3ximo) y el segundo del 0,9% (7,3% y 7,6 por ciento).<\/p>\n\n\n\n<p>A su vez, en la zona del 1% quedaron Per\u00fa, Chile y Colombia. El primero 1,2% (8,4% en un a\u00f1o y 5,7% para 2023 seg\u00fan el FMI), el segundo 1,1 (11,1% y 7,9%) y el tercero 1% (13,3% y 7,9%), respectivamente.<\/p>\n\n\n\n<p>Seg\u00fan el informe de perspectivas globales del FMI (WEO en su sigla en ingl\u00e9s), \u201cel endurecimiento masivo y sincr\u00f3nico de la pol\u00edtica monetaria de la mayor\u00eda de los bancos centrales deber\u00eda comenzar a dar sus frutos, con la inflaci\u00f3n retrocediendo hacia sus objetivos originales\u201d.<\/p>\n\n\n\n<p>\u201cEn nuestro \u00faltimo pron\u00f3stico, el crecimiento global tocar\u00e1 fondo en 2.8 por ciento este a\u00f1o antes de subir modestamente a 3 por ciento en 2024. La inflaci\u00f3n global disminuir\u00e1, aunque m\u00e1s lentamente de lo inicialmente previsto, desde 8,7 por ciento en 2022 a 7 por ciento este a\u00f1o y 4,9 por ciento en 2024\u2033, aclar\u00f3 el FMI.<\/p>\n\n\n\n<p>En este contexto, con una inflaci\u00f3n del 104% -y una devaluaci\u00f3n del tipo de cambio mayorista oficial del 90% en el \u00faltimo a\u00f1o, lo que augura una suba de precios mayor en 2024- al pr\u00f3ximo gobierno argentino le quedar\u00e1 por delante un complejo desaf\u00edo de estabilizaci\u00f3n.<\/p>\n\n\n\n<p>Fuente_ Infobae<\/p>\n","protected":false},"excerpt":{"rendered":"<div class=\"mh-excerpt\"><p>La Argentina qued\u00f3 primera en el ranking de inflaci\u00f3n de Am\u00e9rica Latina en marzo, con una cifra muy superior a Venezuela. El Indec inform\u00f3 que la suba de precios del mes pasado fue del 7,7% y la tasa anual ascendi\u00f3 a 104,3%, mientras que en el pa\u00eds gobernado por&nbsp;Nicol\u00e1s Maduro&nbsp;lleg\u00f3 al 4,2% y 501%, mensual e interanual, respectivamente, seg\u00fan el Observatorio de Finanzas (OVF), una medici\u00f3n confiable. De este modo, seg\u00fan la Fundaci\u00f3n Libertad y Progreso, la inflaci\u00f3n desde el inicio del gobierno de&nbsp;Alberto Fern\u00e1ndez&nbsp;acumul\u00f3 387% hasta ahora, frente a 295,5% de toda la gesti\u00f3n de&nbsp;Mauricio Macri, 177,2% del segundo <a class=\"mh-excerpt-more\" href=\"http:\/\/dsrmedios.com.ar\/diario\/archivos\/30998\" title=\"La Argentina lider\u00f3 en marzo el ranking de inflaci\u00f3n de Am\u00e9rica Latina con el 7,7% que registr\u00f3 el Indec\">[Leer m\u00e1s]<\/a><\/p>\n<\/div>","protected":false},"author":6,"featured_media":30999,"comment_status":"open","ping_status":"closed","sticky":false,"template":"","format":"standard","meta":{"_jetpack_newsletter_access":""},"categories":[6],"tags":[],"jetpack_featured_media_url":"http:\/\/dsrmedios.com.ar\/diario\/wp-content\/uploads\/2023\/04\/NF2FG7QG2ZGQTGINA6IHDUHMQI.jpg","jetpack_sharing_enabled":true,"jetpack_shortlink":"https:\/\/wp.me\/p9fihK-83Y","_links":{"self":[{"href":"http:\/\/dsrmedios.com.ar\/diario\/wp-json\/wp\/v2\/posts\/30998"}],"collection":[{"href":"http:\/\/dsrmedios.com.ar\/diario\/wp-json\/wp\/v2\/posts"}],"about":[{"href":"http:\/\/dsrmedios.com.ar\/diario\/wp-json\/wp\/v2\/types\/post"}],"author":[{"embeddable":true,"href":"http:\/\/dsrmedios.com.ar\/diario\/wp-json\/wp\/v2\/users\/6"}],"replies":[{"embeddable":true,"href":"http:\/\/dsrmedios.com.ar\/diario\/wp-json\/wp\/v2\/comments?post=30998"}],"version-history":[{"count":1,"href":"http:\/\/dsrmedios.com.ar\/diario\/wp-json\/wp\/v2\/posts\/30998\/revisions"}],"predecessor-version":[{"id":31000,"href":"http:\/\/dsrmedios.com.ar\/diario\/wp-json\/wp\/v2\/posts\/30998\/revisions\/31000"}],"wp:featuredmedia":[{"embeddable":true,"href":"http:\/\/dsrmedios.com.ar\/diario\/wp-json\/wp\/v2\/media\/30999"}],"wp:attachment":[{"href":"http:\/\/dsrmedios.com.ar\/diario\/wp-json\/wp\/v2\/media?parent=30998"}],"wp:term":[{"taxonomy":"category","embeddable":true,"href":"http:\/\/dsrmedios.com.ar\/diario\/wp-json\/wp\/v2\/categories?post=30998"},{"taxonomy":"post_tag","embeddable":true,"href":"http:\/\/dsrmedios.com.ar\/diario\/wp-json\/wp\/v2\/tags?post=30998"}],"curies":[{"name":"wp","href":"https:\/\/api.w.org\/{rel}","templated":true}]}}