{"id":30985,"date":"2023-04-15T12:06:15","date_gmt":"2023-04-15T15:06:15","guid":{"rendered":"http:\/\/dsrmedios.com.ar\/diario\/?p=30985"},"modified":"2023-04-15T12:06:19","modified_gmt":"2023-04-15T15:06:19","slug":"rodriguez-larreta-avanza-en-su-autonomia-frente-a-macri-pero-debera-sortear-una-carrera-contrarreloj-para-tener-la-boleta-unica-electronica","status":"publish","type":"post","link":"http:\/\/dsrmedios.com.ar\/diario\/archivos\/30985","title":{"rendered":"Rodr\u00edguez Larreta avanza en su autonom\u00eda frente a Macri, pero deber\u00e1 sortear una carrera contrarreloj para tener la Boleta \u00danica Electr\u00f3nica"},"content":{"rendered":"\n<p>En su decisi\u00f3n de desdoblar las elecciones porte\u00f1as, Horacio Rodr\u00edguez Larreta adem\u00e1s de querer mostrar su \u201cautonom\u00eda\u201d como jefe de Gobierno porte\u00f1o, evidenci\u00f3 su voluntad de&nbsp;<strong>emanciparse<\/strong>&nbsp;dentro de la familia del PRO y de&nbsp;<strong>enfrentar, nada menos, que a su mentor pol\u00edtico, Mauricio Macri<\/strong>. Su anuncio de establecer la boleta \u00fanica para cargos locales desat\u00f3 la furia del ex presidente. Los reproches m\u00e1s duros fueron por no haberle \u201cavisado antes\u201d y considerar que esa estrategia beneficia al candidato del radicalismo&nbsp;<strong>Mart\u00edn Lousteau<\/strong>, en detrimento de su candidato y primo,&nbsp;<strong>Jorge Macri<\/strong>, como futuro sucesor en la Ciudad, el basti\u00f3n hist\u00f3rico del PRO.<\/p>\n\n\n\n<p>Una an\u00e9cdota pinta con crudeza su intenci\u00f3n de demostrar que&nbsp;<strong>no est\u00e1 dispuesto a ser \u201cel Alberto Fern\u00e1ndez de Macri\u201d<\/strong>. El martes por la ma\u00f1ana, Macri bram\u00f3 por la ausencia de Rodr\u00edguez Larreta en el zoom convocado por&nbsp;<strong>Patricia Bullrich<\/strong>&nbsp;de urgencia la noche anterior, quien omiti\u00f3 invitar al jefe de Gobierno. A las 8:50, lo hicieron llamar pero estaba por salir al aire con Marcelo Longobardi, y pese al reclamo del ex presidente, mantuvo su plan de salida radial. Larreta y Macri no volvieron a hablarse luego del estallido p\u00fablico de la interna, aunque en el entorno del jefe de Gobierno aseguran que \u201cest\u00e1 tendiendo puentes\u201d.<\/p>\n\n\n\n<p>Sus colaboradores aseguran que est\u00e1 \u201c<strong>tranquilo<\/strong>\u201d y \u201c<strong>convencido<\/strong>\u201d de la decisi\u00f3n que tom\u00f3. Repiten que \u201chizo lo que ten\u00eda que hacer: lo que dice la ley\u201d, y as\u00ed sali\u00f3 a explicarlo una y otra vez en distintos medios. Frente a las cr\u00edticas de que la decisi\u00f3n fue \u201c<strong>inconsulta<\/strong>\u201d, responden que se trata de&nbsp;<strong>una atribuci\u00f3n propia de su cargo.&nbsp;<\/strong>Destacan que no hubo desdoblamiento en 2019 en la Ciudad, cuando Macri necesitaba la tracci\u00f3n de la boleta s\u00e1bana, porque el nuevo C\u00f3digo Electoral de la Ciudad &#8211; propuesto por el Ejecutivo porte\u00f1o y aprobado en la Legislatura a finales de 2018 &#8211; reci\u00e9n entr\u00f3 en vigencia el 1 de enero de 2020. Y que en 2021, consultaron a la Justicia electoral por la pandemia, y se resolvi\u00f3 no desdoblar para facilitar las medidas de prevenci\u00f3n.<\/p>\n\n\n\n<p>Sin embargo,&nbsp;<strong>la explicaci\u00f3n de que \u201csigui\u00f3 la ley\u201d, tiene interpretaciones que son, como siempre, pol\u00edticas<\/strong>. El art\u00edculo 111 del C\u00f3digo Electoral porte\u00f1o establece como \u201cinstrumento de sufragio\u201d para las elecciones porte\u00f1as a la boleta \u00fanica (sin aclarar si debe ser papel o electr\u00f3nica). Pero el art\u00edculo 60 establece que \u201cel Poder Ejecutivo podr\u00e1, en el decreto de convocatoria a elecci\u00f3n de cargos locales, adherir al r\u00e9gimen de simultaneidad de elecciones\u201d nacionales. Y que \u201cen caso de considerarlo necesario, podr\u00e1 suscribir los acuerdos pertinentes a efectos de celebrar los comicios en la fecha prevista para las elecciones nacionales utilizando un sistema de emisi\u00f3n del sufragio distinto al vigente a nivel nacional\u201d.<\/p>\n\n\n\n<p>Ese \u201cpodr\u00e1\u201d es la opci\u00f3n que us\u00f3 Rodr\u00edguez Larreta para justificar su decisi\u00f3n, bajo el argumento de que la boleta \u00fanica estaba en el esp\u00edritu del PRO desde hace m\u00e1s de 10 a\u00f1os, y hab\u00eda sido un caballito de batalla pol\u00edtico en el orden nacional. \u201c<strong>\u00bfLos del PRO que se oponen a la decisi\u00f3n de Horacio, defienden ahora la lista s\u00e1bana?<\/strong>\u201d, preguntan con malicia en el nuevo comit\u00e9 de campa\u00f1a que Larreta mont\u00f3 en la calle Olaz\u00e1bal, en el barrio de N\u00fa\u00f1ez. Su equipo celebra que \u00bfpor fin? haya empezado a&nbsp;<strong>sacudirse el mote de \u201ctibio\u201d&nbsp;<\/strong>que le asignan sus enemigos internos dentro de PRO.<\/p>\n\n\n\n<p><img decoding=\"async\" loading=\"lazy\" alt=\"La visita de Larreta a Macri en Villa Langostura, el primero de los \u00fanicos dos encuentros a solas que tuvieron este a\u00f1o\" height=\"1081\" width=\"1920\" class=\"\" src=\"https:\/\/cloudfront-us-east-1.images.arcpublishing.com\/infobae\/BTSU7BHK4BA63JFW3D73EPYMC4.jpg\" srcset=\"https:\/\/www.infobae.com\/new-resizer\/bbVk_ZCvWdXEEl2xRYyD0tElJ38=\/420x236\/filters:format(webp):quality(85)\/cloudfront-us-east-1.images.arcpublishing.com\/infobae\/BTSU7BHK4BA63JFW3D73EPYMC4.jpg 420w,https:\/\/www.infobae.com\/new-resizer\/rI6RnHfyGyBJ-y_4HIAB9S-wzSw=\/768x432\/filters:format(webp):quality(85)\/cloudfront-us-east-1.images.arcpublishing.com\/infobae\/BTSU7BHK4BA63JFW3D73EPYMC4.jpg 768w,https:\/\/www.infobae.com\/new-resizer\/foBKM8lPfnz67q_9won_Z9TeEvE=\/992x558\/filters:format(webp):quality(85)\/cloudfront-us-east-1.images.arcpublishing.com\/infobae\/BTSU7BHK4BA63JFW3D73EPYMC4.jpg 992w,https:\/\/www.infobae.com\/new-resizer\/lIEF3FwxPj6TAgJIt2H9zeoPLqA=\/1200x675\/filters:format(webp):quality(85)\/cloudfront-us-east-1.images.arcpublishing.com\/infobae\/BTSU7BHK4BA63JFW3D73EPYMC4.jpg 1200w,https:\/\/www.infobae.com\/new-resizer\/QBX4lqmN2YSockM90BX1rA6ngds=\/1440x810\/filters:format(webp):quality(85)\/cloudfront-us-east-1.images.arcpublishing.com\/infobae\/BTSU7BHK4BA63JFW3D73EPYMC4.jpg 1440w\">La visita de Larreta a Macri en Villa Langostura, el primero de los \u00fanicos dos encuentros a solas que tuvieron este a\u00f1o<\/p>\n\n\n\n<p>Tambi\u00e9n se\u00f1alan que la decisi\u00f3n fue \u201c<strong>otra muestra m\u00e1s de autonom\u00eda<\/strong>\u201d del jefe de Gobierno porte\u00f1o, que tuvo como antecedente la presentaci\u00f3n en la Corte para defender la coparticipaci\u00f3n porte\u00f1a y la decisi\u00f3n de abrir las escuelas, en contra de lo dispuesto por el gobierno nacional.<\/p>\n\n\n\n<p>Ayer, pese a que hab\u00eda anticipado que en las pr\u00f3ximas elecciones primarias porte\u00f1as el PRO presentar\u00eda un solo candidato, que todo indicaba que iba a ser Jorge Macri como le hab\u00eda reclamado el ex presidente en una charla a solas hace poco m\u00e1s de dos semanas,&nbsp;<strong>Rodr\u00edguez Larreta afirm\u00f3 que los tres candidatos a sucederlo en la Ciudad \u201cson un lujo\u201d y \u201cest\u00e1n en carrera\u201d<\/strong>, en alusi\u00f3n tambi\u00e9n a sus ministros&nbsp;<strong>Fern\u00e1n Quir\u00f3s&nbsp;<\/strong>y<strong>&nbsp;Soledad Acu\u00f1a<\/strong>. Desde su bunker de campa\u00f1a aseguran que \u201cMacri y Quir\u00f3s tienen n\u00fameros muy parejos en las encuestas presenciales\u201d, y que \u201cLousteau est\u00e1 muy cerca\u201d.<\/p>\n\n\n\n<p><img decoding=\"async\" loading=\"lazy\" alt=\"Rodr\u00edguez Larreta con su ministro Fern\u00e1n Quir\u00f3s\" height=\"751\" width=\"1335\" class=\"\" src=\"https:\/\/cloudfront-us-east-1.images.arcpublishing.com\/infobae\/ISKUJHTOVNE45GBJPP4LJK2FAQ.jpg\" srcset=\"https:\/\/www.infobae.com\/new-resizer\/2b3EHFk3UALNoIhlA0ITpEdFSGI=\/420x236\/filters:format(webp):quality(85)\/cloudfront-us-east-1.images.arcpublishing.com\/infobae\/ISKUJHTOVNE45GBJPP4LJK2FAQ.jpg 420w,https:\/\/www.infobae.com\/new-resizer\/JLKYgWCJDuyh5jCqFD4-i5Zlxao=\/768x432\/filters:format(webp):quality(85)\/cloudfront-us-east-1.images.arcpublishing.com\/infobae\/ISKUJHTOVNE45GBJPP4LJK2FAQ.jpg 768w,https:\/\/www.infobae.com\/new-resizer\/1_8QLU_gbQaLzNpEZj9oWsZd7C0=\/992x558\/filters:format(webp):quality(85)\/cloudfront-us-east-1.images.arcpublishing.com\/infobae\/ISKUJHTOVNE45GBJPP4LJK2FAQ.jpg 992w,https:\/\/www.infobae.com\/new-resizer\/ROdoRmh-w1YYyZ3qZdqe4xMfO7A=\/1200x675\/filters:format(webp):quality(85)\/cloudfront-us-east-1.images.arcpublishing.com\/infobae\/ISKUJHTOVNE45GBJPP4LJK2FAQ.jpg 1200w,https:\/\/www.infobae.com\/new-resizer\/yWJIxwTJznQ6fyusAEyr5c4Epd4=\/1440x810\/filters:format(webp):quality(85)\/cloudfront-us-east-1.images.arcpublishing.com\/infobae\/ISKUJHTOVNE45GBJPP4LJK2FAQ.jpg 1440w\">Rodr\u00edguez Larreta con su ministro Fern\u00e1n Quir\u00f3s<\/p>\n\n\n\n<p><strong>El interrogante por los tiempos<\/strong><\/p>\n\n\n\n<p>Pero la decisi\u00f3n de Larreta de que las elecciones en la Ciudad sean con el sistema de Boleta \u00danica Electr\u00f3nica (BUE), enfrenta una serie de desaf\u00edos:&nbsp;<strong>con solo cuatro meses por delante, deber\u00e1 resolver las instancias de implementaci\u00f3n en determinados plazos, y con varios actores involucrados<\/strong>. Esto podr\u00eda llevarlo al impensable escenario de no poder cumplir con todos los t\u00e9rminos del anuncio.<\/p>\n\n\n\n<p>\u201c<strong>\u00bfSe contemplaron los tiempos del proceso de organizar una elecci\u00f3n el mismo d\u00eda, con boleta \u00fanica electr\u00f3nica por separado?<\/strong>&nbsp;pregunt\u00f3&nbsp;<strong>Infobae<\/strong>&nbsp;a uno de sus estrechos colaboradores. \u201cSe supone que s\u00ed\u201d, respondi\u00f3 sin animarse a garantizarlo.<\/p>\n\n\n\n<p>Ante la consulta formal al gobierno de la Ciudad de Buenos Aires, aseguraron que \u201cse llegar\u00e1 perfectamente con los plazos establecidos por la ley electoral para cumplir todos los requisitos de la licitaci\u00f3n p\u00fablica\u201d para la adquisici\u00f3n de las m\u00e1quinas emisoras de las boletas. Y afirmaron que \u201c<strong>se est\u00e1 dise\u00f1ando un cronograma operativo<\/strong>\u201d que estar\u00eda listo \u201centre lunes y martes pr\u00f3ximos\u201d.<\/p>\n\n\n\n<p><img decoding=\"async\" loading=\"lazy\" alt=\"Felipe Miguel, jefe de Gabinete porte\u00f1o, es quien est\u00e1 elaborando el cronograma del llamado a licitaci\u00f3n para la boleta \u00fanica electr\u00f3nica\" height=\"1080\" width=\"1920\" class=\"\" src=\"https:\/\/cloudfront-us-east-1.images.arcpublishing.com\/infobae\/RWICSYVN3FGAPH4WDPH3NHK6SE.jpg\" srcset=\"https:\/\/www.infobae.com\/new-resizer\/fg4xa0gFjwEV7edM0IFofEDy4Qc=\/420x236\/filters:format(webp):quality(85)\/cloudfront-us-east-1.images.arcpublishing.com\/infobae\/RWICSYVN3FGAPH4WDPH3NHK6SE.jpg 420w,https:\/\/www.infobae.com\/new-resizer\/fpsGJrFgQ-u6aq_Jul5MU-sznII=\/768x432\/filters:format(webp):quality(85)\/cloudfront-us-east-1.images.arcpublishing.com\/infobae\/RWICSYVN3FGAPH4WDPH3NHK6SE.jpg 768w,https:\/\/www.infobae.com\/new-resizer\/7GMH4dZDf_CrcAtBSkGT3tPlryk=\/992x558\/filters:format(webp):quality(85)\/cloudfront-us-east-1.images.arcpublishing.com\/infobae\/RWICSYVN3FGAPH4WDPH3NHK6SE.jpg 992w,https:\/\/www.infobae.com\/new-resizer\/sJZtLVkdUjrm5lQqZH3o1EUnDLM=\/1200x675\/filters:format(webp):quality(85)\/cloudfront-us-east-1.images.arcpublishing.com\/infobae\/RWICSYVN3FGAPH4WDPH3NHK6SE.jpg 1200w,https:\/\/www.infobae.com\/new-resizer\/d1VO3GsiFxKtZjwmACoOvKm9tJE=\/1440x810\/filters:format(webp):quality(85)\/cloudfront-us-east-1.images.arcpublishing.com\/infobae\/RWICSYVN3FGAPH4WDPH3NHK6SE.jpg 1440w\">Felipe Miguel, jefe de Gabinete porte\u00f1o, es quien est\u00e1 elaborando el cronograma del llamado a licitaci\u00f3n para la boleta \u00fanica electr\u00f3nica<\/p>\n\n\n\n<p><strong>Acuerdo en la Justicia electoral<\/strong><\/p>\n\n\n\n<p>En el decreto de convocatoria del 11 de abril \u00faltimo, Larreta dej\u00f3 consignado que \u201clos organismos electorales de la Ciudad Aut\u00f3noma de Buenos Aires deber\u00e1n acordar con la Justicia Electoral Nacional la coordinaci\u00f3n de competencias y los t\u00e9rminos de la concurrencia electoral, a efectos de celebrar elecciones nacionales y locales en la misma fecha y en el mismo local\u201d. Esto significa que el flamante&nbsp;<strong>Tribunal Electoral de la Ciudad, presidido por el juez Roberto Requejo<\/strong>, deber\u00e1 firmar un acuerdo con la jueza federal de la Capital con competencia electoral,&nbsp;<strong>Mar\u00eda Servini<\/strong>, para coordinar aspectos de la organizaci\u00f3n el mismo d\u00eda. Ese convenio debe ser luego aprobado por la&nbsp;<strong>C\u00e1mara Nacional Electoral (CNE)<\/strong>.<\/p>\n\n\n\n<p>Por ejemplo, si se compartir\u00e1n las autoridades de mesa para los comicios nacionales y los locales, o se requerir\u00e1 una autoridad de mesa adicional; si habr\u00e1 un refuerzo de personal para guiar a los votantes en el uso de la m\u00e1quina para imprimir la boleta \u00fanica electr\u00f3nica; qui\u00e9n va a custodiar las urnas de las elecciones locales; si hay que aumentar el personal de seguridad; o si se va a utilizar el mismo circuito de transporte de las urnas.<\/p>\n\n\n\n<p><strong>\u00bfSon habituales este tipo de convenios de colaboraci\u00f3n?<\/strong>&nbsp;pregunt\u00f3&nbsp;<strong>Infobae<\/strong>&nbsp;a una fuente judicial que conoce la materia. \u201cS\u00ed, siempre que hay elecciones provinciales, a\u00fan cuando son desdobladas en otra fecha. Con listas s\u00e1banas, son m\u00e1s sencillos; con las elecciones concurrentes, son m\u00e1s complejos porque hay m\u00e1s temas operativos a coordinar\u201d. As\u00ed ocurri\u00f3 por ejemplo en el caso de las elecciones en Santa Fe, en la que el acuerdo se hizo con el Tribunal Superior, o en la de Salta, con el juez electoral. La idea en el gobierno porte\u00f1o es replicar este \u00faltimo modelo.<\/p>\n\n\n\n<p><strong>\u00bfHay suficiente tiempo para firmar ese convenio?&nbsp;<\/strong>La coincidencia entre distintas fuentes es que los plazos est\u00e1n justos, o muy justos. Depender\u00e1 de la velocidad con la que se pueda concretar todo el proceso que estar\u00e1 a cargo del<strong>&nbsp;Instituto de Gesti\u00f3n Electoral (IGE)<\/strong>, creado en 2018 por la Ley 6031 del nuevo C\u00f3digo Electoral de la Ciudad.<\/p>\n\n\n\n<p><strong>El organismo que tendr\u00e1 un rol clave<\/strong><\/p>\n\n\n\n<p>El hasta ahora pr\u00e1cticamente desconocido IGE, a cargo de&nbsp;<strong>Ezio Emiliozzi<\/strong>, es el organismo en el que deber\u00e1n posarse todas las miradas, y que tendr\u00e1 un rol central en el cumplimiento del anuncio de Larreta. Fuentes de este organismo le dijeron a&nbsp;<strong>Infobae<\/strong>&nbsp;que \u201c<strong>est\u00e1n trabajando a toda marcha para que se pueda cumplir con los plazos<\/strong>\u201d. Emiliozzi fue nombrado en comisi\u00f3n en forma provisoria por un decreto de Rodr\u00edguez Larreta, ya que a\u00fan su nombramiento no tuvo acuerdo de la Legislatura con la mayor\u00eda especial de 40 votos requerida. Sin embargo, tiene experiencia en el tema por haber sido el anterior Director Electoral de la Ciudad.<\/p>\n\n\n\n<p>En su decreto,&nbsp;<strong>el jefe de Gobierno porte\u00f1o a deleg\u00f3 en el IGE la potestad de \u201cincorporar tecnolog\u00edas electr\u00f3nicas en el procedimiento de emisi\u00f3n del voto\u201d para implementar un \u201cSistema Electr\u00f3nico de Emisi\u00f3n de Boleta\u201d.<\/strong>&nbsp;Desde el gobierno porte\u00f1o aclaran que la<strong>&nbsp;Boleta \u00danica Electr\u00f3nica (BUE)<\/strong>&nbsp;\u201cno es equivalente a la urna electr\u00f3nica o el voto electr\u00f3nico, que tienen memorias dentro de la m\u00e1quina que guardan el voto. En la Boleta \u00danica Electr\u00f3nica (BUE), el elector elige sus candidatos en la pantalla, y la m\u00e1quina cumple la funci\u00f3n de una impresora, porque el voto que vale es el que est\u00e1 en el cart\u00f3n, que se ingresa a una urna\u201d. Luego se pueden hacer dos conteos: el manual con las boletas impresas en las urnas, o el electr\u00f3nico, ya que la boleta tiene un chip donde se guarda la informaci\u00f3n que hace que el voto y el recuento se realicen de esa forma tambi\u00e9n.<\/p>\n\n\n\n<p>En el organigrama, parad\u00f3jicamente,&nbsp;<strong>el IGE est\u00e1 bajo el Ministerio de Gobierno, cuyo titular es Jorge Macri<\/strong>, el \u00fanico precandidato del PRO que promueve el ex presidente Macri y el principal perjudicado por su decisi\u00f3n. Desde ese Ministerio explicaron que&nbsp;<strong>el IGE es un ente aut\u00e1rquico<\/strong>, y que si la candidatura de Jorge Macri se confirma, ser\u00e1 una \u201cdecisi\u00f3n indelegable del Jefe de Gobierno\u201d evaluar sacarlo de su \u00f3rbita. Hubo un antecedente en el orden nacional, cuando el ex ministro del Interior Florencio Randazzo fue candidato, y la Direcci\u00f3n Nacional Electoral (DINE) fue pasada al Ministerio de Justicia.<\/p>\n\n\n\n<p><img decoding=\"async\" loading=\"lazy\" alt=\"Jorge Macri, junto a Larreta. El lunes retoma su actividad despu\u00e9s de un viaje a EEUU (Foto NA: Marcelo Capece)\" height=\"1080\" width=\"1920\" class=\"\" src=\"https:\/\/cloudfront-us-east-1.images.arcpublishing.com\/infobae\/6Y7ZNTCKRFHUJD4XB7K3L77C4A.jpg\" srcset=\"https:\/\/www.infobae.com\/new-resizer\/pT2cnI3fJv__0xQGI55rL9gy4ug=\/420x236\/filters:format(webp):quality(85)\/cloudfront-us-east-1.images.arcpublishing.com\/infobae\/6Y7ZNTCKRFHUJD4XB7K3L77C4A.jpg 420w,https:\/\/www.infobae.com\/new-resizer\/A4yULxDXS9ol-BB_WyEVAFNJ-OU=\/768x432\/filters:format(webp):quality(85)\/cloudfront-us-east-1.images.arcpublishing.com\/infobae\/6Y7ZNTCKRFHUJD4XB7K3L77C4A.jpg 768w,https:\/\/www.infobae.com\/new-resizer\/MNmSKEDVyZOJMOPsz5I0o8bUEVM=\/992x558\/filters:format(webp):quality(85)\/cloudfront-us-east-1.images.arcpublishing.com\/infobae\/6Y7ZNTCKRFHUJD4XB7K3L77C4A.jpg 992w,https:\/\/www.infobae.com\/new-resizer\/V9ZcwwAyeqJjBQ-E59i7hhqSNUM=\/1200x675\/filters:format(webp):quality(85)\/cloudfront-us-east-1.images.arcpublishing.com\/infobae\/6Y7ZNTCKRFHUJD4XB7K3L77C4A.jpg 1200w,https:\/\/www.infobae.com\/new-resizer\/EriD9gBx_tyqYk_QJrhrabtjuPU=\/1440x810\/filters:format(webp):quality(85)\/cloudfront-us-east-1.images.arcpublishing.com\/infobae\/6Y7ZNTCKRFHUJD4XB7K3L77C4A.jpg 1440w\">Jorge Macri, junto a Larreta. El lunes retoma su actividad despu\u00e9s de un viaje a EEUU (Foto NA: Marcelo Capece)<\/p>\n\n\n\n<p><strong>Los obst\u00e1culos a sortear<\/strong><\/p>\n\n\n\n<p>Lo primero que har\u00e1 el IGE a comienzos de la semana pr\u00f3xima, ser\u00e1 convocar a las universidades p\u00fablicas y especializadas en tecnolog\u00eda &#8211; como la Universidad de Buenos Aires (UBA, la Universidad Tecnol\u00f3gica Nacional (UTN) o el Instituto Tecnol\u00f3gico de Buenos Aires (ITBA), entre otras &#8211; y a distintas ONGs vinculadas a temas electorales &#8211; como Poder Ciudadano o CIPPEC- para que participen de&nbsp;<strong>una auditor\u00eda sobre las empresas que se ofrezcan a prestar el servicio de la BUE.<\/strong><\/p>\n\n\n\n<p>Luego el IGE deber\u00e1 convocar a los oferentes interesados para que muestren sus diferentes sistemas electr\u00f3nicos para&nbsp;<strong>la emisi\u00f3n de voto, con soporte papel, el escrutinio de mesas y la transmisi\u00f3n de resultados provisorios<\/strong>. El objetivo es que puedan ser&nbsp;<strong>puestos a prueba y auditados por las universidades y ONG convocadas<\/strong>. Producto de esa auditor\u00eda &#8211; que tiene un plazo de 30 d\u00edas corridos &#8211; se definir\u00e1n qu\u00e9 prestadores cumplen con los requisitos de la ley para la emisi\u00f3n del sufragio v\u00eda electr\u00f3nica. Solo los aprobados podr\u00e1n inscribirse en el Registro de Proveedores del IGE y quedar\u00e1n habilitados a presentarse a la licitaci\u00f3n p\u00fablica.&nbsp;<strong>La aprobaci\u00f3n de los sistemas electr\u00f3nicos debe concretarse al menos 50 d\u00edas antes de los comicios<\/strong>. O sea en solo dos meses, con fecha tope el 24 de junio, la misma para el cierre de precandidaturas para las PASO.<\/p>\n\n\n\n<p>\u201cEn paralelo mientras se desarrolla este proceso de auditor\u00eda que demandar\u00e1 un mes se trabajar\u00e1 en la&nbsp;<strong>confecci\u00f3n de los pliegos para la licitaci\u00f3n<\/strong>. Deber\u00edan estar listos m\u00e1s o menos para cuando termine la auditor\u00eda\u201d, explicaron en el IGE a<strong>&nbsp;Infobae<\/strong>.<\/p>\n\n\n\n<p>M\u00e1s all\u00e1 de qu\u00e9 empresa se elija para proveer el servicio, \u201cel sistema de Boleta \u00danica Electr\u00f3nica ya fue utilizado en la Ciudad y cuenta con una auditor\u00eda de la Organizaci\u00f3n de los Estados Americanos (OEA)\u201d, aseguran en el gobierno porte\u00f1o.<\/p>\n\n\n\n<p>En los comicios locales de 2015, la empresa ganadora fue&nbsp;<strong>Magic Software Argentina (MSA)<\/strong>, que sufri\u00f3 un ingreso irregular en su sistema inform\u00e1tico pocos d\u00edas antes de la elecciones generales de ese a\u00f1o y implic\u00f3 una investigaci\u00f3n judicial. Desde distintas organizaciones de la sociedad civil denunciaron las vulnerabilidades del sistema. La firma es la misma que prest\u00f3 el servicio en varias elecciones en Salta, desde 2009, y en la Primarias en Chaco en 2017. Tambi\u00e9n lo har\u00e1 en la pr\u00f3xima elecci\u00f3n presidencial en Paraguay.<\/p>\n\n\n\n<p>La cantidad de m\u00e1quinas para elegir los candidatos a jefe de Gobierno, legisladores y comuneros, a su vez, plantea otro desaf\u00edo por su n\u00famero. Deber\u00e1n cubrir cerca de&nbsp;<strong>12.000 mesas<\/strong>, seg\u00fan las cifras definitivas del padr\u00f3n. En esta elecci\u00f3n se suma el voto para cargos locales de los extranjeros con residencia permanente en la Ciudad, que son unos 650.000.<\/p>\n\n\n\n<p><strong>\u00bfSe llegar\u00e1 con los tiempos?\u00a0<\/strong>En el gobierno porte\u00f1o aseguran que s\u00ed. \u00bf<strong>Si no se llega, se va a recurrir a la Boleta \u00danica papel?<\/strong>\u00a0\u201cHipot\u00e9ticamente s\u00ed\u201d, respondi\u00f3 uno de los expertos en materia electoral de la Ciudad consultados por\u00a0<strong>Infobae<\/strong>. As\u00ed las cosas, la decisi\u00f3n de Larreta no depender\u00e1 solo de su voluntad, sino de una suma de esfuerzos que, de no ser exitosos, lo pueden implicar un serio traspi\u00e9 pol\u00edtico en su campa\u00f1a de cara a sus aspiraciones presidenciales.<\/p>\n\n\n\n<p>Fuente: Infobae<\/p>\n","protected":false},"excerpt":{"rendered":"<div class=\"mh-excerpt\"><p>En su decisi\u00f3n de desdoblar las elecciones porte\u00f1as, Horacio Rodr\u00edguez Larreta adem\u00e1s de querer mostrar su \u201cautonom\u00eda\u201d como jefe de Gobierno porte\u00f1o, evidenci\u00f3 su voluntad de&nbsp;emanciparse&nbsp;dentro de la familia del PRO y de&nbsp;enfrentar, nada menos, que a su mentor pol\u00edtico, Mauricio Macri. Su anuncio de establecer la boleta \u00fanica para cargos locales desat\u00f3 la furia del ex presidente. Los reproches m\u00e1s duros fueron por no haberle \u201cavisado antes\u201d y considerar que esa estrategia beneficia al candidato del radicalismo&nbsp;Mart\u00edn Lousteau, en detrimento de su candidato y primo,&nbsp;Jorge Macri, como futuro sucesor en la Ciudad, el basti\u00f3n hist\u00f3rico del PRO. Una an\u00e9cdota <a class=\"mh-excerpt-more\" href=\"http:\/\/dsrmedios.com.ar\/diario\/archivos\/30985\" title=\"Rodr\u00edguez Larreta avanza en su autonom\u00eda frente a Macri, pero deber\u00e1 sortear una carrera contrarreloj para tener la Boleta \u00danica Electr\u00f3nica\">[Leer m\u00e1s]<\/a><\/p>\n<\/div>","protected":false},"author":6,"featured_media":30592,"comment_status":"open","ping_status":"closed","sticky":false,"template":"","format":"standard","meta":{"_jetpack_newsletter_access":""},"categories":[6],"tags":[],"jetpack_featured_media_url":"http:\/\/dsrmedios.com.ar\/diario\/wp-content\/uploads\/2023\/04\/larreta.png","jetpack_sharing_enabled":true,"jetpack_shortlink":"https:\/\/wp.me\/p9fihK-83L","_links":{"self":[{"href":"http:\/\/dsrmedios.com.ar\/diario\/wp-json\/wp\/v2\/posts\/30985"}],"collection":[{"href":"http:\/\/dsrmedios.com.ar\/diario\/wp-json\/wp\/v2\/posts"}],"about":[{"href":"http:\/\/dsrmedios.com.ar\/diario\/wp-json\/wp\/v2\/types\/post"}],"author":[{"embeddable":true,"href":"http:\/\/dsrmedios.com.ar\/diario\/wp-json\/wp\/v2\/users\/6"}],"replies":[{"embeddable":true,"href":"http:\/\/dsrmedios.com.ar\/diario\/wp-json\/wp\/v2\/comments?post=30985"}],"version-history":[{"count":1,"href":"http:\/\/dsrmedios.com.ar\/diario\/wp-json\/wp\/v2\/posts\/30985\/revisions"}],"predecessor-version":[{"id":30986,"href":"http:\/\/dsrmedios.com.ar\/diario\/wp-json\/wp\/v2\/posts\/30985\/revisions\/30986"}],"wp:featuredmedia":[{"embeddable":true,"href":"http:\/\/dsrmedios.com.ar\/diario\/wp-json\/wp\/v2\/media\/30592"}],"wp:attachment":[{"href":"http:\/\/dsrmedios.com.ar\/diario\/wp-json\/wp\/v2\/media?parent=30985"}],"wp:term":[{"taxonomy":"category","embeddable":true,"href":"http:\/\/dsrmedios.com.ar\/diario\/wp-json\/wp\/v2\/categories?post=30985"},{"taxonomy":"post_tag","embeddable":true,"href":"http:\/\/dsrmedios.com.ar\/diario\/wp-json\/wp\/v2\/tags?post=30985"}],"curies":[{"name":"wp","href":"https:\/\/api.w.org\/{rel}","templated":true}]}}