{"id":30980,"date":"2023-04-14T14:34:10","date_gmt":"2023-04-14T17:34:10","guid":{"rendered":"http:\/\/dsrmedios.com.ar\/diario\/?p=30980"},"modified":"2023-04-14T14:34:12","modified_gmt":"2023-04-14T17:34:12","slug":"inflacion-la-educacion-subio-291-el-mes-pasado-y-fue-el-rubro-del-ipc-que-mas-se-incremento-en-marzo","status":"publish","type":"post","link":"http:\/\/dsrmedios.com.ar\/diario\/archivos\/30980","title":{"rendered":"Inflaci\u00f3n: la educaci\u00f3n subi\u00f3 29,1% el mes pasado y fue el rubro del IPC que m\u00e1s se increment\u00f3 en marzo"},"content":{"rendered":"\n<p>El rubro educativo fue el que m\u00e1s aument\u00f3 en el \u00edndice de precios al consumidor (IPC) del mes pasado. El Indec inform\u00f3 que \u201cla divisi\u00f3n de mayor aumento en el mes fue Educaci\u00f3n (29,1%), por las subas en todos los niveles educativos al inicio del ciclo lectivo\u201d.<\/p>\n\n\n\n<p>En el trimestre, el rubro aument\u00f3 el 34,6% y en el \u00faltimo a\u00f1o el 96%. En particular, en el \u00e1rea metropolitana el aumento fue del 24,6 por ciento.<\/p>\n\n\n\n<p>Este aumento ocurri\u00f3 luego de que, a principios de febrero, en el marco del programa Precios Justos, el gobierno sellara un acuerdo para poner un tope a las cuotas de los colegios privados en el comienzo del ciclo lectivo 2023. Entonces el ministro de Econom\u00eda,&nbsp;<strong>Sergio Massa<\/strong>, junto al de Educaci\u00f3n,&nbsp;<strong>Jaime Perczyk<\/strong>, y representantes de las c\u00e1maras de colegios privados, acordaron un \u201caumento de inicio\u201d que no deb\u00eda superar el 16,38%, sobre el que luego se activar\u00eda un tope mensual del 3,35% para las cuotas, a regir hasta junio.<\/p>\n\n\n\n<figure class=\"wp-block-image\"><img decoding=\"async\" src=\"https:\/\/cloudfront-us-east-1.images.arcpublishing.com\/infobae\/GVQLEYHZMFB55O2GC3VOPV3GRM.jpg\" alt=\"infobae\"\/><\/figure>\n\n\n\n<p>\u201cFijamos, a partir de un acuerdo, una pauta de aumento que no supere la meta inflacionaria establecida en el Presupuesto. As\u00ed, se aplicar\u00e1 un aumento de inicio del 16,38% y luego del 3,35% hasta el mes de junio\u201d, dijo aquella vez el ministro, quien reconoci\u00f3 que muchos colegios preve\u00edan aumentos de entre 25 y 30% al comienzo del a\u00f1o. \u201cEn paralelo, el Estado va a hacer un esfuerzo en materia de lo que las provincias argentinas pagan en subsidios en Educaci\u00f3n. Tambi\u00e9n haremos un gran esfuerzo en establecer un sistema de tarifas de luz y de gas, similar al que tienen los clubes de barrio, para las escuelas de gesti\u00f3n privada y de esa forma colaborar con el esfuerzo que hacen esas instituciones\u201d, agreg\u00f3.<\/p>\n\n\n\n<p>En tanto, Perczyk agradeci\u00f3 \u201cel esfuerzo, el trabajo y el compromiso de los representantes de la educaci\u00f3n privada para dar previsibilidad a los aumentos de las cuotas de los colegios y llevar tranquilidad econ\u00f3mica a las familias\u201d. El titular de la cartera educativa detall\u00f3 adem\u00e1s que en el sistema de educaci\u00f3n argentino \u201cel 75% son establecimientos p\u00fablicos y el 25% restante privados, por eso agradecemos que se sumen a este acuerdo\u201d y consider\u00f3 el acuerdo que se hab\u00eda firmado \u201cun paso m\u00e1s hacia el inicio del pr\u00f3ximo ciclo lectivo\u201d, invitando a las 23 provincias y a la Ciudad de Buenos Aires a adherir al convenio.<\/p>\n\n\n\n<p>Fuente: Infobae<\/p>\n","protected":false},"excerpt":{"rendered":"<div class=\"mh-excerpt\"><p>El rubro educativo fue el que m\u00e1s aument\u00f3 en el \u00edndice de precios al consumidor (IPC) del mes pasado. El Indec inform\u00f3 que \u201cla divisi\u00f3n de mayor aumento en el mes fue Educaci\u00f3n (29,1%), por las subas en todos los niveles educativos al inicio del ciclo lectivo\u201d. En el trimestre, el rubro aument\u00f3 el 34,6% y en el \u00faltimo a\u00f1o el 96%. En particular, en el \u00e1rea metropolitana el aumento fue del 24,6 por ciento. Este aumento ocurri\u00f3 luego de que, a principios de febrero, en el marco del programa Precios Justos, el gobierno sellara un acuerdo para poner un <a class=\"mh-excerpt-more\" href=\"http:\/\/dsrmedios.com.ar\/diario\/archivos\/30980\" title=\"Inflaci\u00f3n: la educaci\u00f3n subi\u00f3 29,1% el mes pasado y fue el rubro del IPC que m\u00e1s se increment\u00f3 en marzo\">[Leer m\u00e1s]<\/a><\/p>\n<\/div>","protected":false},"author":6,"featured_media":11653,"comment_status":"open","ping_status":"closed","sticky":false,"template":"","format":"standard","meta":{"_jetpack_newsletter_access":""},"categories":[6,7],"tags":[],"jetpack_featured_media_url":"http:\/\/dsrmedios.com.ar\/diario\/wp-content\/uploads\/2019\/03\/escuela-rural.jpg","jetpack_sharing_enabled":true,"jetpack_shortlink":"https:\/\/wp.me\/p9fihK-83G","_links":{"self":[{"href":"http:\/\/dsrmedios.com.ar\/diario\/wp-json\/wp\/v2\/posts\/30980"}],"collection":[{"href":"http:\/\/dsrmedios.com.ar\/diario\/wp-json\/wp\/v2\/posts"}],"about":[{"href":"http:\/\/dsrmedios.com.ar\/diario\/wp-json\/wp\/v2\/types\/post"}],"author":[{"embeddable":true,"href":"http:\/\/dsrmedios.com.ar\/diario\/wp-json\/wp\/v2\/users\/6"}],"replies":[{"embeddable":true,"href":"http:\/\/dsrmedios.com.ar\/diario\/wp-json\/wp\/v2\/comments?post=30980"}],"version-history":[{"count":1,"href":"http:\/\/dsrmedios.com.ar\/diario\/wp-json\/wp\/v2\/posts\/30980\/revisions"}],"predecessor-version":[{"id":30981,"href":"http:\/\/dsrmedios.com.ar\/diario\/wp-json\/wp\/v2\/posts\/30980\/revisions\/30981"}],"wp:featuredmedia":[{"embeddable":true,"href":"http:\/\/dsrmedios.com.ar\/diario\/wp-json\/wp\/v2\/media\/11653"}],"wp:attachment":[{"href":"http:\/\/dsrmedios.com.ar\/diario\/wp-json\/wp\/v2\/media?parent=30980"}],"wp:term":[{"taxonomy":"category","embeddable":true,"href":"http:\/\/dsrmedios.com.ar\/diario\/wp-json\/wp\/v2\/categories?post=30980"},{"taxonomy":"post_tag","embeddable":true,"href":"http:\/\/dsrmedios.com.ar\/diario\/wp-json\/wp\/v2\/tags?post=30980"}],"curies":[{"name":"wp","href":"https:\/\/api.w.org\/{rel}","templated":true}]}}