{"id":30977,"date":"2023-04-14T14:32:34","date_gmt":"2023-04-14T17:32:34","guid":{"rendered":"http:\/\/dsrmedios.com.ar\/diario\/?p=30977"},"modified":"2023-04-14T14:32:38","modified_gmt":"2023-04-14T17:32:38","slug":"primera-reaccion-del-gobierno-ante-el-numero-de-inflacion-fue-el-peor-momento-y-comenzo-una-tendencia-a-la-baja","status":"publish","type":"post","link":"http:\/\/dsrmedios.com.ar\/diario\/archivos\/30977","title":{"rendered":"Primera reacci\u00f3n del Gobierno ante el n\u00famero de inflaci\u00f3n: \u201cFue el peor momento y comenz\u00f3 una tendencia a la baja\u201d"},"content":{"rendered":"\n<p>Minutos despu\u00e9s de que se conociera que la inflaci\u00f3n de marzo fue del 7,7%,&nbsp;<strong>Gabriela Cerruti<\/strong>, Portavoz de la Presidencia, se expres\u00f3 en sus redes sociales y fue la primera integrante del Gobierno en reaccionar ante un n\u00famero que marcar\u00e1 la agenda pol\u00edtica y econ\u00f3mica de los pr\u00f3ximos d\u00edas.<\/p>\n\n\n\n<p>\u201cEl n\u00famero que vemos hoy representa el peor momento del impacto de la&nbsp;<strong>guerra&nbsp;<\/strong>en los precios internacionales y la peor&nbsp;<strong>sequ\u00eda&nbsp;<\/strong>de la historia en el pa\u00eds. Sabemos, nos duele, nos ocupa, c\u00f3mo afecta la vida cotidiana y a cada familia\u201d, comenz\u00f3 Cerruti.<\/p>\n\n\n\n<p>Y complet\u00f3: \u201cEstamos redoblando esfuerzos, convencidos de que el camino es sostener el crecimiento y el orden que estamos logrando. Y sabemos que la mayor\u00eda de los an\u00e1lisis nos muestran que&nbsp;<strong>este fue el peor momento y que comenz\u00f3 una tendencia a la baja que esperamos ver reflejada pr\u00f3ximamente\u201d.<\/strong><\/p>\n\n\n\n<figure class=\"wp-block-image\"><img decoding=\"async\" src=\"https:\/\/cloudfront-us-east-1.images.arcpublishing.com\/infobae\/3O7TSAXZXNGXLCFYRFFEZTD7KY.jpg\" alt=\"infobae\"\/><\/figure>\n\n\n\n<p>El dato que oficialmente public\u00f3 el INDEC esta tarde volvi\u00f3 a marcar una&nbsp;<strong>suba respecto del mes anterior<\/strong>, cuando el registro se ubic\u00f3 en 6,6 por ciento. As\u00ed, el trimestre cerrar\u00e1 con una inflaci\u00f3n por encima de 21,7% acumulado, y alcanzar\u00e1 el<strong>&nbsp;104,3% para los \u00faltimos 12 meses.<\/strong><\/p>\n\n\n\n<p>El aumento de alimentos y bebidas no alcoh\u00f3licas (9,3%) fue el que m\u00e1s incidi\u00f3 en todas las regiones. Al interior de la divisi\u00f3n, sobresali\u00f3 la suba de carnes y derivados. A su vez, aunque con menor magnitud, se destacaron las subas en verduras, tub\u00e9rculos y legumbres, seguidas por leche, productos l\u00e1cteos y huevos; y finalmente por frutas.<\/p>\n\n\n\n<p>No obstante, la divisi\u00f3n de mayor aumento en el mes fue&nbsp;<strong>educaci\u00f3n&nbsp;<\/strong>(<strong>29,1%<\/strong>), por las subas en todos los niveles educativos al inicio del ciclo lectivo. En el trimestre, el rubro aument\u00f3 el 34,6% y en el \u00faltimo a\u00f1o el 96%. En particular, en el \u00e1rea metropolitana el aumento fue del 24,6%<\/p>\n\n\n\n<figure class=\"wp-block-image\"><img decoding=\"async\" src=\"https:\/\/cloudfront-us-east-1.images.arcpublishing.com\/infobae\/CE7KBT35TNGVLLMWB3PFNYAO7Y.jpg\" alt=\"infobae\"\/><\/figure>\n\n\n\n<p>Tras el anuncio, todo el arco opositor critic\u00f3 en duros t\u00e9rminos la pol\u00edtica econ\u00f3mica del Gobierno. Tambi\u00e9n salieron al cruce de las explicaciones de la Portavoz.<\/p>\n\n\n\n<p>\u201cNo fue la pandemia, no fue la guerra, no fue la sequ\u00eda. Fueron ustedes con la emisi\u00f3n y el gasto descontrolado.&nbsp;<strong>H\u00e1ganse cargo<\/strong>\u201d, contest\u00f3 el jefe de la bancada de diputados del PRO,&nbsp;<strong>Cristian Ritondo<\/strong>.<\/p>\n\n\n\n<p><img decoding=\"async\" loading=\"lazy\" alt=\" Los controles de precios no impidieron los fuertes aumentos en alimentos y bebidas\" height=\"450\" width=\"600\" class=\"\" src=\"https:\/\/arc-anglerfish-arc2-prod-infobae.s3.amazonaws.com\/public\/LBGV256HDFEJFJJQ2JCRSHDSGA\" srcset=\"https:\/\/www.infobae.com\/new-resizer\/Vv4Wz2rTnXGdTZcoaNfLz6Co6vQ=\/420x315\/filters:format(webp):quality(85)\/arc-anglerfish-arc2-prod-infobae.s3.amazonaws.com\/public\/LBGV256HDFEJFJJQ2JCRSHDSGA 420w,https:\/\/www.infobae.com\/new-resizer\/9fqdnpr0TjgEhsGWQ_9eajoyVro=\/768x576\/filters:format(webp):quality(85)\/arc-anglerfish-arc2-prod-infobae.s3.amazonaws.com\/public\/LBGV256HDFEJFJJQ2JCRSHDSGA 768w,https:\/\/www.infobae.com\/new-resizer\/T2iyNf_VsKfJ49pD7fJvyYVOzJU=\/992x744\/filters:format(webp):quality(85)\/arc-anglerfish-arc2-prod-infobae.s3.amazonaws.com\/public\/LBGV256HDFEJFJJQ2JCRSHDSGA 992w,https:\/\/www.infobae.com\/new-resizer\/OA22MRLPoh41G99Awhixrb-Xftg=\/1200x900\/filters:format(webp):quality(85)\/arc-anglerfish-arc2-prod-infobae.s3.amazonaws.com\/public\/LBGV256HDFEJFJJQ2JCRSHDSGA 1200w,https:\/\/www.infobae.com\/new-resizer\/lJOzAAym6y6D62NfC0sd60fFEQo=\/1440x1080\/filters:format(webp):quality(85)\/arc-anglerfish-arc2-prod-infobae.s3.amazonaws.com\/public\/LBGV256HDFEJFJJQ2JCRSHDSGA 1440w\">Los controles de precios no impidieron los fuertes aumentos en alimentos y bebidas<\/p>\n\n\n\n<p>El ministro de Econom\u00eda,&nbsp;<strong>Sergio Massa<\/strong>, se encuentra en Washington, Estados Unidos, donde lleva adelante una serie de reuniones con funcionarios del FMI y el Banco Mundial. Todav\u00eda no hizo declaraciones sobre el dato de inflaci\u00f3n.<\/p>\n\n\n\n<p>Massa ayer anunci\u00f3 cr\u00e9ditos por USD 1.100 millones: USD 600 millones del BID para temas vinculados con la salud, y USD 500 millones del Fondo Saudita para el Desarrollo, para infraestructura.<\/p>\n\n\n\n<p>Fuente: Infobae<\/p>\n","protected":false},"excerpt":{"rendered":"<div class=\"mh-excerpt\"><p>Minutos despu\u00e9s de que se conociera que la inflaci\u00f3n de marzo fue del 7,7%,&nbsp;Gabriela Cerruti, Portavoz de la Presidencia, se expres\u00f3 en sus redes sociales y fue la primera integrante del Gobierno en reaccionar ante un n\u00famero que marcar\u00e1 la agenda pol\u00edtica y econ\u00f3mica de los pr\u00f3ximos d\u00edas. \u201cEl n\u00famero que vemos hoy representa el peor momento del impacto de la&nbsp;guerra&nbsp;en los precios internacionales y la peor&nbsp;sequ\u00eda&nbsp;de la historia en el pa\u00eds. Sabemos, nos duele, nos ocupa, c\u00f3mo afecta la vida cotidiana y a cada familia\u201d, comenz\u00f3 Cerruti. Y complet\u00f3: \u201cEstamos redoblando esfuerzos, convencidos de que el camino es sostener <a class=\"mh-excerpt-more\" href=\"http:\/\/dsrmedios.com.ar\/diario\/archivos\/30977\" title=\"Primera reacci\u00f3n del Gobierno ante el n\u00famero de inflaci\u00f3n: \u201cFue el peor momento y comenz\u00f3 una tendencia a la baja\u201d\">[Leer m\u00e1s]<\/a><\/p>\n<\/div>","protected":false},"author":6,"featured_media":30978,"comment_status":"open","ping_status":"closed","sticky":false,"template":"","format":"standard","meta":{"_jetpack_newsletter_access":""},"categories":[6],"tags":[],"jetpack_featured_media_url":"http:\/\/dsrmedios.com.ar\/diario\/wp-content\/uploads\/2023\/04\/descarga-12.jpg","jetpack_sharing_enabled":true,"jetpack_shortlink":"https:\/\/wp.me\/p9fihK-83D","_links":{"self":[{"href":"http:\/\/dsrmedios.com.ar\/diario\/wp-json\/wp\/v2\/posts\/30977"}],"collection":[{"href":"http:\/\/dsrmedios.com.ar\/diario\/wp-json\/wp\/v2\/posts"}],"about":[{"href":"http:\/\/dsrmedios.com.ar\/diario\/wp-json\/wp\/v2\/types\/post"}],"author":[{"embeddable":true,"href":"http:\/\/dsrmedios.com.ar\/diario\/wp-json\/wp\/v2\/users\/6"}],"replies":[{"embeddable":true,"href":"http:\/\/dsrmedios.com.ar\/diario\/wp-json\/wp\/v2\/comments?post=30977"}],"version-history":[{"count":1,"href":"http:\/\/dsrmedios.com.ar\/diario\/wp-json\/wp\/v2\/posts\/30977\/revisions"}],"predecessor-version":[{"id":30979,"href":"http:\/\/dsrmedios.com.ar\/diario\/wp-json\/wp\/v2\/posts\/30977\/revisions\/30979"}],"wp:featuredmedia":[{"embeddable":true,"href":"http:\/\/dsrmedios.com.ar\/diario\/wp-json\/wp\/v2\/media\/30978"}],"wp:attachment":[{"href":"http:\/\/dsrmedios.com.ar\/diario\/wp-json\/wp\/v2\/media?parent=30977"}],"wp:term":[{"taxonomy":"category","embeddable":true,"href":"http:\/\/dsrmedios.com.ar\/diario\/wp-json\/wp\/v2\/categories?post=30977"},{"taxonomy":"post_tag","embeddable":true,"href":"http:\/\/dsrmedios.com.ar\/diario\/wp-json\/wp\/v2\/tags?post=30977"}],"curies":[{"name":"wp","href":"https:\/\/api.w.org\/{rel}","templated":true}]}}