{"id":30973,"date":"2023-04-14T14:27:16","date_gmt":"2023-04-14T17:27:16","guid":{"rendered":"http:\/\/dsrmedios.com.ar\/diario\/?p=30973"},"modified":"2023-04-14T14:27:20","modified_gmt":"2023-04-14T17:27:20","slug":"axel-kicillof-presento-un-ambicioso-plan-quinquenal-de-salud","status":"publish","type":"post","link":"http:\/\/dsrmedios.com.ar\/diario\/archivos\/30973","title":{"rendered":"Axel Kicillof present\u00f3 un ambicioso &#8220;Plan Quinquenal de Salud&#8221;"},"content":{"rendered":"\n<p>El gobierno de la provincia de Buenos Aires present\u00f3 los lineamientos de su<strong>&nbsp;\u201cPlan Quinquenal de la Salud\u201d&nbsp;<\/strong>que busca dejar como plataforma de trabajo de cara a un posible segundo mandato.<\/p>\n\n\n\n<p>Durante el cierre del Congreso provincial de salud en Mar del Plata, el gobernador&nbsp;<strong>Axel Kicillof<\/strong>&nbsp;y su ministro de Salud,&nbsp;<strong>Nicol\u00e1s Kreplak&nbsp;<\/strong>dieron a conocer&nbsp;<strong>algunos de los ejes de las pol\u00edticas sanitarias a futuro construidas a partir de diagn\u00f3sticos situacionales y la participaci\u00f3n de numerosas instituciones, profesionales y trabajadores que se dieron cita para debatir sobre pol\u00edticas sanitarias.<\/strong><\/p>\n\n\n\n<p>TE PUEDE INTERESAR<\/p>\n\n\n\n<p>De la presentaci\u00f3n tambi\u00e9n form\u00f3 parte la titular de Anses,&nbsp;<strong>Fernanda Raverta<\/strong>, quien recibi\u00f3 la bendici\u00f3n de Axel Kicillof de cara a su candidatura por la intendencia de Mar del Plata:&nbsp;<strong>\u201cLo que le falta a Mar del Plata es que la gobiernen como corresponde y ac\u00e1 la tenemos a Fer Raverta\u201d<\/strong>&nbsp;asegur\u00f3.<\/p>\n\n\n\n<h2>Los ejes de plan quinquenal de salud bonaerense<\/h2>\n\n\n\n<p>Fue el ministro de Salud bonaerense,&nbsp;<strong>Nicol\u00e1s Kreplak<\/strong>&nbsp;el encargado de dar a conocer los principales lineamientos de la propuesta creada en diferentes instancias de participaci\u00f3n regional con numerosos actores institucionales y que tuvo como corolario el congreso de salud en Mar del Plata con m\u00e1s de 13 mil inscriptos y 10 mil participantes.<\/p>\n\n\n\n<p>\u201cEs un d\u00eda muy importante. Nada de esto ser\u00eda posible si no fuera por lo que Axel nos pide y propone\u201d plante\u00f3 el funcionario y reivindic\u00f3 la creaci\u00f3n de \u201cun espacio com\u00fan para construir las pol\u00edticas sanitarias. Es el congreso de salud m\u00e1s multitudinario del que tenemos registro\u201d dijo.<\/p>\n\n\n\n<p>A la hora de detallar los ejes del plan quinquenal, se refiri\u00f3 a la carga simb\u00f3lica de la nomenclatura con referencias a Juan Domingo Per\u00f3n y Ram\u00f3n Carrillo.&nbsp;<strong>\u201cEste proyecto que tiene que ser defendido por todos y todas a partir de este a\u00f1o y por los pr\u00f3ximos cinco a\u00f1os\u201d.<\/strong><\/p>\n\n\n\n<p>Uno de las dimensiones es el&nbsp;<strong>an\u00e1lisis situaci\u00f3n de salud de la provincia<\/strong>. Habl\u00f3 de \u201cuna historia muy dif\u00edcil de los \u00faltimos cuatro a\u00f1os\u201d en el medio de \u201cmuchas d\u00e9cadas en donde el estado no tuvo capacidad de planificar\u201d.<\/p>\n\n\n\n<p><strong>Advirti\u00f3 que en materia de salud, los distritos m\u00e1s pobres tienen tres veces menos establecimientos con internaci\u00f3n, el 50% menos de CAPS y 80% menos de camas p\u00fablicas.<\/strong><\/p>\n\n\n\n<figure class=\"wp-block-image\"><img decoding=\"async\" src=\"https:\/\/media.infocielo.com\/p\/edb19c1e6b307c22a7932e3a8f99c5d1\/adjuntos\/299\/imagenes\/001\/605\/0001605478\/887x0\/smart\/kreplak-actopng.png\" alt=\"\"\/><\/figure>\n\n\n\n<p>Reconoci\u00f3 la \u201cdistribuci\u00f3n asim\u00e9trica en infraestructura\u201d producto del sistema coparticipaci\u00f3n y abog\u00f3 por \u201creglas claras para ver c\u00f3mo se acceden a la salud en los distritos. Barreras de acceso en distritos vecinos\u201d.<\/p>\n\n\n\n<p>Asegur\u00f3 que desde la actual gesti\u00f3n provincial se produjo una \u201crevoluci\u00f3n de la informaci\u00f3n sanitaria\u201d, \u201chubo mejoras salariales\u201d y \u201cen las condiciones de trabajo de los profesionales\u201d, adem\u00e1s de \u201ctriplicarse las camas de terapia intensiva\u201d y fortalecer la \u201cred de derivaciones\u201d<\/p>\n\n\n\n<h3>2- Objetivos del Plan<\/h3>\n\n\n\n<p>Construir una red de atenci\u00f3n y cuidados integrales de la salud que organice los procesos de atenci\u00f3n y garantice el acceso equitativo.<\/p>\n\n\n\n<p>Para ello consider\u00f3 necesario&nbsp;<strong>revisar el modelo de financimiento<\/strong>&nbsp;y&nbsp;<strong>fortalecer el fondo provincial de salud<\/strong>. En esa l\u00ednea, pidi\u00f3 un incremento del recupero de las prestaciones, los aportes del tesoro, del IOMA y las obras sociales para que la seguridad social \u201cayude al hospital p\u00fablico a desarrollar su oferta\u201d<\/p>\n\n\n\n<h3>2-1 Esquemas de Gobierno<\/h3>\n\n\n\n<p>Adem\u00e1s de la creaci\u00f3n Consejo Provincial del Salud este congreso, Nicol\u00e1s Kreplak remarc\u00f3 las acciones para revitalizar y recuperar los consejos regionales de salud&nbsp;<strong>\u201cpara definir las necesidades sanitaria y ver como se distribuyen los recursos. El Estado tiene que decir que s\u00ed y que no\u201d .<\/strong><\/p>\n\n\n\n<p>Otra dimensi\u00f3n apunta a los&nbsp;<strong>modelos de atenci\u00f3n<\/strong>. En ese sentido, consider\u00f3 que durante gestiones neoliberales \u201ccaen las consultas de cuidado y aumentan las consultas de emergencia\u201d.<\/p>\n\n\n\n<p>Pidi\u00f3 fortalecer \u201cun modelo que facilite el derecho a la salud\u201d con \u201csistemas de informaci\u00f3n integradas, turnos, cirug\u00edas para garantizar continuidad de los cuidados\u201d<\/p>\n\n\n\n<p>\u201c<strong>Es un proyecto que tiene que caminar a elaborar leyes, generar instituciones y \u00e1mbitos para la toma de decisiones. No se puede hacer en un escritorio, tengamos la historia y el compromiso\u201d&nbsp;<\/strong>cerr\u00f3.<\/p>\n\n\n\n<h2>Axel Kicillof \u201cNo se va a poder trasformar desde arriba, de prepo\u201d<\/h2>\n\n\n\n<p>A modo de cierre, habl\u00f3 el gobernador&nbsp;<strong>Axel Kicilllof,<\/strong>&nbsp;quien reivindic\u00f3 la discusi\u00f3n participativa como modalidad de gesti\u00f3n: \u201cEn salud de la provincia se ha puesto un m\u00e9todo de gobierno y luego lo empezamos a hacer en educaci\u00f3n con cabildos abiertos\u201d<\/p>\n\n\n\n<p><strong>\u201cSalimos a convocar a los actores de la salud, con su columna vertebral que son los trabajadores. El mejor programa que se dise\u00f1e en un pizarr\u00f3n carece del conocimiento material, vivo , no est\u00e1 separado de la pr\u00e1ctica. En estos congresos se est\u00e1 en estado de asamblea permanente\u201d<\/strong>&nbsp;sintetiz\u00f3.<\/p>\n\n\n\n<p>De cara a la contienda electoral, anticip\u00f3 las posibles cr\u00edticas de la oposici\u00f3n: \u201cVan a llover presuntos diagn\u00f3sticos que son criticas negadoras. Si uno quiere buscar problemas, carencias y deudas y hay para hacer dulce porque las dificultades tienen una ra\u00edz muy profunda y antigua\u201d se sincer\u00f3.<\/p>\n\n\n\n<figure class=\"wp-block-image\"><img decoding=\"async\" src=\"https:\/\/media.infocielo.com\/p\/81ccff1e19040783ea961017dc492b26\/adjuntos\/299\/imagenes\/001\/610\/0001610884\/887x0\/smart\/axel-kicillof-blinda-ioma-la-avanzada-intendentes-pro-no-jodan-la-salud-los-bonaerenses.png\" alt=\"Axel Kicillof blinda IOMA ante la avanzada de intendentes PRO: \u201cNo jodan con la salud de los bonaerenses\u201d\"\/><\/figure>\n\n\n\n<p>Axel Kicillof blinda IOMA ante la avanzada de intendentes PRO: \u201cNo jodan con la salud de los bonaerenses\u201d<\/p>\n\n\n\n<p>\u201cEs algo muy distinto una cr\u00edtica a un diagn\u00f3stico. Se dedicaron a destruir la salud y ahora ponen cara de sorpresa diciendo mira que mal que anda\u201d dijo y diferenci\u00f3 esos postulados de la cr\u00edticas internas de los actores de la salud:<strong>&nbsp;\u201cLo viven, lo sufren pero lo quieren y lo aman. No lo critican para destruirla\u201d<\/strong><\/p>\n\n\n\n<p>Por \u00faltimo pidi\u00f3 a los presentes compromiso para llevar a cabo las transformaciones: \u201cPara que ese cambio se pueda llevar a adelante tienen que estar convencidos. N<strong>o hay forma de plantear una transformaci\u00f3n de ra\u00edz del sistema de salud sino es a trav\u00e9s de una planificaci\u00f3n participativa, democr\u00e1tica y popular. No se va a poder trasformar desde arriba, de prepo, se va a hacer desde adentro, con convicci\u00f3n, con planificaci\u00f3n y con militancia\u201d<\/strong>\u00a0cerr\u00f3.<\/p>\n\n\n\n<p>Fuente: Infocielo<\/p>\n","protected":false},"excerpt":{"rendered":"<div class=\"mh-excerpt\"><p>El gobierno de la provincia de Buenos Aires present\u00f3 los lineamientos de su&nbsp;\u201cPlan Quinquenal de la Salud\u201d&nbsp;que busca dejar como plataforma de trabajo de cara a un posible segundo mandato. Durante el cierre del Congreso provincial de salud en Mar del Plata, el gobernador&nbsp;Axel Kicillof&nbsp;y su ministro de Salud,&nbsp;Nicol\u00e1s Kreplak&nbsp;dieron a conocer&nbsp;algunos de los ejes de las pol\u00edticas sanitarias a futuro construidas a partir de diagn\u00f3sticos situacionales y la participaci\u00f3n de numerosas instituciones, profesionales y trabajadores que se dieron cita para debatir sobre pol\u00edticas sanitarias. TE PUEDE INTERESAR De la presentaci\u00f3n tambi\u00e9n form\u00f3 parte la titular de Anses,&nbsp;Fernanda Raverta, quien <a class=\"mh-excerpt-more\" href=\"http:\/\/dsrmedios.com.ar\/diario\/archivos\/30973\" title=\"Axel Kicillof present\u00f3 un ambicioso &#8220;Plan Quinquenal de Salud&#8221;\">[Leer m\u00e1s]<\/a><\/p>\n<\/div>","protected":false},"author":6,"featured_media":13144,"comment_status":"open","ping_status":"closed","sticky":false,"template":"","format":"standard","meta":{"_jetpack_newsletter_access":""},"categories":[7],"tags":[],"jetpack_featured_media_url":"http:\/\/dsrmedios.com.ar\/diario\/wp-content\/uploads\/2019\/06\/axel2-1.jpg","jetpack_sharing_enabled":true,"jetpack_shortlink":"https:\/\/wp.me\/p9fihK-83z","_links":{"self":[{"href":"http:\/\/dsrmedios.com.ar\/diario\/wp-json\/wp\/v2\/posts\/30973"}],"collection":[{"href":"http:\/\/dsrmedios.com.ar\/diario\/wp-json\/wp\/v2\/posts"}],"about":[{"href":"http:\/\/dsrmedios.com.ar\/diario\/wp-json\/wp\/v2\/types\/post"}],"author":[{"embeddable":true,"href":"http:\/\/dsrmedios.com.ar\/diario\/wp-json\/wp\/v2\/users\/6"}],"replies":[{"embeddable":true,"href":"http:\/\/dsrmedios.com.ar\/diario\/wp-json\/wp\/v2\/comments?post=30973"}],"version-history":[{"count":1,"href":"http:\/\/dsrmedios.com.ar\/diario\/wp-json\/wp\/v2\/posts\/30973\/revisions"}],"predecessor-version":[{"id":30974,"href":"http:\/\/dsrmedios.com.ar\/diario\/wp-json\/wp\/v2\/posts\/30973\/revisions\/30974"}],"wp:featuredmedia":[{"embeddable":true,"href":"http:\/\/dsrmedios.com.ar\/diario\/wp-json\/wp\/v2\/media\/13144"}],"wp:attachment":[{"href":"http:\/\/dsrmedios.com.ar\/diario\/wp-json\/wp\/v2\/media?parent=30973"}],"wp:term":[{"taxonomy":"category","embeddable":true,"href":"http:\/\/dsrmedios.com.ar\/diario\/wp-json\/wp\/v2\/categories?post=30973"},{"taxonomy":"post_tag","embeddable":true,"href":"http:\/\/dsrmedios.com.ar\/diario\/wp-json\/wp\/v2\/tags?post=30973"}],"curies":[{"name":"wp","href":"https:\/\/api.w.org\/{rel}","templated":true}]}}