{"id":30953,"date":"2023-04-14T08:14:37","date_gmt":"2023-04-14T11:14:37","guid":{"rendered":"http:\/\/dsrmedios.com.ar\/diario\/?p=30953"},"modified":"2023-04-14T08:14:40","modified_gmt":"2023-04-14T11:14:40","slug":"jose-urtubey-toma-la-voz-de-los-empresarios-y-cuestiona-a-javier-milei-la-dolarizacion-es-absolutamente-inviable","status":"publish","type":"post","link":"http:\/\/dsrmedios.com.ar\/diario\/archivos\/30953","title":{"rendered":"Jos\u00e9 Urtubey toma la voz de los empresarios y cuestiona a Javier Milei: \u00abLa dolarizaci\u00f3n es absolutamente inviable\u00bb"},"content":{"rendered":"\n<p><strong><a href=\"https:\/\/elintransigente.com\/tag\/jose-urtubey\/\" target=\"_blank\" rel=\"noreferrer noopener\">Jos\u00e9 Urtubey<\/a><\/strong>, dirigente industrial de la&nbsp;<strong><a href=\"https:\/\/twitter.com\/UIAcomunicacion\" target=\"_blank\" rel=\"noreferrer noopener\">UIA<\/a><\/strong>, manifest\u00f3 que la&nbsp;<strong>dolarizaci\u00f3n&nbsp;<\/strong>que propone el precandidato a presidente de la Naci\u00f3n,&nbsp;<strong><a href=\"https:\/\/elintransigente.com\/tag\/javier-milei\/\" target=\"_blank\" rel=\"noreferrer noopener\">Javier Milei<\/a><\/strong>, es&nbsp;<strong>absolutamente inviable&nbsp;<\/strong>e inconstitucional al igual que la eliminaci\u00f3n del Banco Central. En ese sentido, Urtubey exigi\u00f3 un plan productivo y desarrollista con mayores consensos a nivel nacional.<\/p>\n\n\n\n<p>\u00abTodas las posiciones extremas son inconvenientes porque la Argentina necesita entrar en un transito de fuert\u00edsimo di\u00e1logo para poder sortear los problemas. Estas crisis que arrastramos son por distintas causas, pero se evidencian en la macroeconom\u00eda. La hoja de ruta va a necesitar de much\u00edsimos consensos y me parece que esas posturas son inadecuadas e indebidas\u00bb, arremeti\u00f3 Jos\u00e9 Urtubey en una entrevista para Radio 10.<\/p>\n\n\n\n<p>\u00abLo de Milei es un extremismo infundado, es decir, defender la eliminaci\u00f3n del Banco Central cuando pr\u00e1cticamente no hay ning\u00fan pa\u00eds del mundo que lo haga, adem\u00e1s,&nbsp;<strong>la dolarizaci\u00f3n es absolutamente inviable<\/strong>, inconstitucional e impracticable de la misma forma que romper la obra p\u00fablica\u00bb, afirm\u00f3 el hermano del exgobernador de Salta, Juan Manuel Urtubey.<\/p>\n\n\n\n<p>\u00abSon expresiones sin ning\u00fan tipo de fundamento y me parece que es un candidato que no est\u00e1 preparado para la realidad de la Argentina porque esas posturas ni siquiera las veo en las m\u00e1s extremas del mundo. Ac\u00e1 estamos frente al abismo directamente y eso es lo que me llama la atenci\u00f3n cuando escucho algunos del mundo empresario que le dan alguna cabida\u00bb, dispar\u00f3 el dirigente de 47 a\u00f1os.<\/p>\n\n\n\n<p>\u00abCuando te inclinas a un desarrollo sostenible estas en contra de estos extremos. No te olvides aquel refr\u00e1n: a r\u00edo revuelto, ganancia del pescador. No vaya a ser que atr\u00e1s de estas pol\u00edticas absolutamente extremistas hayan quienes pretendan beneficiarse por el caos al cual van a llevar a la Argentina. Hay que tener la madurez suficiente para lograr consensos y salir de los extremos\u00bb, insisti\u00f3 el empresario que es director de Celulosa Argentina, una compa\u00f1\u00eda argentina l\u00edder del sector foresto-industrial.<\/p>\n\n\n\n<p>\u00abNo resiste an\u00e1lisis desde mi punto de vista (la dolarizaci\u00f3n) y no tiene que ver con la caracterizaci\u00f3n personal de Milei, me parece una buena persona en t\u00e9rminos de lo poco que lo conozco personalmente, pero lo que propone es un extremo infundado y son posturas que rayan en lo absurdo. Es indudable que hay que corregir la macroeconom\u00eda, ahora el transito tiene que ser con una lectura productivista y desarrollista\u00bb, concluy\u00f3.<\/p>\n\n\n\n<p>Fuente: El Intransigente<\/p>\n","protected":false},"excerpt":{"rendered":"<div class=\"mh-excerpt\"><p>Jos\u00e9 Urtubey, dirigente industrial de la&nbsp;UIA, manifest\u00f3 que la&nbsp;dolarizaci\u00f3n&nbsp;que propone el precandidato a presidente de la Naci\u00f3n,&nbsp;Javier Milei, es&nbsp;absolutamente inviable&nbsp;e inconstitucional al igual que la eliminaci\u00f3n del Banco Central. En ese sentido, Urtubey exigi\u00f3 un plan productivo y desarrollista con mayores consensos a nivel nacional. \u00abTodas las posiciones extremas son inconvenientes porque la Argentina necesita entrar en un transito de fuert\u00edsimo di\u00e1logo para poder sortear los problemas. Estas crisis que arrastramos son por distintas causas, pero se evidencian en la macroeconom\u00eda. La hoja de ruta va a necesitar de much\u00edsimos consensos y me parece que esas posturas son inadecuadas e <a class=\"mh-excerpt-more\" href=\"http:\/\/dsrmedios.com.ar\/diario\/archivos\/30953\" title=\"Jos\u00e9 Urtubey toma la voz de los empresarios y cuestiona a Javier Milei: \u00abLa dolarizaci\u00f3n es absolutamente inviable\u00bb\">[Leer m\u00e1s]<\/a><\/p>\n<\/div>","protected":false},"author":6,"featured_media":30954,"comment_status":"open","ping_status":"closed","sticky":false,"template":"","format":"standard","meta":{"_jetpack_newsletter_access":""},"categories":[6],"tags":[],"jetpack_featured_media_url":"http:\/\/dsrmedios.com.ar\/diario\/wp-content\/uploads\/2023\/04\/images-6.jpg","jetpack_sharing_enabled":true,"jetpack_shortlink":"https:\/\/wp.me\/p9fihK-83f","_links":{"self":[{"href":"http:\/\/dsrmedios.com.ar\/diario\/wp-json\/wp\/v2\/posts\/30953"}],"collection":[{"href":"http:\/\/dsrmedios.com.ar\/diario\/wp-json\/wp\/v2\/posts"}],"about":[{"href":"http:\/\/dsrmedios.com.ar\/diario\/wp-json\/wp\/v2\/types\/post"}],"author":[{"embeddable":true,"href":"http:\/\/dsrmedios.com.ar\/diario\/wp-json\/wp\/v2\/users\/6"}],"replies":[{"embeddable":true,"href":"http:\/\/dsrmedios.com.ar\/diario\/wp-json\/wp\/v2\/comments?post=30953"}],"version-history":[{"count":1,"href":"http:\/\/dsrmedios.com.ar\/diario\/wp-json\/wp\/v2\/posts\/30953\/revisions"}],"predecessor-version":[{"id":30955,"href":"http:\/\/dsrmedios.com.ar\/diario\/wp-json\/wp\/v2\/posts\/30953\/revisions\/30955"}],"wp:featuredmedia":[{"embeddable":true,"href":"http:\/\/dsrmedios.com.ar\/diario\/wp-json\/wp\/v2\/media\/30954"}],"wp:attachment":[{"href":"http:\/\/dsrmedios.com.ar\/diario\/wp-json\/wp\/v2\/media?parent=30953"}],"wp:term":[{"taxonomy":"category","embeddable":true,"href":"http:\/\/dsrmedios.com.ar\/diario\/wp-json\/wp\/v2\/categories?post=30953"},{"taxonomy":"post_tag","embeddable":true,"href":"http:\/\/dsrmedios.com.ar\/diario\/wp-json\/wp\/v2\/tags?post=30953"}],"curies":[{"name":"wp","href":"https:\/\/api.w.org\/{rel}","templated":true}]}}